{"id":557148,"date":"2025-11-25T07:47:15","date_gmt":"2025-11-25T07:47:15","guid":{"rendered":"https:\/\/www.europesays.com\/fr\/557148\/"},"modified":"2025-11-25T07:47:15","modified_gmt":"2025-11-25T07:47:15","slug":"techfest-dix-projets-issus-de-labos-a-decouvrir-sur-le-pavillon-iforum","status":"publish","type":"post","link":"https:\/\/www.europesays.com\/fr\/557148\/","title":{"rendered":"tech&#038;fest. Dix projets issus de labos \u00e0 d\u00e9couvrir sur le pavillon\u00a0iForum"},"content":{"rendered":"<p>Sur tech&amp;fest, les 4 et 5 f\u00e9vrier prochains, le iForum va mettre en avant dix projets en \u00e9mergence\u00a0issus de laboratoires du territoire grenoblois.\u00a0Apr\u00e8s un appel \u00e0 manifestation d&rsquo;int\u00e9r\u00eat,\u00a0ces dix iniatiatives vont pouvoir\u00a0\u00eatre expos\u00e9es sur le pavillon du iForum.\u00a0<\/p>\n<p>\u00a0<\/p>\n<p>Les projets en deux phrases<\/p>\n<p>Issu du laboratoire Strobe, <strong>ArXimed<\/strong> permet d&rsquo;imager les gencives, les nerfs et les vaisseaux, chose impossible jusque-l\u00e0 en imagerie dentaire<\/p>\n<p>Issu de BioSant\u00e9, <strong>BAM<\/strong> est un biomat\u00e9riau 3D qui imite les cellules humaines, ainsi on pourrait s&rsquo;en servir pour la recherche et pour tester des traitements, acc\u00e9l\u00e9rant ainsi la m\u00e9decine personnalis\u00e9e.<\/p>\n<p>Issu de l&rsquo;Inria, <strong>SuperBlabla<\/strong> d\u00e9tecte pr\u00e9coc\u00e9ment les troubles du langage chez l&rsquo;enfant et renforce le travail fait avec l&rsquo;orthophoniste.<\/p>\n<p>Issu de Braintech lab, <strong>Totem<\/strong> cr\u00e9e un avatar 3D d&rsquo;une tumeur (son architecture, son environnement, la diversit\u00e9 cellulaire&#8230;) en quelques minutes.<\/p>\n<p>Issu du LGP2, <strong>Injectose<\/strong> remplace le plastique par des p\u00e2tes fibreuses de la fili\u00e8re papier et carton et pourtant&#8230; on garde les m\u00eames moules par injection. Injectose est aussi <a href=\"https:\/\/www.ledauphine.com\/economie\/2025\/10\/01\/les-laureats-du-prix-deep-impact-sont\" target=\"_blank\" rel=\"nofollow noopener\">laur\u00e9at du prix Deep Impact de Linksium<\/a>.<\/p>\n<p>Issu de G-Scop,\u00a0<strong>SusInnoS<\/strong> est une plateforme num\u00e9rique qui\u00a0facilite le pilotage de strat\u00e9gies circulaires durables et rentables. Ce projet\u00a0est aussi\u00a0<a href=\"https:\/\/www.ledauphine.com\/economie\/2025\/10\/01\/les-laureats-du-prix-deep-impact-sont\" target=\"_blank\" rel=\"nofollow noopener\">laur\u00e9at du prix Deep Impact de Linksium<\/a>.<\/p>\n<p>Issu de Verimag, <strong>BVSec<\/strong> analyse et d\u00e9tecte les failles et les codes malveillants dans les logiciels.<\/p>\n<p>Issu de l&rsquo;Inria, <strong>Cygon<\/strong> automatise une partie de la cr\u00e9ation d&rsquo;environnements 3D immersifs.\u00a0Ils sont suivis et <a href=\"https:\/\/www.ledauphine.com\/education\/2025\/11\/05\/pepite-ozer-les-etudiants-entrepreneurs-a-l-honneur\" target=\"_blank\" rel=\"nofollow noopener\">encourag\u00e9s financi\u00e8rement par le P\u00e9pite oZer<\/a>.\u00a0<\/p>\n<p>Issu de ISTerre, <strong>Safe Seismic<\/strong> propose de suivre le trafic routier \u00e0 partir d&rsquo;une analyse sismique et promet d&rsquo;\u00eatre dix fois moins cher que les syst\u00e8mes utilis\u00e9s aujourd&rsquo;hui.<\/p>\n<p>Issu du Lig, <strong>Zelinqa<\/strong> est un agent conversationnel qui promet de combiner souveraint\u00e9, sp\u00e9cialisation m\u00e9tier et frugalit\u00e9.<\/p>\n","protected":false},"excerpt":{"rendered":"Sur tech&amp;fest, les 4 et 5 f\u00e9vrier prochains, le iForum va mettre en avant dix projets en \u00e9mergence\u00a0issus&hellip;\n","protected":false},"author":2,"featured_media":557149,"comment_status":"","ping_status":"","sticky":false,"template":"","format":"standard","meta":{"footnotes":""},"categories":[9566],"tags":[1111,11,2430,9810,33,112,1777,674,1011,27,2731,2732,108,12,25,20932],"class_list":{"0":"post-557148","1":"post","2":"type-post","3":"status-publish","4":"format-standard","5":"has-post-thumbnail","7":"category-grenoble","8":"tag-actu","9":"tag-actualites","10":"tag-auvergne-rhone-alpes","11":"tag-direct-entreprises","12":"tag-economie","13":"tag-edition-grenoble-agglomeration","14":"tag-eu","15":"tag-europe","16":"tag-fr","17":"tag-france","18":"tag-grenoble","19":"tag-grenoble-bassin","20":"tag-isere","21":"tag-news","22":"tag-republique-francaise","23":"tag-tech-and-fest"},"share_on_mastodon":{"url":"https:\/\/pubeurope.com\/@fr\/115609235893909095","error":""},"_links":{"self":[{"href":"https:\/\/www.europesays.com\/fr\/wp-json\/wp\/v2\/posts\/557148","targetHints":{"allow":["GET"]}}],"collection":[{"href":"https:\/\/www.europesays.com\/fr\/wp-json\/wp\/v2\/posts"}],"about":[{"href":"https:\/\/www.europesays.com\/fr\/wp-json\/wp\/v2\/types\/post"}],"author":[{"embeddable":true,"href":"https:\/\/www.europesays.com\/fr\/wp-json\/wp\/v2\/users\/2"}],"replies":[{"embeddable":true,"href":"https:\/\/www.europesays.com\/fr\/wp-json\/wp\/v2\/comments?post=557148"}],"version-history":[{"count":0,"href":"https:\/\/www.europesays.com\/fr\/wp-json\/wp\/v2\/posts\/557148\/revisions"}],"wp:featuredmedia":[{"embeddable":true,"href":"https:\/\/www.europesays.com\/fr\/wp-json\/wp\/v2\/media\/557149"}],"wp:attachment":[{"href":"https:\/\/www.europesays.com\/fr\/wp-json\/wp\/v2\/media?parent=557148"}],"wp:term":[{"taxonomy":"category","embeddable":true,"href":"https:\/\/www.europesays.com\/fr\/wp-json\/wp\/v2\/categories?post=557148"},{"taxonomy":"post_tag","embeddable":true,"href":"https:\/\/www.europesays.com\/fr\/wp-json\/wp\/v2\/tags?post=557148"}],"curies":[{"name":"wp","href":"https:\/\/api.w.org\/{rel}","templated":true}]}}