{"id":557150,"date":"2025-11-25T07:48:13","date_gmt":"2025-11-25T07:48:13","guid":{"rendered":"https:\/\/www.europesays.com\/fr\/557150\/"},"modified":"2025-11-25T07:48:13","modified_gmt":"2025-11-25T07:48:13","slug":"alain-carignon-demande-a-la-metropole-de-suspendre-le-chantier-de-la-place-de-metz-jusquaux-municipales","status":"publish","type":"post","link":"https:\/\/www.europesays.com\/fr\/557150\/","title":{"rendered":"Alain Carignon demande \u00e0 la M\u00e9tropole de suspendre le chantier de la place de Metz jusqu\u2019aux municipales"},"content":{"rendered":"<p itemprop=\"description\"><strong>Le retard du chantier de la place de Metz, d\u00e9sormais annonc\u00e9 au mieux pour ao\u00fbt 2026, offre selon <a href=\"https:\/\/www.grenoblemag.com\/profil-personnalite-lyonnaise\/2\/alain-carignon\" target=\"_blank\" rel=\"noopener\">Alain Carignon<\/a> une \u00ab\u00a0opportunit\u00e9 d\u00e9mocratique\u00a0\u00bb.<\/strong><\/p>\n<p>Dans un courrier adress\u00e9 ce lundi au vice-pr\u00e9sident de la M\u00e9tropole Sylvain Laval, l\u2019ancien maire de Grenoble et candidat aux \u00e9lections municipales appelle \u00e0 geler le projet actuel pour permettre \u00e0 la future \u00e9quipe \u00e9lue en mars de trancher sur l\u2019am\u00e9nagement d\u00e9finitif de la place.<\/p>\n<p>Alain Carignon affirme qu\u2019un architecte du quartier a pr\u00e9sent\u00e9 une alternative conciliant v\u00e9g\u00e9talisation et maintien d\u2019au moins 22 places de stationnement, afin de pr\u00e9server l\u2019activit\u00e9 commerciale et de r\u00e9pondre aux besoins li\u00e9s aux c\u00e9r\u00e9monies de l\u2019\u00e9glise Saint-Joseph. Il demande officiellement que cette proposition soit \u00ab\u00a0prise en compte\u00a0\u00bb dans la r\u00e9vision du calendrier du chantier.<\/p>\n<p>Le candidat oppose deux sc\u00e9narios : si les Grenoblois \u00ab\u00a0choisissent la continuit\u00e9\u00a0\u00bb de la majorit\u00e9 actuelle en votant pour <a href=\"https:\/\/www.grenoblemag.com\/profil-personnalite-lyonnaise\/13\/laurence-ruffin\" target=\"_blank\" rel=\"noopener\">Laurence Ruffin<\/a>, le projet initial pourra se poursuivre sans modification. Mais en cas d\u2019alternance, la nouvelle municipalit\u00e9 serait alors \u00ab\u00a0mandat\u00e9e pour r\u00e9viser\u00a0\u00bb l\u2019am\u00e9nagement. Pour Alain Carignon, suspendre la phase suivante des travaux \u00e9viterait alors des d\u00e9penses suppl\u00e9mentaires pour les contribuables.<\/p>\n<p>Dans sa lettre, il rappelle que la M\u00e9tropole avait d\u00e9j\u00e0 ajust\u00e9 le calendrier d\u2019un autre projet, celui de la mise en sens unique du cours Berriat, afin de laisser la possibilit\u00e9 \u00e0 une future \u00e9quipe municipale de maintenir le double sens sur une portion du trac\u00e9.<\/p>\n<p>Le candidat conclut en demandant \u00e0 la M\u00e9tropole de \u00ab\u00a0laisser s\u2019exprimer les Grenoblois\u00a0\u00bb via les urnes, afin que l\u2019am\u00e9nagement final de la place de Metz refl\u00e8te les attentes des habitants et commer\u00e7ants du secteur.<\/p>\n<p>Pour rappel, des commer\u00e7ants et habitants oppos\u00e9s au projet avaient saisi le tribunal administratif de Grenoble, d\u00e9non\u00e7ant la disparition du stationnement pour transformer la place de Metz en \u00ab\u00a0place jardin\u00a0\u00bb. Mais la justice avait rejet\u00e9 leur requ\u00eate en septembre dernier.<\/p>\n","protected":false},"excerpt":{"rendered":"Le retard du chantier de la place de Metz, d\u00e9sormais annonc\u00e9 au mieux pour ao\u00fbt 2026, offre selon&hellip;\n","protected":false},"author":2,"featured_media":557151,"comment_status":"","ping_status":"","sticky":false,"template":"","format":"standard","meta":{"footnotes":""},"categories":[9566],"tags":[1111,11,2813,2430,1109,251,1112,2811,1777,674,118,1011,27,21780,2731,14004,1922,1110,1114,108,12,316,25,2812,517,800],"class_list":{"0":"post-557150","1":"post","2":"type-post","3":"status-publish","4":"format-standard","5":"has-post-thumbnail","7":"category-grenoble","8":"tag-actu","9":"tag-actualites","10":"tag-article","11":"tag-auvergne-rhone-alpes","12":"tag-breves","13":"tag-culture","14":"tag-depeches","15":"tag-economique","16":"tag-eu","17":"tag-europe","18":"tag-faits-divers","19":"tag-fr","20":"tag-france","21":"tag-gf38","22":"tag-grenoble","23":"tag-grenoblemag","24":"tag-info","25":"tag-informations","26":"tag-infos","27":"tag-isere","28":"tag-news","29":"tag-politique","30":"tag-republique-francaise","31":"tag-sociale","32":"tag-sport","33":"tag-transports"},"share_on_mastodon":{"url":"https:\/\/pubeurope.com\/@fr\/115609239845011902","error":""},"_links":{"self":[{"href":"https:\/\/www.europesays.com\/fr\/wp-json\/wp\/v2\/posts\/557150","targetHints":{"allow":["GET"]}}],"collection":[{"href":"https:\/\/www.europesays.com\/fr\/wp-json\/wp\/v2\/posts"}],"about":[{"href":"https:\/\/www.europesays.com\/fr\/wp-json\/wp\/v2\/types\/post"}],"author":[{"embeddable":true,"href":"https:\/\/www.europesays.com\/fr\/wp-json\/wp\/v2\/users\/2"}],"replies":[{"embeddable":true,"href":"https:\/\/www.europesays.com\/fr\/wp-json\/wp\/v2\/comments?post=557150"}],"version-history":[{"count":0,"href":"https:\/\/www.europesays.com\/fr\/wp-json\/wp\/v2\/posts\/557150\/revisions"}],"wp:featuredmedia":[{"embeddable":true,"href":"https:\/\/www.europesays.com\/fr\/wp-json\/wp\/v2\/media\/557151"}],"wp:attachment":[{"href":"https:\/\/www.europesays.com\/fr\/wp-json\/wp\/v2\/media?parent=557150"}],"wp:term":[{"taxonomy":"category","embeddable":true,"href":"https:\/\/www.europesays.com\/fr\/wp-json\/wp\/v2\/categories?post=557150"},{"taxonomy":"post_tag","embeddable":true,"href":"https:\/\/www.europesays.com\/fr\/wp-json\/wp\/v2\/tags?post=557150"}],"curies":[{"name":"wp","href":"https:\/\/api.w.org\/{rel}","templated":true}]}}