{"id":557156,"date":"2025-11-25T07:51:20","date_gmt":"2025-11-25T07:51:20","guid":{"rendered":"https:\/\/www.europesays.com\/fr\/557156\/"},"modified":"2025-11-25T07:51:20","modified_gmt":"2025-11-25T07:51:20","slug":"ostwald-deux-enseignes-bistronomiques-ouvrent-dans-la-meme-rue-a-quelques-jours-dintervalle","status":"publish","type":"post","link":"https:\/\/www.europesays.com\/fr\/557156\/","title":{"rendered":"Ostwald. Deux enseignes bistronomiques ouvrent dans la m\u00eame rue \u00e0 quelques jours d\u2019intervalle"},"content":{"rendered":"<p>Il s\u2019en est fallu de peu pour que le 9 et le 15 de la rue Pierre-et-Marie-Curie rallument fours et pianos \u00e0 la m\u00eame date. Le premier, le Bistrot de la Vigie , a lev\u00e9 le rideau le 3\u00a0octobre. \u00c9videmment le second a opt\u00e9 pour le 15. Hautement recommandables, les deux enseignes revendiquent une cuisine bistronomique, \u00e0 base de produits frais de qualit\u00e9, travaill\u00e9s sur place. Mais chacune raconte une autre histoire.<\/p>\n<p>On change tout et on repart<\/p>\n<p> \u25b6 \u2002L\u2019an pass\u00e9, le Bistrot de la Vigie \u00a0portait encore l\u2019enseigne du Bistro R\u00e9gent , monotone franchise. \u00c0 la recherche d\u2019un lieu o\u00f9 poser leurs couverts, Rapha\u00ebl Calot et Louis Simon ont visit\u00e9 en f\u00e9vrier ce local qui se fond dans la zone d\u2019activit\u00e9\u00a0: sans charme, mais bien situ\u00e9, avec possibilit\u00e9 de stationner chez Leroy Merlin. \u00ab\u00a0On voulait surtout de l\u2019espace et fuir les secteurs d\u2019habitation pour ne pas avoir d\u2019ennuis avec le voisinage\u00a0\u00bb, racontent les associ\u00e9s qui misent sur \u00ab\u00a0l\u2019\u00e9v\u00e9nementiel, le festif\u00a0\u00bb\u00a0: soir\u00e9es com\u00e9die club, concerts o\u00f9 l\u2019on&#8230;<\/p>\n","protected":false},"excerpt":{"rendered":"Il s\u2019en est fallu de peu pour que le 9 et le 15 de la rue Pierre-et-Marie-Curie rallument&hellip;\n","protected":false},"author":2,"featured_media":557157,"comment_status":"","ping_status":"","sticky":false,"template":"","format":"standard","meta":{"footnotes":""},"categories":[2820],"tags":[1111,11,1477,33,2880,1777,674,107,1011,27,775,12,6611,25,640,3089],"class_list":{"0":"post-557156","1":"post","2":"type-post","3":"status-publish","4":"format-standard","5":"has-post-thumbnail","7":"category-strasbourg","8":"tag-actu","9":"tag-actualites","10":"tag-artisanat","11":"tag-economie","12":"tag-edition-strasbourg","13":"tag-eu","14":"tag-europe","15":"tag-fil-info","16":"tag-fr","17":"tag-france","18":"tag-grand-est","19":"tag-news","20":"tag-ostwald","21":"tag-republique-francaise","22":"tag-strasbourg","23":"tag-strasbourg-sud"},"share_on_mastodon":{"url":"https:\/\/pubeurope.com\/@fr\/115609251702851979","error":""},"_links":{"self":[{"href":"https:\/\/www.europesays.com\/fr\/wp-json\/wp\/v2\/posts\/557156","targetHints":{"allow":["GET"]}}],"collection":[{"href":"https:\/\/www.europesays.com\/fr\/wp-json\/wp\/v2\/posts"}],"about":[{"href":"https:\/\/www.europesays.com\/fr\/wp-json\/wp\/v2\/types\/post"}],"author":[{"embeddable":true,"href":"https:\/\/www.europesays.com\/fr\/wp-json\/wp\/v2\/users\/2"}],"replies":[{"embeddable":true,"href":"https:\/\/www.europesays.com\/fr\/wp-json\/wp\/v2\/comments?post=557156"}],"version-history":[{"count":0,"href":"https:\/\/www.europesays.com\/fr\/wp-json\/wp\/v2\/posts\/557156\/revisions"}],"wp:featuredmedia":[{"embeddable":true,"href":"https:\/\/www.europesays.com\/fr\/wp-json\/wp\/v2\/media\/557157"}],"wp:attachment":[{"href":"https:\/\/www.europesays.com\/fr\/wp-json\/wp\/v2\/media?parent=557156"}],"wp:term":[{"taxonomy":"category","embeddable":true,"href":"https:\/\/www.europesays.com\/fr\/wp-json\/wp\/v2\/categories?post=557156"},{"taxonomy":"post_tag","embeddable":true,"href":"https:\/\/www.europesays.com\/fr\/wp-json\/wp\/v2\/tags?post=557156"}],"curies":[{"name":"wp","href":"https:\/\/api.w.org\/{rel}","templated":true}]}}