{"id":557160,"date":"2025-11-25T07:53:16","date_gmt":"2025-11-25T07:53:16","guid":{"rendered":"https:\/\/www.europesays.com\/fr\/557160\/"},"modified":"2025-11-25T07:53:16","modified_gmt":"2025-11-25T07:53:16","slug":"les-photos-saisissantes-de-la-maison-darret-de-nice-croulant-sous-les-projections","status":"publish","type":"post","link":"https:\/\/www.europesays.com\/fr\/557160\/","title":{"rendered":"Les photos saisissantes de la maison d\u2019arr\u00eat de Nice croulant sous les projections"},"content":{"rendered":"<p class=\"fs-5 \">Ce sont des clich\u00e9s saisissants qui ont \u00e9t\u00e9 pris par le syndicat Ufap Unsa Justice : les filets de s\u00e9curit\u00e9 de la <strong>maison d\u2019arr\u00eat de Nice<\/strong> croulant litt\u00e9ralement sous les <strong>projections envoy\u00e9es depuis l\u2019ext\u00e9rieur<\/strong>.<\/p>\n<p class=\"fs-5 \">Les projections, ce sont ces paquets enrubann\u00e9s de scotch et de papier bulle qui sont envoy\u00e9s depuis l\u2019ext\u00e9rieur des maisons d\u2019arr\u00eats.<\/p>\n<p class=\"fs-5 \">Des jeunes, pay\u00e9s quelques euros, lancent par-dessus le mur d\u2019enceinte des \u00e9tablissements des \u00e9tablissements p\u00e9nitentiaires des paquets contenant \u00e0 peu pr\u00e8s tout et n\u2019importe quoi : <strong>t\u00e9l\u00e9phones, drogue, alcool<\/strong>.<\/p>\n<p class=\"fs-5 \">Un fl\u00e9au qui affecte les deux maisons d\u2019arr\u00eat du d\u00e9partement, Nice et Grasse. Et qui <strong>perturbe aussi le voisinage<\/strong> de la maison d\u2019arr\u00eat de Nice, situ\u00e9e en secteur urbain. Avant d\u2019envoyer leurs paquets, les jeunes, hurlent en effet pour pr\u00e9venir de leur lancer.<\/p>\n<p>                                                                                <strong>\u00ab\u00a0Elles sont si pesantes que le filet va c\u00e9der\u00a0\u00bb<\/strong><\/p>\n<p>        <img decoding=\"async\" src=\"https:\/\/www.europesays.com\/fr\/wp-content\/uploads\/2025\/11\/ARTBLOCKVIEW-10658071-1128-752-6a1e869_upload-from-url-1-nwmu4ykv6wpx-data-art-16657834.jpg\" class=\"figure-img img-fluid rounded\" alt=\"Les filets anti projections de la maison d\u2019arr\u00eat de Nice croulent litt\u00e9ralement sous le nombre de paquets envoy\u00e9s depuis l\u2019ext\u00e9rieur de l\u2019\u00e9tablissement.\"\/><\/p>\n<p>            Les filets anti projections de la maison d\u2019arr\u00eat de Nice croulent litt\u00e9ralement sous le nombre de paquets envoy\u00e9s depuis l\u2019ext\u00e9rieur de l\u2019\u00e9tablissement. <br \/>Photo Ufap Unsa<\/p>\n<p class=\"fs-5 \">\u00ab Les projections bloqu\u00e9es par le filet sont si pesantes qu\u2019il va c\u00e9der. Sur d\u2019autres on peut voir les colis qui ont \u00e9t\u00e9 r\u00e9cup\u00e9r\u00e9s et dont les d\u00e9chets sont rejet\u00e9s \u00bb, d\u00e9plore Nordine Souab, du syndicat Ufap Unsa.<\/p>\n<p class=\"fs-5 \">\u00ab C\u2019est un <strong>jeu quotidien<\/strong> qui se d\u00e9roule entre les d\u00e9tenus et les personnels p\u00e9nitentiaires. Avec les facilit\u00e9s que l\u2019on conna\u00eet de venir aux abords de la prison pour jeter par-dessus le mur. Nous sommes face \u00e0 un ph\u00e9nom\u00e8ne perdu \u00bb.<\/p>\n<p class=\"fs-5 \">UFAP UNSa justice estime qu\u2019il est <strong>impossible d\u2019emp\u00eacher<\/strong> les projections. \u00ab Mais on peut bloquer la r\u00e9cup\u00e9ration par divers moyens qui existent de pouvoir r\u00e9cup\u00e9rer les objets jet\u00e9s par les complicit\u00e9s ext\u00e9rieures. \u00bb<\/p>\n<p class=\"fs-5 \">Le syndicat reconna\u00eet que cela a un <strong>co\u00fbt<\/strong>, \u00ab mais la s\u00e9curit\u00e9 de la soci\u00e9t\u00e9 n\u2019a pas de prix \u00bb. Ufap Unsa Justice estime \u00ab qu\u2019on ne peut pas faire des effets d\u2019annonce avec 29 millions d\u2019euros inject\u00e9s pour six \u00e9tablissements et laisser des \u00e9tablissements, en pleine ville, continuer \u00e0 \u00eatre compl\u00e8tement d\u00e9pass\u00e9s par le ph\u00e9nom\u00e8ne. Quelques dizaines de milliers d\u2019euros r\u00e9gleraient le probl\u00e8me \u00bb.<\/p>\n<p>                                                                                <strong>Op\u00e9ration \u00ab\u00a0z\u00e9ro portable en prison\u00a0\u00bb<\/strong><\/p>\n<p>        <img decoding=\"async\" src=\"https:\/\/www.europesays.com\/fr\/wp-content\/uploads\/2025\/11\/ARTBLOCKVIEW-10658071-1128-752-a48c6f4_upload-1-lqwcdqibxqku-image-20251124-211723-854.png\" class=\"figure-img img-fluid rounded\" alt=\"Avec un taux d\u2019occupation de 200\u00a0%, la maison d\u2019arr\u00eat de Nice, v\u00e9tuste, inadapt\u00e9e, est l\u2019une des plus surpeupl\u00e9es de France.\"\/><\/p>\n<p>            Avec un taux d\u2019occupation de 200\u00a0%, la maison d\u2019arr\u00eat de Nice, v\u00e9tuste, inadapt\u00e9e, est l\u2019une des plus surpeupl\u00e9es de France. <br \/>Photo Ufap Unsa<\/p>\n<p class=\"fs-5 \">Le 21 novembre, \u00e0 l\u2019occasion d\u2019un d\u00e9placement au centre p\u00e9nitentiaire de Paris-La Sant\u00e9, G\u00e9rald Darmanin, garde des Sceaux, ministre de la Justice, avait annonc\u00e9 un <a href=\"https:\/\/www.nicematin.com\/societe\/securite\/le-ministre-de-la-justice-gerald-darmanin-annonce-des-travaux-de-securisation-a-la-prison-de-toulon-10655812\" target=\"_blank\" rel=\"noopener\">investissement imm\u00e9diat du gouvernement de 29 millions d\u2019euros<\/a> pour mener \u00ab des travaux de s\u00e9curisation majeurs \u00bb dans six premiers \u00e9tablissements p\u00e9nitentiaires.<\/p>\n<p class=\"fs-5 \">Et ce, afin de renforcer la lutte contre les t\u00e9l\u00e9phones portables en prison et emp\u00eacher les activit\u00e9s criminelles en d\u00e9tention.<\/p>\n<p class=\"fs-5 \">Cette op\u00e9ration \u00ab z\u00e9ro portable en prison \u00bb vise notamment \u00e0 installer des <strong>dispositifs anti drones<\/strong> et de lutte contre les projections.<\/p>\n<p class=\"fs-5 \">C\u2019est par ce moyen que des t\u00e9l\u00e9phones portables continuent de rentrer en prison, permettant \u00e0 certains d\u00e9linquants de poursuivre leurs activit\u00e9s criminelles depuis la maison d\u2019arr\u00eat.<\/p>\n<p class=\"fs-5 \">\u00c0 Toulouse, 1,5 million d\u2019euros vont ainsi \u00eatre investis dans la couverture des cours de promenade pour lutter contre ce ph\u00e9nom\u00e8ne, a annonc\u00e9 G\u00e9rald Darmanin.<\/p>\n<p class=\"fs-5 \">Avec un taux d\u2019occupation de 200 %, la maison d\u2019arr\u00eat de Nice, v\u00e9tuste, inadapt\u00e9e, est l\u2019une des plus surpeupl\u00e9es de France.<\/p>\n","protected":false},"excerpt":{"rendered":"Ce sont des clich\u00e9s saisissants qui ont \u00e9t\u00e9 pris par le syndicat Ufap Unsa Justice : les filets&hellip;\n","protected":false},"author":2,"featured_media":557161,"comment_status":"","ping_status":"","sticky":false,"template":"","format":"standard","meta":{"footnotes":""},"categories":[2819],"tags":[1111,11,1777,674,1011,27,12,2401,882,25],"class_list":{"0":"post-557160","1":"post","2":"type-post","3":"status-publish","4":"format-standard","5":"has-post-thumbnail","7":"category-nice","8":"tag-actu","9":"tag-actualites","10":"tag-eu","11":"tag-europe","12":"tag-fr","13":"tag-france","14":"tag-news","15":"tag-nice","16":"tag-provence-alpes-cote-dazur","17":"tag-republique-francaise"},"share_on_mastodon":{"url":"https:\/\/pubeurope.com\/@fr\/115609260698251304","error":""},"_links":{"self":[{"href":"https:\/\/www.europesays.com\/fr\/wp-json\/wp\/v2\/posts\/557160","targetHints":{"allow":["GET"]}}],"collection":[{"href":"https:\/\/www.europesays.com\/fr\/wp-json\/wp\/v2\/posts"}],"about":[{"href":"https:\/\/www.europesays.com\/fr\/wp-json\/wp\/v2\/types\/post"}],"author":[{"embeddable":true,"href":"https:\/\/www.europesays.com\/fr\/wp-json\/wp\/v2\/users\/2"}],"replies":[{"embeddable":true,"href":"https:\/\/www.europesays.com\/fr\/wp-json\/wp\/v2\/comments?post=557160"}],"version-history":[{"count":0,"href":"https:\/\/www.europesays.com\/fr\/wp-json\/wp\/v2\/posts\/557160\/revisions"}],"wp:featuredmedia":[{"embeddable":true,"href":"https:\/\/www.europesays.com\/fr\/wp-json\/wp\/v2\/media\/557161"}],"wp:attachment":[{"href":"https:\/\/www.europesays.com\/fr\/wp-json\/wp\/v2\/media?parent=557160"}],"wp:term":[{"taxonomy":"category","embeddable":true,"href":"https:\/\/www.europesays.com\/fr\/wp-json\/wp\/v2\/categories?post=557160"},{"taxonomy":"post_tag","embeddable":true,"href":"https:\/\/www.europesays.com\/fr\/wp-json\/wp\/v2\/tags?post=557160"}],"curies":[{"name":"wp","href":"https:\/\/api.w.org\/{rel}","templated":true}]}}