{"id":557164,"date":"2025-11-25T07:55:24","date_gmt":"2025-11-25T07:55:24","guid":{"rendered":"https:\/\/www.europesays.com\/fr\/557164\/"},"modified":"2025-11-25T07:55:24","modified_gmt":"2025-11-25T07:55:24","slug":"en-loire-atlantique-68-des-entreprises-artisanales-du-batiment-sont-fragiles-ou-en-peril","status":"publish","type":"post","link":"https:\/\/www.europesays.com\/fr\/557164\/","title":{"rendered":"En Loire-Atlantique, 68\u00a0% des entreprises artisanales du b\u00e2timent sont fragiles ou en p\u00e9ril ."},"content":{"rendered":"<p>\u00a0La boulangerie a peut-\u00eatre disparu dans votre commune, mais il y a toujours un artisan\u00a0\u00bb,lance fi\u00e8rement Christophe Gaudou, pr\u00e9sident de la Capeb, la conf\u00e9d\u00e9ration de l\u2019artisanat et des petites entreprises du b\u00e2timent. Mais l\u2019heure n\u2019est pas aux r\u00e9jouissances. <a href=\"https:\/\/nantes.maville.com\/actu\/actudet_-les-artisans-du-batiment-de-loire-atlantique-entre-tensions-et-inquietudes-_52716-6570253_actu.Htm?utm_source=troove&amp;utm_medium=site\" target=\"_self\" rel=\"noopener\">Le syndicat a sond\u00e9 plus de 300\u00a0entreprises en Loire-Atlantique, un millier dans le d\u00e9partement<\/a>. Un quart des r\u00e9pondants d\u00e9clarent avoir des probl\u00e8mes de tr\u00e9sorerie. Les carnets de commandes offrent une visibilit\u00e9 de trois mois, pas plus. \u00a068\u00a0% indiquent que leur entreprise est fragilis\u00e9e ou en p\u00e9ril\u00a0\u00bb, rapporte Andrea Lemasson, la secr\u00e9taire g\u00e9n\u00e9rale. Et plus inqui\u00e9tant, un artisan sur quatre envisage de cesser son activit\u00e9. \u00a0Davantage pour des raisons d\u2019usure, de fatigue, de difficult\u00e9s \u00e9conomiques et pour un d\u00e9part \u00e0 la retraite\u00a0\u00bb, compl\u00e8te Andrea Lemasson.<\/p>\n<p>Consommez local<\/p>\n<p>\t<img decoding=\"async\" src=\"https:\/\/www.europesays.com\/fr\/wp-content\/uploads\/2025\/11\/P35600839D7079360G_px_640_.jpg\" alt=\"photo andrea lemasson, secr\u00e9taire g\u00e9n\u00e9rale de la capeb, christophe gaudou, pr\u00e9sident, jean-baptiste dupuis-valette, plombier chauffagiste et marie logeais, co dirigeante d\u2019une bo\u00eete d\u2019\u00e9lectricit\u00e9.  \u00a9  ouest-france\" width=\"640\" title=\" Andrea Lemasson, secr\u00e9taire g\u00e9n\u00e9rale de la Capeb, Christophe Gaudou, pr\u00e9sident, Jean-Baptiste Dupuis-Valette, plombier chauffagiste et Marie Logeais, co dirigeante d\u2019une bo\u00eete d\u2019\u00e9lectricit\u00e9.   Ouest-France \"\/><\/p>\n<p class=\"elmt-legende\"> Andrea Lemasson, secr\u00e9taire g\u00e9n\u00e9rale de la Capeb, Christophe Gaudou, pr\u00e9sident, Jean-Baptiste Dupuis-Valette, plombier chauffagiste et Marie Logeais, co dirigeante d\u2019une bo\u00eete d\u2019\u00e9lectricit\u00e9.   Ouest-France <\/p>\n<p>La Capeb lance un SOS\u00a0: \u00a0Faites des travaux en circuits courts\u00a0! Consommez local.\u00a0 Marie Logeais, co-g\u00e9rante d\u2019OhM\u2019Elec, une entreprise d\u2019\u00e9lectricit\u00e9 de six salari\u00e9s en appelle aux collectivit\u00e9s. \u00a0On invite les donneurs d\u2019ordre \u00e0 confier leurs travaux \u00e0 des entreprises locales. En termes de bilan carbone, c\u2019est mieux que de faire venir une entreprise parisienne\u00a0\u00bb,insiste la dirigeante de Savenay. Elle accuse certaines communes de ne pas jouer suffisamment la carte locale. \u00a0On soutient les collectivit\u00e9s quand on subventionne la f\u00eate des Jonquilles et qu\u2019on fournit des maillots pour le club de sport de la commune.\u00a0 Jean-Baptiste Dupuis-Valette, plombier chauffagiste, \u00e0 la t\u00eate de D-Therm, voit, lui aussi, d\u00e9barquer des grosses bo\u00eetes dans son secteur.<\/p>\n<p>https:\/\/nantes.maville.com\/actu\/actudet_-les-hlm-degainent-plus-d-un-milliard-d-euros-en-loire-atlantique-pour-sauver-la-mise-aux-promoteurs-_8-7054025_actu.Htm?utm_source=troove&#038;utm_medium=site<\/p>\n<p>\u00a0<\/p>\n<p>\u00a0Moi, quand il faut d\u00e9panner, je suis l\u00e0 dans la demi-heure ou le lendemain. Les artisans, ce sont vos voisins.\u00a0 Un message que la Capeb veut porter haut alors que l\u2019ensemble du secteur vit une profonde r\u00e9organisation. Le march\u00e9 du neuf est en berne et de gros acteurs se r\u00e9orientent vers la r\u00e9novation. L\u00e0 o\u00f9 justement les artisans pr\u00e9dominent.<\/p>\n<p>\u00a0<\/p>\n","protected":false},"excerpt":{"rendered":"\u00a0La boulangerie a peut-\u00eatre disparu dans votre commune, mais il y a toujours un artisan\u00a0\u00bb,lance fi\u00e8rement Christophe Gaudou,&hellip;\n","protected":false},"author":2,"featured_media":557165,"comment_status":"","ping_status":"","sticky":false,"template":"","format":"standard","meta":{"footnotes":""},"categories":[2818],"tags":[1111,11,3809,1465,1777,674,63,1011,27,1792,1922,766,12,2636,25,479,517,1470],"class_list":{"0":"post-557164","1":"post","2":"type-post","3":"status-publish","4":"format-standard","5":"has-post-thumbnail","7":"category-nantes","8":"tag-actu","9":"tag-actualites","10":"tag-ball","11":"tag-basket","12":"tag-eu","13":"tag-europe","14":"tag-football","15":"tag-fr","16":"tag-france","17":"tag-handball","18":"tag-info","19":"tag-nantes","20":"tag-news","21":"tag-pays-de-la-loire","22":"tag-republique-francaise","23":"tag-rugby","24":"tag-sport","25":"tag-volley"},"share_on_mastodon":{"url":"https:\/\/pubeurope.com\/@fr\/115609268095197498","error":""},"_links":{"self":[{"href":"https:\/\/www.europesays.com\/fr\/wp-json\/wp\/v2\/posts\/557164","targetHints":{"allow":["GET"]}}],"collection":[{"href":"https:\/\/www.europesays.com\/fr\/wp-json\/wp\/v2\/posts"}],"about":[{"href":"https:\/\/www.europesays.com\/fr\/wp-json\/wp\/v2\/types\/post"}],"author":[{"embeddable":true,"href":"https:\/\/www.europesays.com\/fr\/wp-json\/wp\/v2\/users\/2"}],"replies":[{"embeddable":true,"href":"https:\/\/www.europesays.com\/fr\/wp-json\/wp\/v2\/comments?post=557164"}],"version-history":[{"count":0,"href":"https:\/\/www.europesays.com\/fr\/wp-json\/wp\/v2\/posts\/557164\/revisions"}],"wp:featuredmedia":[{"embeddable":true,"href":"https:\/\/www.europesays.com\/fr\/wp-json\/wp\/v2\/media\/557165"}],"wp:attachment":[{"href":"https:\/\/www.europesays.com\/fr\/wp-json\/wp\/v2\/media?parent=557164"}],"wp:term":[{"taxonomy":"category","embeddable":true,"href":"https:\/\/www.europesays.com\/fr\/wp-json\/wp\/v2\/categories?post=557164"},{"taxonomy":"post_tag","embeddable":true,"href":"https:\/\/www.europesays.com\/fr\/wp-json\/wp\/v2\/tags?post=557164"}],"curies":[{"name":"wp","href":"https:\/\/api.w.org\/{rel}","templated":true}]}}