{"id":557169,"date":"2025-11-25T07:57:17","date_gmt":"2025-11-25T07:57:17","guid":{"rendered":"https:\/\/www.europesays.com\/fr\/557169\/"},"modified":"2025-11-25T07:57:17","modified_gmt":"2025-11-25T07:57:17","slug":"le-seul-et-unique-salon-de-coiffure-a-prix-unique-dedie-aux-cheveux-boucles-a-ouvert-a-bordeaux","status":"publish","type":"post","link":"https:\/\/www.europesays.com\/fr\/557169\/","title":{"rendered":"Le seul et unique salon de coiffure \u00e0 prix unique d\u00e9di\u00e9 aux cheveux boucl\u00e9s a ouvert \u00e0 Bordeaux"},"content":{"rendered":"<p>La Belle Boucle\u00a0: La destination n\u00b01 pour les cheveux boucl\u00e9s<\/p>\n<p data-start=\"99\" data-end=\"628\">C\u2019est sur les All\u00e9es de Tourny qu\u2019un studio capillaire pas comme les autres a ouvert ses portes il y a tout juste un an. <strong>La Belle Boucle Studio<\/strong>, d\u00e9j\u00e0 connue dans plusieurs grandes villes fran\u00e7aises, s\u2019impose \u00e0 Bordeaux comme une adresse essentielle pour celles et ceux aux <strong>cheveux ondul\u00e9s, boucl\u00e9s, fris\u00e9s ou cr\u00e9pus<\/strong>. Un lieu hybride, chaleureux et profond\u00e9ment bienveillant, qui d\u00e9fend un parti pris rare en coiffure\u00a0: <strong>sublimer la texture naturelle sans artifice et \u00e0 prix unique<\/strong>.<\/p>\n<p data-start=\"99\" data-end=\"628\"><img loading=\"lazy\" decoding=\"async\" src=\"https:\/\/www.europesays.com\/fr\/wp-content\/uploads\/2025\/11\/belle-boucle-bordeaux.jpg\" width=\"1000\" height=\"1261\" alt=\"belle-boucle-bordeaux\"\/><\/p>\n<p data-start=\"630\" data-end=\"995\">Ancr\u00e9 dans la tendance d\u2019un retour au naturel, le studio a \u00e9t\u00e9 fond\u00e9 pour<strong> accompagner les personnes aux cheveux textur\u00e9s<\/strong>, trop peu repr\u00e9sent\u00e9es dans les salons traditionnels. Ici, pas de brushing, pas de permanente, pas de wavy\u00a0: l\u2019objectif est simple et ambitieux, r\u00e9v\u00e9ler \u00ab la meilleure version de la boucle\u00a0\u00bb.<\/p>\n<p>Un lieu pens\u00e9 pour la beaut\u00e9 des cheveux au naturel<\/p>\n<p data-start=\"1066\" data-end=\"1496\">\u00c0 Bordeaux, le studio La Belle Boucle accueille les visiteurs dans un espace hybride\u00a0: \u00e0 la fois <strong data-start=\"1163\" data-end=\"1175\">boutique<\/strong> &#8211; avec plus de <strong data-start=\"1191\" data-end=\"1209\">450 r\u00e9f\u00e9rences<\/strong> de produits d\u2019origine naturelle &#8211; et <strong data-start=\"1247\" data-end=\"1268\">salon de coiffure<\/strong> sp\u00e9cialis\u00e9. On y trouve les grandes marques partenaires, dont Les Secrets de Loly, ainsi que la <strong>propre gamme de la maison, lanc\u00e9e en 2021,<\/strong> qui compte aujourd\u2019hui plus de dix produits (shampoings, soins, coiffants, accessoires).<\/p>\n<p data-start=\"1066\" data-end=\"1496\"><img loading=\"lazy\" decoding=\"async\" src=\"https:\/\/www.europesays.com\/fr\/wp-content\/uploads\/2025\/11\/salon-belle-boucle.jpg\" width=\"1000\" height=\"1327\" alt=\"salon-belle-boucle\"\/><\/p>\n<p data-start=\"1498\" data-end=\"1807\">L\u2019espace coiffure abrite <strong data-start=\"1523\" data-end=\"1540\">quatre postes<\/strong> et une atmosph\u00e8re douce, teint\u00e9e de rose terracotta, con\u00e7ue comme un cocon apaisant. Deux \u00e9quipes distinctes cohabitent\u00a0: les conseillers en boutique, experts en diagnostic de produits, et les coiffeurs, tous <strong>form\u00e9s en interne \u00e0 la m\u00e9thode signature La Belle Boucle<\/strong>.<\/p>\n<p>Prestations personnalis\u00e9es et p\u00e9dagogiques<\/p>\n<p data-start=\"1874\" data-end=\"2176\">Ici, le rendez-vous prend toujours la forme d&rsquo;une <strong data-start=\"1949\" data-end=\"2001\">s\u00e9ance de 1h30 d\u00e9di\u00e9e int\u00e9gralement au client<\/strong>, toujours au tarif unique de <strong data-start=\"2031\" data-end=\"2039\">95\u20ac<\/strong>. Chaque prestation commence par un <strong data-start=\"2077\" data-end=\"2102\">diagnostic approfondi<\/strong>\u00a0: observation de la texture, analyse des besoins, conseils personnalis\u00e9s. S\u2019ensuivent une coupe sur cheveux secs ou mouill\u00e9s, un lavage, un soin, un coiffage adapt\u00e9 et une multitude de conseils \u00e9clair\u00e9s.<\/p>\n<p data-start=\"1874\" data-end=\"2176\"><img loading=\"lazy\" decoding=\"async\" src=\"https:\/\/www.europesays.com\/fr\/wp-content\/uploads\/2025\/11\/belle-boucle-studio.jpg\" width=\"1000\" height=\"832\" alt=\"belle-boucle-studio\"\/><\/p>\n<p data-start=\"2355\" data-end=\"2731\">La d\u00e9marche va plus loin qu\u2019un r\u00e9sultat esth\u00e9tique. Les <strong>coiffeurs transmettent les gestes, les techniques, les routines<\/strong>, pour que chaque personne puisse reproduire l\u2019effet \u00e0 la maison. \u00ab\u00a0Une prestation, c\u2019est comme un cours particulier\u00a0\u00bb, r\u00e9sume la fondatrice, qui remet le pouvoir entre les mains de celles et ceux qui ont longtemps cherch\u00e9 des solutions adapt\u00e9es.<\/p>\n<p data-start=\"2733\" data-end=\"2897\">\u00c0 la fin du rendez-vous, chaque cliente repart avec <strong data-start=\"2785\" data-end=\"2824\">une fiche d\u2019identit\u00e9 de ses boucles<\/strong>, v\u00e9ritable guide personnalis\u00e9 pour entretenir sa chevelure au quotidien. Les r\u00e9servations se font par t\u00e9l\u00e9phone ou via <a href=\"https:\/\/www.planity.com\/la-belle-boucle-studio-bordeaux-33000\" rel=\"nofollow noreferrer noopener\" target=\"_blank\">Planity<\/a>.\u00a0<\/p>\n<p>Une marque en pleine expansion<\/p>\n<p data-start=\"2943\" data-end=\"3201\">Fond\u00e9e par <strong data-start=\"2954\" data-end=\"2965\">Laureen<\/strong>, La Belle Boucle est devenue une r\u00e9f\u00e9rence dans l\u2019univers des cheveux textur\u00e9s. Le studio bordelais fait partie d\u2019un r\u00e9seau qui compte aujourd\u2019hui <strong data-start=\"3113\" data-end=\"3128\">neuf salons<\/strong> &#8211; Paris, Lyon, Marseille, Toulouse, Nantes, Bordeaux \u2014 et bient\u00f4t Lille. L&rsquo;expansion fulgurante d&rsquo;un positionnement in\u00e9dit \u00e0 la conqu\u00eate d&rsquo;une beaut\u00e9 plus naturelle, plus consciente et plus respectueuse de la naturalit\u00e9 capillaire.<\/p>\n<blockquote class=\"instagram-media\" data-instgrm-captioned=\"\" data-instgrm-permalink=\"https:\/\/www.instagram.com\/p\/DCjwwaPok4x\/?utm_source=ig_embed&amp;utm_campaign=loading\" data-instgrm-version=\"14\" style=\"background: #FFF; border: 0; border-radius: 3px; box-shadow: 0 0 1px 0 rgba(0,0,0,0.5),0 1px 10px 0 rgba(0,0,0,0.15); margin: 1px; max-width: 540px; min-width: 326px; padding: 0; width: calc(100% - 2px);\">\n<\/blockquote>\n<p>La Belle Boucle Studio<\/p>\n<li class=\"address info\">42, all\u00e9es de Tourny Bordeaux<\/li>\n<li class=\"opening-hours\">Lundi &#8211; samedi : 10:00 &#8211; 19:00<\/li>\n<li class=\"opening-hours close\">Dimanche : Ferm\u00e9<\/li>\n<p><script async src=\"\/\/www.instagram.com\/embed.js\"><\/script><\/p>\n","protected":false},"excerpt":{"rendered":"La Belle Boucle\u00a0: La destination n\u00b01 pour les cheveux boucl\u00e9s C\u2019est sur les All\u00e9es de Tourny qu\u2019un studio&hellip;\n","protected":false},"author":2,"featured_media":557170,"comment_status":"","ping_status":"","sticky":false,"template":"","format":"standard","meta":{"footnotes":""},"categories":[2817],"tags":[1111,11,1997,1777,674,1011,27,12,2219,25],"class_list":{"0":"post-557169","1":"post","2":"type-post","3":"status-publish","4":"format-standard","5":"has-post-thumbnail","7":"category-bordeaux","8":"tag-actu","9":"tag-actualites","10":"tag-bordeaux","11":"tag-eu","12":"tag-europe","13":"tag-fr","14":"tag-france","15":"tag-news","16":"tag-nouvelle-aquitaine","17":"tag-republique-francaise"},"share_on_mastodon":{"url":"https:\/\/pubeurope.com\/@fr\/115609275898446364","error":""},"_links":{"self":[{"href":"https:\/\/www.europesays.com\/fr\/wp-json\/wp\/v2\/posts\/557169","targetHints":{"allow":["GET"]}}],"collection":[{"href":"https:\/\/www.europesays.com\/fr\/wp-json\/wp\/v2\/posts"}],"about":[{"href":"https:\/\/www.europesays.com\/fr\/wp-json\/wp\/v2\/types\/post"}],"author":[{"embeddable":true,"href":"https:\/\/www.europesays.com\/fr\/wp-json\/wp\/v2\/users\/2"}],"replies":[{"embeddable":true,"href":"https:\/\/www.europesays.com\/fr\/wp-json\/wp\/v2\/comments?post=557169"}],"version-history":[{"count":0,"href":"https:\/\/www.europesays.com\/fr\/wp-json\/wp\/v2\/posts\/557169\/revisions"}],"wp:featuredmedia":[{"embeddable":true,"href":"https:\/\/www.europesays.com\/fr\/wp-json\/wp\/v2\/media\/557170"}],"wp:attachment":[{"href":"https:\/\/www.europesays.com\/fr\/wp-json\/wp\/v2\/media?parent=557169"}],"wp:term":[{"taxonomy":"category","embeddable":true,"href":"https:\/\/www.europesays.com\/fr\/wp-json\/wp\/v2\/categories?post=557169"},{"taxonomy":"post_tag","embeddable":true,"href":"https:\/\/www.europesays.com\/fr\/wp-json\/wp\/v2\/tags?post=557169"}],"curies":[{"name":"wp","href":"https:\/\/api.w.org\/{rel}","templated":true}]}}