{"id":557171,"date":"2025-11-25T07:58:17","date_gmt":"2025-11-25T07:58:17","guid":{"rendered":"https:\/\/www.europesays.com\/fr\/557171\/"},"modified":"2025-11-25T07:58:17","modified_gmt":"2025-11-25T07:58:17","slug":"les-nouvelles-solutions-pour-lhebergement-des-seniors-autour-de-bordeaux","status":"publish","type":"post","link":"https:\/\/www.europesays.com\/fr\/557171\/","title":{"rendered":"les nouvelles solutions pour l\u2019h\u00e9bergement des seniors autour de Bordeaux"},"content":{"rendered":"<p>Parmi les invit\u00e9s d\u00e9ambulant dans ce qui pourrait s\u2019apparenter \u00e0 des logements t\u00e9moins, certains sont l\u00e0 par pure curiosit\u00e9. C\u2019est le cas de Jean-Fran\u00e7ois, qui habite juste \u00e0 c\u00f4t\u00e9. \u00ab\u00a0Ce n\u2019est pas assez moderne \u00e0 mon go\u00fbt\u00a0\u00bb, glisse-t-il en montrant \u00ab\u00a0une armoire style campagnard\u00a0\u00bb.<\/p>\n<p>        <img decoding=\"async\" id=\"26744672\" src=\"https:\/\/www.europesays.com\/fr\/wp-content\/uploads\/2025\/11\/salon-domani-talence.jpeg\" alt=\"Les deux habitats partag\u00e9s disposent d\u2019un espace commun de 80 m\u00e8tres carr\u00e9s comprenant une cuisine, un coin repas mais aussi un salon donnant sur un ext\u00e9rieur.\" itemprop=\"contentURL\"\/><\/p>\n<p>    Les deux habitats partag\u00e9s disposent d\u2019un espace commun de 80 m\u00e8tres carr\u00e9s comprenant une cuisine, un coin repas mais aussi un salon donnant sur un ext\u00e9rieur.<\/p>\n<p>C.\u00a0L.<\/p>\n<p>    Deux habitats partag\u00e9s et 14 appartements<\/p>\n<p>Mais au-del\u00e0 des go\u00fbts et des couleurs, beaucoup \u00e9taient venus dans l\u2019espoir de trouver une solution de vie sereine, souvent accompagn\u00e9s d\u2019un proche, une \u00e9tape importante avant de se d\u00e9cider. C\u00e9cile, par exemple, s\u2019est inscrite avec ses parents. Son p\u00e8re, 91\u00a0ans, sa m\u00e8re, 76\u00a0ans, et des nuits qui ne sont plus de tout repos. C\u2019est d\u2019ailleurs lors d\u2019une insomnie que l\u2019id\u00e9e lui est venue\u00a0: \u00ab\u00a0Je cherchais un moyen pour qu\u2019ils puissent rester ensemble\u00a0et vivre non loin de chez moi\u00a0\u00bb, explique-t-elle. Et, en parall\u00e8le, une mani\u00e8re de soulager son quotidien d\u2019aidante familiale.<\/p>\n<p>Ses parents ne devraient pas rejoindre l\u2019un des deux habitats partag\u00e9s con\u00e7us pour huit personnes chacun mais l\u2019un des 14 logements autonomes (sept T2, six T3 et un T4) destin\u00e9s aussi bien \u00e0 des familles, des veilleurs interg\u00e9n\u00e9rationnels que des seniors. \u00ab\u00a0Des gens qui souhaitent s\u2019impliquer dans le projet\u00a0\u00bb, note toutefois Oscar Lustin, cofondateur de Domani.<\/p>\n<p>        <img decoding=\"async\" id=\"26744670\" src=\"https:\/\/www.europesays.com\/fr\/wp-content\/uploads\/2025\/11\/domani-talence.jpeg\" alt=\"La partie privative est une chambre partag\u00e9e entre un coin nuit et un espace\u00a0jour, avec une salle de bains et une kitchenette.\" itemprop=\"contentURL\"\/><\/p>\n<p>    La partie privative est une chambre partag\u00e9e entre un coin nuit et un espace\u00a0jour, avec une salle de bains et une kitchenette.<\/p>\n<p>C.\u00a0L.<\/p>\n<p>    Une solitude qui p\u00e8se<\/p>\n<p>Marie, 81\u00a0ans, Gradignanaise de longue date, a franchi le cap en s\u2019installant dans un T2. Elle a pu emporter \u00ab\u00a0deux ou trois meubles\u00a0\u00bb chers \u00e0 son c\u0153ur, dont son buffet, mais le reste de sa vie se r\u00e9organise dans ce nouvel environnement. Voil\u00e0 une vingtaine d\u2019ann\u00e9es qu\u2019elle vit seule depuis le d\u00e9c\u00e8s de son mari. Une solitude qui lui p\u00e8se et un appartement qui n\u2019est plus adapt\u00e9 \u00e0 ses besoins, avec \u00ab\u00a0des factures de gaz \u00e0 plus de 200\u00a0euros par mois\u00a0\u00bb. Elle d\u00e9plore aussi un manque de lien social. \u00ab\u00a0Les gens ne veulent pas faire d\u2019effort, chacun reste chez soi\u00a0\u00bb, se d\u00e9sole-t-elle. Cette solitude l\u2019a pouss\u00e9e \u00e0 traverser des p\u00e9riodes sombres\u00a0: \u00ab\u00a0Il m\u2019est arriv\u00e9 d\u2019avoir des id\u00e9es noires\u00a0\u00bb, avoue-t-elle. Ce qu\u2019elle cherche aujourd\u2019hui\u00a0? Faire des rencontres, sortir de chez elle, rire de nouveau.<\/p>\n<blockquote><p>Ce que Marie cherche aujourd\u2019hui\u00a0? Faire des rencontres, sortir de chez elle, rire de nouveau<\/p><\/blockquote>\n<p>Mais cette nouvelle vie a un co\u00fbt. Si elle appr\u00e9cie son nouveau cadre, elle reconna\u00eet aussi \u00ab\u00a0ne pas \u00eatre gagnante\u00a0\u00bb en d\u00e9boursant \u00ab\u00a0300\u00a0euros de plus par mois\u00a0\u00bb. Chez Domani, le prix d\u2019un deux-pi\u00e8ces avoisine les 1\u00a0200\u00a0euros par mois charges comprises, avec WiFi, parking et assurance habitation. C\u00f4t\u00e9 colocation, lors de la visite, il est expliqu\u00e9 aux seniors qu\u2019il leur en co\u00fbtera entre 1\u00a0900 et 2\u00a0100\u00a0euros mensuels. Ce prix inclut l\u2019aide d\u2019une coordinatrice pour g\u00e9rer les courses et les repas, ainsi qu\u2019un gardien de nuit. \u00ab\u00a0Les seniors b\u00e9n\u00e9ficient des m\u00eames aides que chez eux\u00a0\u00bb, assure Oscar Lustin. Ils peuvent ainsi percevoir l\u2019allocation personnalis\u00e9e autonomie (APA) g\u00e9r\u00e9e par le D\u00e9partement, mais qui d\u00e9pend <a href=\"https:\/\/www.pour-les-personnes-agees.gouv.fr\/preserver-son-autonomie\/perte-d-autonomie-evaluation-et-droits\/comment-le-gir-est-il-determine\" target=\"_blank\" rel=\"nofollow noopener\">du niveau de d\u00e9pendance,<\/a> ou encore l\u2019aide personnalis\u00e9e au logement en fonction de leurs revenus.<\/p>\n","protected":false},"excerpt":{"rendered":"Parmi les invit\u00e9s d\u00e9ambulant dans ce qui pourrait s\u2019apparenter \u00e0 des logements t\u00e9moins, certains sont l\u00e0 par pure&hellip;\n","protected":false},"author":2,"featured_media":557172,"comment_status":"","ping_status":"","sticky":false,"template":"","format":"standard","meta":{"footnotes":""},"categories":[2817],"tags":[1111,11,1997,1777,674,1011,27,12,2219,25],"class_list":{"0":"post-557171","1":"post","2":"type-post","3":"status-publish","4":"format-standard","5":"has-post-thumbnail","7":"category-bordeaux","8":"tag-actu","9":"tag-actualites","10":"tag-bordeaux","11":"tag-eu","12":"tag-europe","13":"tag-fr","14":"tag-france","15":"tag-news","16":"tag-nouvelle-aquitaine","17":"tag-republique-francaise"},"share_on_mastodon":{"url":"https:\/\/pubeurope.com\/@fr\/115609279419091769","error":""},"_links":{"self":[{"href":"https:\/\/www.europesays.com\/fr\/wp-json\/wp\/v2\/posts\/557171","targetHints":{"allow":["GET"]}}],"collection":[{"href":"https:\/\/www.europesays.com\/fr\/wp-json\/wp\/v2\/posts"}],"about":[{"href":"https:\/\/www.europesays.com\/fr\/wp-json\/wp\/v2\/types\/post"}],"author":[{"embeddable":true,"href":"https:\/\/www.europesays.com\/fr\/wp-json\/wp\/v2\/users\/2"}],"replies":[{"embeddable":true,"href":"https:\/\/www.europesays.com\/fr\/wp-json\/wp\/v2\/comments?post=557171"}],"version-history":[{"count":0,"href":"https:\/\/www.europesays.com\/fr\/wp-json\/wp\/v2\/posts\/557171\/revisions"}],"wp:featuredmedia":[{"embeddable":true,"href":"https:\/\/www.europesays.com\/fr\/wp-json\/wp\/v2\/media\/557172"}],"wp:attachment":[{"href":"https:\/\/www.europesays.com\/fr\/wp-json\/wp\/v2\/media?parent=557171"}],"wp:term":[{"taxonomy":"category","embeddable":true,"href":"https:\/\/www.europesays.com\/fr\/wp-json\/wp\/v2\/categories?post=557171"},{"taxonomy":"post_tag","embeddable":true,"href":"https:\/\/www.europesays.com\/fr\/wp-json\/wp\/v2\/tags?post=557171"}],"curies":[{"name":"wp","href":"https:\/\/api.w.org\/{rel}","templated":true}]}}