{"id":557175,"date":"2025-11-25T08:00:20","date_gmt":"2025-11-25T08:00:20","guid":{"rendered":"https:\/\/www.europesays.com\/fr\/557175\/"},"modified":"2025-11-25T08:00:20","modified_gmt":"2025-11-25T08:00:20","slug":"accidents-bouchons-et-belle-pagaille-sur-le-peripherique-et-les-autoroutes","status":"publish","type":"post","link":"https:\/\/www.europesays.com\/fr\/557175\/","title":{"rendered":"accidents, bouchons et belle pagaille sur le p\u00e9riph\u00e9rique et les autoroutes"},"content":{"rendered":"<p>                    Par<br \/>\n        <strong><br \/>\n            <a href=\"https:\/\/actu.fr\/auteur\/guillaume-laurens\" title=\"Consulter tous les articles de Guillaume Laurens\" target=\"_blank\" rel=\"noopener\">Guillaume Laurens<\/a><br \/>\n                    <\/strong><\/p>\n<p>        Publi\u00e9 le<\/p>\n<p>            25 nov. 2025 \u00e0 8h02<br \/>\n        ; mis \u00e0 jour le 25 nov. 2025 \u00e0 8h59    <\/p>\n<p>Une chauss\u00e9e humide, la nuit, un mardi\u2026 Il n\u2019en fallait pas moins pour conna\u00eetre des <strong>conditions de circulation<\/strong> tr\u00e8s compliqu\u00e9es, ce 25 novembre 2025 au petit matin, sur <a href=\"https:\/\/actu.fr\/tag\/peripherique-de-toulouse\" target=\"_blank\" rel=\"noopener\">le p\u00e9riph\u00e9rique,<\/a> et plus globalement dans l\u2019agglom\u00e9ration de <a href=\"https:\/\/actu.fr\/toulouse\/\" target=\"_blank\" rel=\"noopener\"><strong>Toulouse<\/strong><\/a>. Le point sur la situation en temps r\u00e9el.<\/p>\n<p>8h48. Accident signal\u00e9 sur le p\u00e9riph\u00e9rique nord<\/p>\n<p class=\" wall-content\">La s\u00e9rie noire continue dans l\u2019agglom\u00e9ration de Toulouse : un <strong>nouvel accident<\/strong> est signal\u00e9 peu avant 8h50 sur le <strong>p\u00e9riph\u00e9rique nord (A62)<\/strong>, environ \u00ab\u00a02 km apr\u00e8s la sortie Borderouge\u00a0\u00bb, en direction de Bordeaux (dans le sens ext\u00e9rieur), toujours selon Vinci Autoroutes. Il s\u2019agit ici d\u2019une collision entre <strong>deux v\u00e9hicules l\u00e9gers<\/strong>.<\/p>\n<p>8h40. Accident signal\u00e9 sur l\u2019A64<\/p>\n<p class=\" wall-content\">Un nouvel accident est signal\u00e9 sur <strong>l\u2019A64<\/strong>, plus au sud, trois kilom\u00e8tres apr\u00e8s la sortie n\u00b021 de <strong>Boussens<\/strong> (Haute-Garonne), et avant celle de <strong>Martres-Tolosane<\/strong>, en direction de Toulouse. Un peu plus au nord, une fois pass\u00e9e la barri\u00e8re de p\u00e9age de Muret, on d\u00e9nombre encore plus de 15 km de bouchons \u00e0 8h40 sur cette m\u00eame autoroute.<\/p>\n<p>8h15. Plus de 25 km de bouchons entre la RD820 et l\u2019A64<\/p>\n<p class=\" wall-content\">Autre secteur o\u00f9 la circulation reste particuli\u00e8rement charg\u00e9e ce matin, d\u2019apr\u00e8s Bison Fut\u00e9 et Vinci Autoroutes : le sud. Et en particulier sur <strong>l\u2019A64<\/strong>, o\u00f9 <strong>plus de 15 km de bouchons<\/strong> sont annonc\u00e9s \u00e0 8h15, entre la barri\u00e8re de p\u00e9age de Toulouse-nord et le p\u00e9riph\u00e9rique, sans compter <strong>10 km<\/strong> de retenues sur la <strong>RD 820<\/strong>, en direction de l\u2019A64. \u00c0 noter qu\u2019il pleut par intermittence dans le coin.<\/p>\n<p class=\" wall-content\">Les difficult\u00e9s se concentrent particuli\u00e8rement sur ces deux secteurs du sud et du nord-est de Toulouse, ce mardi matin. Des bouchons plus habituels sont signal\u00e9s ailleurs dans l\u2019agglo, notamment sur la <strong>RN124<\/strong>, reliant le Gers et L\u00e9guevin \u00e0 Toulouse.<\/p>\n<p>Vid\u00e9os : en ce moment sur Actu8h05. 13 km de bouchons sur l\u2019A68<\/p>\n<p class=\" wall-content\">Effet domino apr\u00e8s le sinistre survenu sur le p\u00e9riph\u00e9rique ext\u00e9rieur en d\u00e9but de matin\u00e9e. Bien que l\u2019accident soit termin\u00e9, Vinci Autoroutes signale un <strong>gros bouchon d\u2019environ 13 km<\/strong> sur l\u2019A68, apr\u00e8s la sortie Montastruc, en direction de Toulouse.<\/p>\n<p>7h45. Belle pagaille \u00e0 Roques<\/p>\n<p class=\" wall-content\">Autres difficult\u00e9s signal\u00e9es : sur la <strong>RD 820<\/strong>, la voie rapide en provenance de Foix (Ari\u00e8ge) o\u00f9 un trafic plus charg\u00e9 qu\u2019\u00e0 l\u2019accoutum\u00e9e est signal\u00e9 apr\u00e8s <strong>Roques<\/strong> et la sortie n\u00b036. La circulation est \u00e0 l\u2019arr\u00eat pendant <strong>\u00ab\u00a0plus d\u2019une demi-heure\u00a0\u00bb<\/strong>, signale Vinci Autoroutes.<\/p>\n<p>Votre r\u00e9gion, votre actu !<\/p>\n<p>Recevez chaque jour les infos qui comptent pour vous.<\/p>\n<p>\t<a href=\"https:\/\/actu.fr\/newsletter\" class=\"ac-btn ac-btn--corner ac-btn--medium ac-btn--blue800\" target=\"_blank\" rel=\"noopener\">S&rsquo;incrire<\/a><br \/>\n7h35. Accident sur le p\u00e9riph\u00e9rique ext\u00e9rieur au nord-est<\/p>\n<p class=\" wall-content\">Un accident est survenu sur le <strong>p\u00e9riph\u00e9rique ext\u00e9rieur<\/strong>, au nord-est de la Ville rose, \u00e0 hauteur de la <strong>bifurcation avec l\u2019A68<\/strong>, dans le sens Narbonne \u2013 Toulouse.<\/p>\n<p class=\" wall-content\">D\u2019apr\u00e8s Vinci Autoroutes, l\u2019accident s\u2019est produit sur la voie de gauche, qui est neutralis\u00e9e, au niveau du PR 230. Une importante <strong>g\u00eane \u00e0 la circulation<\/strong> est signal\u00e9e sur place, jusque sur l\u2019A68, o\u00f9 l\u2019insertion sur le p\u00e9riph\u00e9rique est difficile.\u00a0<\/p>\n<p class=\" wall-content\">D\u2019autres <strong>v\u00e9hicules accident\u00e9s<\/strong>, signal\u00e9s plus t\u00f4t en matin\u00e9e ailleurs dans l\u2019agglo, ont \u00e9t\u00e9 \u00e9vacu\u00e9s. Voici l\u2019\u00e9tat de la circulation \u00e0 7h30 :<\/p>\n<p class=\" wall-content\">\n<p class=\" wall-content\">Personnalisez votre actualit\u00e9 en ajoutant vos villes et m\u00e9dias en favori avec <a href=\"https:\/\/moncompte.actu.fr\" title=\"D\u00e9couvez Mon Actu\" rel=\"nofollow noopener\" data-trk=\"{&quot;cta&quot;:{&quot;action&quot;:&quot;https:\\\/\\\/moncompte.actu.fr&quot;,&quot;category&quot;:&quot;mon compte&quot;,&quot;from&quot;:&quot;article footer&quot;,&quot;name&quot;:&quot;Mon actu&quot;,&quot;type&quot;:&quot;cta&quot;}}\" target=\"_blank\">Mon Actu<\/a>.<\/p>\n","protected":false},"excerpt":{"rendered":"Par Guillaume Laurens Publi\u00e9 le 25 nov. 2025 \u00e0 8h02 ; mis \u00e0 jour le 25 nov. 2025&hellip;\n","protected":false},"author":2,"featured_media":557176,"comment_status":"","ping_status":"","sticky":false,"template":"","format":"standard","meta":{"footnotes":""},"categories":[2816],"tags":[119,1111,11,1777,674,1011,27,803,12,2680,4800,25,104,2312],"class_list":{"0":"post-557175","1":"post","2":"type-post","3":"status-publish","4":"format-standard","5":"has-post-thumbnail","7":"category-toulouse","8":"tag-accident","9":"tag-actu","10":"tag-actualites","11":"tag-eu","12":"tag-europe","13":"tag-fr","14":"tag-france","15":"tag-info-trafic","16":"tag-news","17":"tag-occitanie","18":"tag-peripherique-de-toulouse","19":"tag-republique-francaise","20":"tag-societe","21":"tag-toulouse"},"share_on_mastodon":{"url":"https:\/\/pubeurope.com\/@fr\/115609287277853337","error":""},"_links":{"self":[{"href":"https:\/\/www.europesays.com\/fr\/wp-json\/wp\/v2\/posts\/557175","targetHints":{"allow":["GET"]}}],"collection":[{"href":"https:\/\/www.europesays.com\/fr\/wp-json\/wp\/v2\/posts"}],"about":[{"href":"https:\/\/www.europesays.com\/fr\/wp-json\/wp\/v2\/types\/post"}],"author":[{"embeddable":true,"href":"https:\/\/www.europesays.com\/fr\/wp-json\/wp\/v2\/users\/2"}],"replies":[{"embeddable":true,"href":"https:\/\/www.europesays.com\/fr\/wp-json\/wp\/v2\/comments?post=557175"}],"version-history":[{"count":0,"href":"https:\/\/www.europesays.com\/fr\/wp-json\/wp\/v2\/posts\/557175\/revisions"}],"wp:featuredmedia":[{"embeddable":true,"href":"https:\/\/www.europesays.com\/fr\/wp-json\/wp\/v2\/media\/557176"}],"wp:attachment":[{"href":"https:\/\/www.europesays.com\/fr\/wp-json\/wp\/v2\/media?parent=557175"}],"wp:term":[{"taxonomy":"category","embeddable":true,"href":"https:\/\/www.europesays.com\/fr\/wp-json\/wp\/v2\/categories?post=557175"},{"taxonomy":"post_tag","embeddable":true,"href":"https:\/\/www.europesays.com\/fr\/wp-json\/wp\/v2\/tags?post=557175"}],"curies":[{"name":"wp","href":"https:\/\/api.w.org\/{rel}","templated":true}]}}