{"id":557181,"date":"2025-11-25T08:03:13","date_gmt":"2025-11-25T08:03:13","guid":{"rendered":"https:\/\/www.europesays.com\/fr\/557181\/"},"modified":"2025-11-25T08:03:13","modified_gmt":"2025-11-25T08:03:13","slug":"soprano-au-dome-de-marseille-pour-son-freedom-tour","status":"publish","type":"post","link":"https:\/\/www.europesays.com\/fr\/557181\/","title":{"rendered":"Soprano au D\u00f4me de Marseille pour son \u00ab Freedom tour \u00bb"},"content":{"rendered":"\n<p>Il aurait d\u00fb se produire le 11\u00a0octobre au stade V\u00e9lodrome. Mais des \u00ab\u00a0raisons techniques\u00a0\u00bb &#8211; la nouvelle pelouse du temple de l\u2019OM install\u00e9e l\u2019\u00e9t\u00e9 dernier n\u2019aurait pas pu supporter un tel concert\u00a0&#8211; l\u2019en ont emp\u00each\u00e9. Qu\u2019\u00e0 cela ne tienne, Soprano et son \u00e9quipe, bien que \u00ab\u00a0d\u00e9go\u00fbt\u00e9s\u00a0\u00bb, ont alors d\u00e9cid\u00e9 d\u2019organiser, en remplacement, deux nouvelles dates au D\u00f4me de Marseille, mardi 25 et mercredi 26 novembre.<\/p>\n<p>Qu\u2019importe le flacon, pourvu qu\u2019on ait l\u2019ivresse. Ces deux concerts s\u2019inscrivent dans le \u00ab\u00a0Freedom tour\u00a0\u00bb, du nom de l\u2019album en trois parties sorti entre 2024 et 25, qui passera \u00e9galement par le Z\u00e9nith de Toulon le 5\u00a0d\u00e9cembre ou encore l\u2019Arena d\u2019Aix-en-Provence, les 16 et 17\u00a0d\u00e9cembre.<\/p>\n<p> Du rap et de la pop\n              <\/p>\n<p>Dans le premier volume de cet opus, sorti en mai 2024, Soprano se laissait aller \u00e0 des chants empreints de libert\u00e9, tr\u00e8s marqu\u00e9s par la patte de son comp\u00e8re et Mc, <a href=\"https:\/\/www.lamarseillaise.fr\/culture\/fiesta-des-suds-youssoupha-decrispez-vous-n-ecoutez-pas-ceux-qui-vous-parlent-de-camps-GD18932150\" target=\"_blank\" rel=\"noopener\">Youssoupha<\/a>, avec lequel il a \u00e9crit certains titres tels que Facile \u00e0 danser ou encore Papa dis-moi, apparaissant m\u00eame \u00e0 ses c\u00f4t\u00e9s dans un couplet de la chanson Bellingham.<\/p>\n<p>Au cours de la deuxi\u00e8me partie de l\u2019album, intitul\u00e9e \u00c9mancipation, Soprano fait \u00e9talage de ce qui constitue son ADN, t\u00e9moignant de son maniement des mots, digne de la belle \u00e9poque de son groupe originel des Psy4 de la rime. Les rappeurs Alonzo et Vicenzo y font d\u2019ailleurs une apparition respective sur We are the champ et Ghostrider. Mention sp\u00e9ciale \u00e0 Balles sur mesures, o\u00f9 le rappeur pr\u00e9f\u00e9r\u00e9 des enfants renoue avec un rap martial qui rappelle ses d\u00e9buts il y a 20\u00a0ans, d\u00e9plorant un climat guerrier dans le pays et les m\u00e9faits des trafics\u00a0: \u00ab\u00a0Dans mon rez-de-chauss\u00e9e, les p\u2019tits sont dipl\u00f4m\u00e9s en THC. Pas en HEC, ok, pas tous, je sais \u00eatre positif, j\u2019essaie. On lui dit va bosser, mais son bac\u00a0+1 n\u2019a rien exauc\u00e9. Expos\u00e9 \u00e0 l\u2019argent facile depuis son balcon, la frustration a donn\u00e9 des armes \u00e0 Franklin et L\u00e9on. \u00bb Autant de pr\u00e9occupations qui ne sauraient pas non plus alt\u00e9rer la joie qu\u2019il prodigue \u00e0 des millions d\u2019auditeurs, sur le mod\u00e8le de la pop, comme l\u2019illustre la derni\u00e8re partie du disque, Renaissance. Toujours fid\u00e8le \u00e0 son optimisme, comme le symbolisent les guitares gitanes de Quoi qu\u2019il arrive, \u00e7a va aller.<\/p>\n","protected":false},"excerpt":{"rendered":"Il aurait d\u00fb se produire le 11\u00a0octobre au stade V\u00e9lodrome. Mais des \u00ab\u00a0raisons techniques\u00a0\u00bb &#8211; la nouvelle pelouse&hellip;\n","protected":false},"author":2,"featured_media":557182,"comment_status":"","ping_status":"","sticky":false,"template":"","format":"standard","meta":{"footnotes":""},"categories":[2814],"tags":[1111,11,1697,1777,674,1011,27,884,12,882,25],"class_list":{"0":"post-557181","1":"post","2":"type-post","3":"status-publish","4":"format-standard","5":"has-post-thumbnail","7":"category-marseille","8":"tag-actu","9":"tag-actualites","10":"tag-concert","11":"tag-eu","12":"tag-europe","13":"tag-fr","14":"tag-france","15":"tag-marseille","16":"tag-news","17":"tag-provence-alpes-cote-dazur","18":"tag-republique-francaise"},"share_on_mastodon":{"url":"https:\/\/pubeurope.com\/@fr\/115609299027129013","error":""},"_links":{"self":[{"href":"https:\/\/www.europesays.com\/fr\/wp-json\/wp\/v2\/posts\/557181","targetHints":{"allow":["GET"]}}],"collection":[{"href":"https:\/\/www.europesays.com\/fr\/wp-json\/wp\/v2\/posts"}],"about":[{"href":"https:\/\/www.europesays.com\/fr\/wp-json\/wp\/v2\/types\/post"}],"author":[{"embeddable":true,"href":"https:\/\/www.europesays.com\/fr\/wp-json\/wp\/v2\/users\/2"}],"replies":[{"embeddable":true,"href":"https:\/\/www.europesays.com\/fr\/wp-json\/wp\/v2\/comments?post=557181"}],"version-history":[{"count":0,"href":"https:\/\/www.europesays.com\/fr\/wp-json\/wp\/v2\/posts\/557181\/revisions"}],"wp:featuredmedia":[{"embeddable":true,"href":"https:\/\/www.europesays.com\/fr\/wp-json\/wp\/v2\/media\/557182"}],"wp:attachment":[{"href":"https:\/\/www.europesays.com\/fr\/wp-json\/wp\/v2\/media?parent=557181"}],"wp:term":[{"taxonomy":"category","embeddable":true,"href":"https:\/\/www.europesays.com\/fr\/wp-json\/wp\/v2\/categories?post=557181"},{"taxonomy":"post_tag","embeddable":true,"href":"https:\/\/www.europesays.com\/fr\/wp-json\/wp\/v2\/tags?post=557181"}],"curies":[{"name":"wp","href":"https:\/\/api.w.org\/{rel}","templated":true}]}}