{"id":557183,"date":"2025-11-25T08:04:16","date_gmt":"2025-11-25T08:04:16","guid":{"rendered":"https:\/\/www.europesays.com\/fr\/557183\/"},"modified":"2025-11-25T08:04:16","modified_gmt":"2025-11-25T08:04:16","slug":"la-tournee-de-soprano-passe-par-marseille-toulon-et-aix-en-provence","status":"publish","type":"post","link":"https:\/\/www.europesays.com\/fr\/557183\/","title":{"rendered":"La tourn\u00e9e de Soprano passe par Marseille, Toulon et Aix-en-Provence"},"content":{"rendered":"<p>A d\u00e9faut de pouvoir se produire en octobre dernier au stade V\u00e9lodrome, pour raison de changement de pelouse, Soprano a multipli\u00e9 les dates de son Freedom tour. Le coup de coeur d&rsquo;Herv\u00e9 Godard.<\/p>\n<p> <img decoding=\"async\" src=\"https:\/\/www.europesays.com\/fr\/wp-content\/uploads\/2025\/11\/1764057855_816_1280\" alt=\"illustration agrandir l'image\" style=\"--_image-preview:url('data:image\/jpeg;base64,\/9j\/2wBDACgcHiMeGSgjISMtKygwPGRBPDc3PHtYXUlkkYCZlo+AjIqgtObDoKrarYqMyP\/L2u71\/\/\/\/m8H\/\/\/\/6\/+b9\/\/j\/2wBDASstLTw1PHZBQXb4pYyl+Pj4+Pj4+Pj4+Pj4+Pj4+Pj4+Pj4+Pj4+Pj4+Pj4+Pj4+Pj4+Pj4+Pj4+Pj4+Pj4+Pj\/wAARCAAaACoDASIAAhEBAxEB\/8QAGAAAAwEBAAAAAAAAAAAAAAAAAQIDAAT\/xAAYEAEBAQEBAAAAAAAAAAAAAAAAARECEv\/EABUBAQEAAAAAAAAAAAAAAAAAAAAB\/8QAFBEBAAAAAAAAAAAAAAAAAAAAAP\/aAAwDAQACEQMRAD8A4oeJymlVFApdbUGpRtBROUZ0mKCnptIIH1iwVH\/\/2Q==');\" loading=\"lazy\" fetchpriority=\"low\" class=\"svelte-1cksh76 rounded\" onload=\"this.__e=event\" onerror=\"this.__e=event\"\/> Soprano suspendu \u00e0 la statue de la Libert\u00e9 \u00a9 Aucun(e) &#8211; Freedom Tour  <\/p>\n<p><a target=\"_blank\" rel=\"nofollow noopener noreferrer\" class=\"IciLink ici-link IciArticleLink g-ici-body-regular-1 underline brand svelte-1chfe2s\" href=\"https:\/\/www.soprano-lesite.fr\"><strong>Soprano<\/strong><\/a><strong>, Freedom Tour\u00a0: mardi 25 et mercredi 26 novembre 2025 \u00e0 20h au<\/strong> <a target=\"_blank\" rel=\"nofollow noopener noreferrer\" class=\"IciLink ici-link IciArticleLink g-ici-body-regular-1 underline brand svelte-1chfe2s\" href=\"https:\/\/dome.marseille.fr\/evenements\/soprano\"><strong>D\u00f4me de Marseille.<\/strong><\/a>\u00a0<strong>Le 5 d\u00e9cembre au<\/strong>\u00a0<a target=\"_blank\" rel=\"nofollow noopener noreferrer\" class=\"IciLink ici-link IciArticleLink g-ici-body-regular-1 underline brand svelte-1chfe2s\" href=\"https:\/\/zenith-toulon.com\/programmation\/soprano\/\"><strong>Zenith de Toulon<\/strong><\/a><strong>. Les 16 et 17 d\u00e9cembre \u00e0<\/strong>\u00a0<a target=\"_blank\" rel=\"nofollow noopener noreferrer\" class=\"IciLink ici-link IciArticleLink g-ici-body-regular-1 underline brand svelte-1chfe2s\" href=\"https:\/\/www.arenaaix.com\/event\/soprano\/\"><strong>l&rsquo;Arena du Pays d&rsquo;Aix<\/strong><\/a><strong>.<\/strong><\/p>\n<p>Le rappeur marseillais Soprano a repris la route en 2025 \u00e0 l&rsquo;occasion du Freedom tour. Apr\u00e8s l\u2019\u00e9norme succ\u00e8s de sa tourn\u00e9e Chasseur d\u2019\u00e9toiles, cette nouvelle s\u00e9rie de dates le voit fouler de nouveau les sc\u00e8nes en France, en Belgique et en Suisse. Les fans peuvent le retrouver dans de nombreuses villes, avec des \u00e9tapes majeures \u00e0 Marseille, Toulon et Aix-en-Provence dans des salles de type z\u00e9nith, \u00e0 d\u00e9faut de se produire le 11 octobre au stade V\u00e9lodrome. Cette date a \u00e9t\u00e9 annul\u00e9e car la nouvelle pelouse ne permettait pas l&rsquo;accueil du public. A signaler que Soprano va remplir\u00a0quatre fois l\u2019Accor Arena de Paris du 11 au 14 d\u00e9cembre.<\/p>\n<p><strong>Un d\u00e9cor d&rsquo;op\u00e9ra<\/strong><\/p>\n<p>Pour cette nouvelle tourn\u00e9e, le chanteur a choisi un symbole fort pour \u00eatre en accord avec le titre de son dernier album. Et d\u00e8s l\u2019entr\u00e9e, en apparaissant suspendu au diad\u00e8me de la statue de la libert\u00e9, Soprano a donn\u00e9 le ton dans un d\u00e9cor \u00e0 la hauteur de son \u00e9nergie d\u00e9bordante. C\u2019est un v\u00e9ritable voyage dans le temps de plus de 20 ans que le chanteur propose au public passant en revue les nouveaux tubes de ses albums Freedom et Emancipation, sortis en 2024, mais aussi ses anciens succ\u00e8s sans oublier\u00a0ses d\u00e9buts dans\u00a0le rap.<\/p>\n<p><a href=\"https:\/\/www.youtube.com\/watch?v=Z11M6CaaddY\" target=\"_blank\" rel=\"noopener noreferrer\" class=\"Youtube svelte-isxgy6\" style=\"background-image: url(https:\/\/i.ytimg.com\/vi\/Z11M6CaaddY\/sddefault.jpg);\"><\/p>\n<p>Soprano &#8211; Freedom (Clip officiel)<\/p>\n<p> <\/a> \u00c0 lire aussi   <img decoding=\"async\" src=\"https:\/\/www.europesays.com\/fr\/wp-content\/uploads\/2025\/11\/1764057856_557_400x400\" alt=\"\" style=\"--_image-preview:url('data:image\/jpeg;base64,\/9j\/2wBDACgcHiMeGSgjISMtKygwPGRBPDc3PHtYXUlkkYCZlo+AjIqgtObDoKrarYqMyP\/L2u71\/\/\/\/m8H\/\/\/\/6\/+b9\/\/j\/2wBDASstLTw1PHZBQXb4pYyl+Pj4+Pj4+Pj4+Pj4+Pj4+Pj4+Pj4+Pj4+Pj4+Pj4+Pj4+Pj4+Pj4+Pj4+Pj4+Pj4+Pj\/wAARCAAXACoDASIAAhEBAxEB\/8QAGAABAQEBAQAAAAAAAAAAAAAAAAECAwT\/xAAXEAEBAQEAAAAAAAAAAAAAAAAAARES\/8QAFgEBAQEAAAAAAAAAAAAAAAAAAAEC\/8QAFBEBAAAAAAAAAAAAAAAAAAAAAP\/aAAwDAQACEQMRAD8A91ZsbwxlpzxZGuVkBJGsakXFRMXAA5MAFkawFH\/\/2Q==');\" loading=\"lazy\" fetchpriority=\"low\" aria-hidden=\"true\" class=\"svelte-1cksh76 rounded\" onload=\"this.__e=event\" onerror=\"this.__e=event\"\/><a href=\"https:\/\/www.youtube.com\/watch?v=VB1drlHA-fQ\" target=\"_blank\" rel=\"noopener noreferrer\" class=\"Youtube svelte-isxgy6\" style=\"background-image: url(https:\/\/i.ytimg.com\/vi\/VB1drlHA-fQ\/sddefault.jpg);\"><\/p>\n<p>Soprano x Mehdi Ma\u00efzi : un parcours hors normes<\/p>\n<p> <\/a> <\/p>\n","protected":false},"excerpt":{"rendered":"A d\u00e9faut de pouvoir se produire en octobre dernier au stade V\u00e9lodrome, pour raison de changement de pelouse,&hellip;\n","protected":false},"author":2,"featured_media":557184,"comment_status":"","ping_status":"","sticky":false,"template":"","format":"standard","meta":{"footnotes":""},"categories":[2814],"tags":[1111,11,1777,674,1011,27,884,12,882,25],"class_list":{"0":"post-557183","1":"post","2":"type-post","3":"status-publish","4":"format-standard","5":"has-post-thumbnail","7":"category-marseille","8":"tag-actu","9":"tag-actualites","10":"tag-eu","11":"tag-europe","12":"tag-fr","13":"tag-france","14":"tag-marseille","15":"tag-news","16":"tag-provence-alpes-cote-dazur","17":"tag-republique-francaise"},"share_on_mastodon":{"url":"https:\/\/pubeurope.com\/@fr\/115609303961919351","error":""},"_links":{"self":[{"href":"https:\/\/www.europesays.com\/fr\/wp-json\/wp\/v2\/posts\/557183","targetHints":{"allow":["GET"]}}],"collection":[{"href":"https:\/\/www.europesays.com\/fr\/wp-json\/wp\/v2\/posts"}],"about":[{"href":"https:\/\/www.europesays.com\/fr\/wp-json\/wp\/v2\/types\/post"}],"author":[{"embeddable":true,"href":"https:\/\/www.europesays.com\/fr\/wp-json\/wp\/v2\/users\/2"}],"replies":[{"embeddable":true,"href":"https:\/\/www.europesays.com\/fr\/wp-json\/wp\/v2\/comments?post=557183"}],"version-history":[{"count":0,"href":"https:\/\/www.europesays.com\/fr\/wp-json\/wp\/v2\/posts\/557183\/revisions"}],"wp:featuredmedia":[{"embeddable":true,"href":"https:\/\/www.europesays.com\/fr\/wp-json\/wp\/v2\/media\/557184"}],"wp:attachment":[{"href":"https:\/\/www.europesays.com\/fr\/wp-json\/wp\/v2\/media?parent=557183"}],"wp:term":[{"taxonomy":"category","embeddable":true,"href":"https:\/\/www.europesays.com\/fr\/wp-json\/wp\/v2\/categories?post=557183"},{"taxonomy":"post_tag","embeddable":true,"href":"https:\/\/www.europesays.com\/fr\/wp-json\/wp\/v2\/tags?post=557183"}],"curies":[{"name":"wp","href":"https:\/\/api.w.org\/{rel}","templated":true}]}}