{"id":557189,"date":"2025-11-25T08:08:12","date_gmt":"2025-11-25T08:08:12","guid":{"rendered":"https:\/\/www.europesays.com\/fr\/557189\/"},"modified":"2025-11-25T08:08:12","modified_gmt":"2025-11-25T08:08:12","slug":"trafic-exceptionnel-ce-mardi-matin-avec-500-km-de-bouchons-en-ile-de-france-de-nombreux-accidents","status":"publish","type":"post","link":"https:\/\/www.europesays.com\/fr\/557189\/","title":{"rendered":"Trafic exceptionnel ce mardi matin avec 500\u00a0km de bouchons en \u00cele-de-France, de nombreux accidents"},"content":{"rendered":"<p class=\"paragraph text_align_left lp-f-body-02\">Une nouvelle matin\u00e9e de gal\u00e8re pour les automobilistes franciliens ce mardi. \u00c0 8h30, Sytadin, le site gouvernemental de r\u00e9f\u00e9rence sur le trafic routier en <a href=\"https:\/\/www.leparisien.fr\/info-paris-ile-de-france-oise\/\" target=\"_blank\" rel=\"noreferrer noopener\">\u00cele-de-France<\/a>, affichait 430\u00a0km de bouchons cumul\u00e9s sur l\u2019ensemble du r\u00e9seau. Un niveau exceptionnel qui ne cessait d\u2019empirer\u00a0: avant 9\u00a0heures, le compteur atteignait les 500\u00a0km, pla\u00e7ant la matin\u00e9e au-dessus de la courbe rouge.<\/p>\n<p class=\"paragraph text_align_left lp-f-body-02\">En cause\u00a0: une succession d\u2019accidents qui ont paralys\u00e9 les principaux axes d\u2019entr\u00e9e dans <a href=\"https:\/\/www.leparisien.fr\/paris-75\/\" target=\"_blank\" rel=\"noreferrer noopener\">la capitale<\/a>. Pas moins de sept \u00e9v\u00e9nements ont \u00e9t\u00e9 recens\u00e9s entre 7h28 et 8h31, provoquant des fermetures de voies et des ralentissements en cascade.<\/p>\n<p>Une s\u00e9rie noire d\u2019accidents<\/p>\n<p class=\"paragraph text_align_left lp-f-body-02\">Sur l\u2019A3, axe majeur en provenance de l\u2019est, deux v\u00e9hicules l\u00e9gers et un poids lourd sont entr\u00e9s en collision vers 8\u00a0heures entre Rosny et Romainville en Seine-Saint-Denis. L\u2019accident a n\u00e9cessit\u00e9 la fermeture de trois voies sur cinq \u00e0 gauche.<\/p>\n<p class=\"paragraph text_align_left lp-f-body-02\">Un peu plus t\u00f4t, \u00e0 7h28, un autre accrochage entre un v\u00e9hicule l\u00e9ger et un poids lourd s\u2019\u00e9tait produit sur l\u2019A103, entre Villemomble et Rosny, condamnant une voie sur deux \u00e0 droite.<\/p>\n<p class=\"paragraph text_align_left lp-f-body-02\">Du c\u00f4t\u00e9 du sud de Paris, l\u2019A6B a \u00e9galement connu des difficult\u00e9s. \u00c0 8h30, un accident impliquant un v\u00e9hicule l\u00e9ger et un poids lourd a bloqu\u00e9 une voie sur trois entre Wissous et Fresnes.<\/p>\n<p class=\"paragraph text_align_left lp-f-body-02\">\u00c0 l\u2019ouest, sur l\u2019A12 dans les Yvelines, deux v\u00e9hicules l\u00e9gers sont entr\u00e9s en collision \u00e0 8\u00a0heures entre Fontenay-le-Fleury et Rocquencourt, fermant deux voies sur quatre \u00e0 gauche.<\/p>\n<p class=\"paragraph text_align_left lp-f-body-02\">Le <a href=\"https:\/\/www.leparisien.fr\/info-paris-ile-de-france-oise\/transports\/paris-un-an-apres-le-peripherique-a-50-kmh-a-t-il-balaye-toutes-les-inquietudes-01-10-2025-5CNDLMEPMVGQ5K5OYH57MSQWMQ.php\" target=\"_blank\" rel=\"noreferrer noopener\">boulevard p\u00e9riph\u00e9rique<\/a> n\u2019a pas \u00e9t\u00e9 \u00e9pargn\u00e9. \u00c0 8h21, un accident a eu lieu au niveau de Bagnolet, sur la portion int\u00e9rieure en direction de l\u2019A3, fermant une voie sur deux.<\/p>\n<p class=\"paragraph text_align_left lp-f-body-02\">Enfin, sur l\u2019A1, un accident corporel impliquant un v\u00e9hicule l\u00e9ger et une moto s\u2019est produit \u00e0 8h30 \u00e0 Saint-Denis, r\u00e9duisant la circulation d\u2019une voie sur trois.<\/p>\n","protected":false},"excerpt":{"rendered":"Une nouvelle matin\u00e9e de gal\u00e8re pour les automobilistes franciliens ce mardi. \u00c0 8h30, Sytadin, le site gouvernemental de&hellip;\n","protected":false},"author":2,"featured_media":68461,"comment_status":"","ping_status":"","sticky":false,"template":"","format":"standard","meta":{"footnotes":""},"categories":[1592],"tags":[1111,11,1777,674,1011,27,662,1944,12,626,25,2382],"class_list":{"0":"post-557189","1":"post","2":"type-post","3":"status-publish","4":"format-standard","5":"has-post-thumbnail","7":"category-ile-de-france","8":"tag-actu","9":"tag-actualites","10":"tag-eu","11":"tag-europe","12":"tag-fr","13":"tag-france","14":"tag-ile-de-france","15":"tag-ma-ville","16":"tag-news","17":"tag-paris","18":"tag-republique-francaise","19":"tag-transport-idf-oise"},"share_on_mastodon":{"url":"https:\/\/pubeurope.com\/@fr\/115609318512640318","error":""},"_links":{"self":[{"href":"https:\/\/www.europesays.com\/fr\/wp-json\/wp\/v2\/posts\/557189","targetHints":{"allow":["GET"]}}],"collection":[{"href":"https:\/\/www.europesays.com\/fr\/wp-json\/wp\/v2\/posts"}],"about":[{"href":"https:\/\/www.europesays.com\/fr\/wp-json\/wp\/v2\/types\/post"}],"author":[{"embeddable":true,"href":"https:\/\/www.europesays.com\/fr\/wp-json\/wp\/v2\/users\/2"}],"replies":[{"embeddable":true,"href":"https:\/\/www.europesays.com\/fr\/wp-json\/wp\/v2\/comments?post=557189"}],"version-history":[{"count":0,"href":"https:\/\/www.europesays.com\/fr\/wp-json\/wp\/v2\/posts\/557189\/revisions"}],"wp:featuredmedia":[{"embeddable":true,"href":"https:\/\/www.europesays.com\/fr\/wp-json\/wp\/v2\/media\/68461"}],"wp:attachment":[{"href":"https:\/\/www.europesays.com\/fr\/wp-json\/wp\/v2\/media?parent=557189"}],"wp:term":[{"taxonomy":"category","embeddable":true,"href":"https:\/\/www.europesays.com\/fr\/wp-json\/wp\/v2\/categories?post=557189"},{"taxonomy":"post_tag","embeddable":true,"href":"https:\/\/www.europesays.com\/fr\/wp-json\/wp\/v2\/tags?post=557189"}],"curies":[{"name":"wp","href":"https:\/\/api.w.org\/{rel}","templated":true}]}}