{"id":557190,"date":"2025-11-25T08:09:10","date_gmt":"2025-11-25T08:09:10","guid":{"rendered":"https:\/\/www.europesays.com\/fr\/557190\/"},"modified":"2025-11-25T08:09:10","modified_gmt":"2025-11-25T08:09:10","slug":"un-incendie-dans-un-immeuble-fait-quatorze-blesses-dont-deux-graves","status":"publish","type":"post","link":"https:\/\/www.europesays.com\/fr\/557190\/","title":{"rendered":"un incendie dans un immeuble fait quatorze bless\u00e9s, dont deux graves"},"content":{"rendered":"<p>                    Par<br \/>\n        <strong><br \/>\n            <a href=\"https:\/\/actu.fr\/auteur\/redaction-paris\" title=\"Consulter tous les articles de R\u00e9daction Paris\" target=\"_blank\" rel=\"noopener\">R\u00e9daction Paris<\/a><br \/>\n                    <\/strong><\/p>\n<p>        Publi\u00e9 le<\/p>\n<p>            25 nov. 2025 \u00e0 8h42        <\/p>\n<p>Les sapeurs-pompiers de Paris sont intervenus rue du Simplon et boulevard Ornano, dans le 18e arrondissement, lundi 24 novembre 2025 aux alentours de 23 heures, en raison d\u2019un <a href=\"https:\/\/actu.fr\/tag\/incendie\" target=\"_blank\" rel=\"noopener\">incendie<\/a> au <strong>rez-de-chauss\u00e9e d\u2019un immeuble<\/strong>, a appris actu Paris aupr\u00e8s de la <a href=\"https:\/\/actu.fr\/tag\/brigade-de-sapeurs-pompiers-de-paris\" target=\"_blank\" rel=\"noopener\">BSPP<\/a>.<\/p>\n<p>Une surveillance toujours en cours<\/p>\n<p class=\" wall-content\">\u00c0 leur arriv\u00e9e sur place, les secouristes ont constat\u00e9 que des fum\u00e9es s\u2019\u00e9chappaient du rez-de-chauss\u00e9e et envahissaient les six \u00e9tages du b\u00e2timent, dont les escaliers, <strong>emp\u00eachant les habitants de sortir<\/strong>. Des camions avec \u00e9chelles ont donc \u00e9t\u00e9 d\u00e9ploy\u00e9s pour \u00e9vacuer l\u2019immeuble.<\/p>\n<p class=\" wall-content\">Malgr\u00e9 cette man\u0153uvre, <strong>quatorze personnes ont \u00e9t\u00e9 bless\u00e9es<\/strong>, dont deux gravement. L\u2019une d\u2019entre elles, en arr\u00eat cardio-respiratoire, a d\u00fb \u00eatre r\u00e9anim\u00e9e sur place avant d\u2019\u00eatre transport\u00e9e \u00e0 l\u2019h\u00f4pital. Vingt autres personnes ont \u00e9t\u00e9 incommod\u00e9es par les fum\u00e9es.<\/p>\n<p class=\" wall-content\">\n<p class=\" wall-content\">L\u2019op\u00e9ration a pris fin en d\u00e9but de matin\u00e9e, mais une <strong>surveillance<\/strong> des lieux a \u00e9t\u00e9 mise en place pour \u00e9viter tout risque de reprise.<\/p>\n<p class=\" wall-content\">Personnalisez votre actualit\u00e9 en ajoutant vos villes et m\u00e9dias en favori avec <a href=\"https:\/\/moncompte.actu.fr\" title=\"D\u00e9couvez Mon Actu\" rel=\"nofollow noopener\" data-trk=\"{&quot;cta&quot;:{&quot;action&quot;:&quot;https:\\\/\\\/moncompte.actu.fr&quot;,&quot;category&quot;:&quot;mon compte&quot;,&quot;from&quot;:&quot;article footer&quot;,&quot;name&quot;:&quot;Mon actu&quot;,&quot;type&quot;:&quot;cta&quot;}}\" target=\"_blank\">Mon Actu<\/a>.<\/p>\n","protected":false},"excerpt":{"rendered":"Par R\u00e9daction Paris Publi\u00e9 le 25 nov. 2025 \u00e0 8h42 Les sapeurs-pompiers de Paris sont intervenus rue du&hellip;\n","protected":false},"author":2,"featured_media":557191,"comment_status":"","ping_status":"","sticky":false,"template":"","format":"standard","meta":{"footnotes":""},"categories":[1888],"tags":[1111,1928,11,1927,3056,1777,674,118,1011,27,1310,12,1926,626,1925,1311,25],"class_list":{"0":"post-557190","1":"post","2":"type-post","3":"status-publish","4":"format-standard","5":"has-post-thumbnail","7":"category-paris","8":"tag-actu","9":"tag-actu-paris","10":"tag-actualites","11":"tag-actualites-paris","12":"tag-brigade-de-sapeurs-pompiers-de-paris","13":"tag-eu","14":"tag-europe","15":"tag-faits-divers","16":"tag-fr","17":"tag-france","18":"tag-incendie","19":"tag-news","20":"tag-news-paris","21":"tag-paris","22":"tag-paris-news","23":"tag-pompiers","24":"tag-republique-francaise"},"share_on_mastodon":{"url":"https:\/\/pubeurope.com\/@fr\/115609322326039721","error":""},"_links":{"self":[{"href":"https:\/\/www.europesays.com\/fr\/wp-json\/wp\/v2\/posts\/557190","targetHints":{"allow":["GET"]}}],"collection":[{"href":"https:\/\/www.europesays.com\/fr\/wp-json\/wp\/v2\/posts"}],"about":[{"href":"https:\/\/www.europesays.com\/fr\/wp-json\/wp\/v2\/types\/post"}],"author":[{"embeddable":true,"href":"https:\/\/www.europesays.com\/fr\/wp-json\/wp\/v2\/users\/2"}],"replies":[{"embeddable":true,"href":"https:\/\/www.europesays.com\/fr\/wp-json\/wp\/v2\/comments?post=557190"}],"version-history":[{"count":0,"href":"https:\/\/www.europesays.com\/fr\/wp-json\/wp\/v2\/posts\/557190\/revisions"}],"wp:featuredmedia":[{"embeddable":true,"href":"https:\/\/www.europesays.com\/fr\/wp-json\/wp\/v2\/media\/557191"}],"wp:attachment":[{"href":"https:\/\/www.europesays.com\/fr\/wp-json\/wp\/v2\/media?parent=557190"}],"wp:term":[{"taxonomy":"category","embeddable":true,"href":"https:\/\/www.europesays.com\/fr\/wp-json\/wp\/v2\/categories?post=557190"},{"taxonomy":"post_tag","embeddable":true,"href":"https:\/\/www.europesays.com\/fr\/wp-json\/wp\/v2\/tags?post=557190"}],"curies":[{"name":"wp","href":"https:\/\/api.w.org\/{rel}","templated":true}]}}