{"id":557198,"date":"2025-11-25T08:17:26","date_gmt":"2025-11-25T08:17:26","guid":{"rendered":"https:\/\/www.europesays.com\/fr\/557198\/"},"modified":"2025-11-25T08:17:26","modified_gmt":"2025-11-25T08:17:26","slug":"kiev-denonce-les-frappes-russes-comme-une-reaction-terroriste-de-vladimir-poutine-au-plan-americain","status":"publish","type":"post","link":"https:\/\/www.europesays.com\/fr\/557198\/","title":{"rendered":"Kiev d\u00e9nonce les frappes russes comme une \u00ab\u00a0r\u00e9action terroriste\u00a0\u00bb de Vladimir Poutine au plan am\u00e9ricain"},"content":{"rendered":"<p>Aujourd&rsquo;hui \u00e0 09h13<\/p>\n<p>Les Ukrainiens se r\u00e9fugient dans les stations de m\u00e9tro \u00e0 Kiev<\/p>\n<p>Des personnes se r\u00e9fugient dans les stations de m\u00e9tro \u00e0 la suite des attaques a\u00e9rienne \u00e0 Kiev.<\/p>\n<p><img decoding=\"async\" loading=\"lazy\" width=\"2048\" height=\"1365\" src=\"https:\/\/www.europesays.com\/fr\/wp-content\/uploads\/2025\/11\/Ukraine-2188952.jpg\"  alt=\"Des personnes se r\u00e9fugient dans une station de m\u00e9tro \u00e0 Kiev le 25 novembre 2025.\" title=\"Des personnes se r\u00e9fugient dans une station de m\u00e9tro \u00e0 Kiev le 25 novembre 2025.\"\/>Des personnes se r\u00e9fugient dans une station de m\u00e9tro \u00e0 Kiev le 25 novembre 2025. \u00a9 SERGEI GAPON<img decoding=\"async\" loading=\"lazy\" width=\"2048\" height=\"1365\" src=\"https:\/\/www.europesays.com\/fr\/wp-content\/uploads\/2025\/11\/UKRAINE-2188953.jpg\"  alt=\"Des personnes se r\u00e9fugient dans une station de m\u00e9tro \u00e0 Kiev le 25 novembre 2025.\" title=\"Des personnes se r\u00e9fugient dans une station de m\u00e9tro \u00e0 Kiev le 25 novembre 2025.\"\/>Des personnes se r\u00e9fugient dans une station de m\u00e9tro \u00e0 Kiev le 25 novembre 2025. \u00a9 YAN DOBRONOSOV<\/p>\n<p>Aujourd&rsquo;hui \u00e0 08h52<\/p>\n<p>L&rsquo;Ukraine d\u00e9nonce une \u00ab\u00a0r\u00e9action terroriste\u00a0\u00bb de Vladimir Poutine au plan de paix am\u00e9ricain<\/p>\n<p>Le chef de la diplomatie ukrainienne, Andrii Sybiha, d\u00e9nonce sur X une \u00ab\u00a0r\u00e9action terroriste\u00a0\u00bb de la Russie apr\u00e8s des frappes ayant fait au moins six morts, alors que Vladimir Poutine semble faire pression sur Kiev pour forcer l&rsquo;adoption du plan de paix am\u00e9ricain.<\/p>\n<p>Aujourd&rsquo;hui \u00e0 08h50<\/p>\n<p>Des immeubles r\u00e9sidentiels endommag\u00e9s dans les frappes russes \u00e0 Kiev<\/p>\n<p>Plusieurs immeubles r\u00e9sidentiels ont \u00e9t\u00e9 endommag\u00e9s \u00e0 Kiev lors des frappes russes qui ont fait au moins six morts cette nuit. Les pompiers sont \u00e0 pied d&rsquo;oeuvre pour \u00e9teindre les incendies.<\/p>\n<p><img decoding=\"async\" loading=\"lazy\" width=\"2048\" height=\"1429\" src=\"https:\/\/www.europesays.com\/fr\/wp-content\/uploads\/2025\/11\/UKRAINE-2188928.jpg\"  alt=\"Des pompiers transportent un corps \u00e0 l'ext\u00e9rieur d'un immeuble r\u00e9sidentiel apr\u00e8s des frappes russes \u00e0 Kiev le 25 novembre 2025.\" title=\"Des pompiers transportent un corps \u00e0 l'ext\u00e9rieur d'un immeuble r\u00e9sidentiel apr\u00e8s des frappes russes \u00e0 Kiev le 25 novembre 2025.\"\/>Des pompiers transportent un corps \u00e0 l&rsquo;ext\u00e9rieur d&rsquo;un immeuble r\u00e9sidentiel apr\u00e8s des frappes russes \u00e0 Kiev le 25 novembre 2025. \u00a9 GENYA SAVILOV<img decoding=\"async\" loading=\"lazy\" width=\"1280\" height=\"960\" src=\"https:\/\/www.europesays.com\/fr\/wp-content\/uploads\/2025\/11\/UKRAINE-2188935.jpg\"  alt=\"Des pompiers sont en train d'\u00e9teindre un incendie dans un immeuble r\u00e9sidentiel apr\u00e8s des frappes russes \u00e0 Kiev le 25 novembre 2025\" title=\"Des pompiers sont en train d'\u00e9teindre un incendie dans un immeuble r\u00e9sidentiel apr\u00e8s des frappes russes \u00e0 Kiev le 25 novembre 2025\"\/>Des pompiers sont en train d&rsquo;\u00e9teindre un incendie dans un immeuble r\u00e9sidentiel apr\u00e8s des frappes russes \u00e0 Kiev le 25 novembre 2025 \u00a9 UKRAINIAN STATE EMERGENCY SERVICE<img decoding=\"async\" loading=\"lazy\" width=\"2048\" height=\"1365\" src=\"https:\/\/www.europesays.com\/fr\/wp-content\/uploads\/2025\/11\/UKRAINE-2188933.jpg\"  alt=\"Un immeuble r\u00e9sidentiel endommag\u00e9 apr\u00e8s des frappes russes \u00e0 Kiev le 25 novembre 2025\" title=\"Un immeuble r\u00e9sidentiel endommag\u00e9 apr\u00e8s des frappes russes \u00e0 Kiev le 25 novembre 2025\"\/>Un immeuble r\u00e9sidentiel endommag\u00e9 apr\u00e8s des frappes russes \u00e0 Kiev le 25 novembre 2025 \u00a9 GENYA SAVILOV<\/p>\n<p>Aujourd&rsquo;hui \u00e0 08h06<\/p>\n<p>Emmanuel Macron estime que des soldats fran\u00e7ais pourraient \u00eatre envoy\u00e9s en Ukraine \u00ab\u00a0loin de la zone de front\u00a0\u00bb apr\u00e8s un cessez-le-feu<\/p>\n<p>\u00c0 la fin de la guerre, des soldats fran\u00e7ais pourraient \u00eatre envoy\u00e9s en Ukraine \u00ab\u00a0loin de la zone de front\u00a0\u00bb, annonce sur RTL Emmanuel Macron.<\/p>\n<p>\u00ab\u00a0Jamais nous n&rsquo;avons pr\u00e9vu d&rsquo;\u00eatre sur la zone de front, mais dans des sites de repli \u00e0 Kiev et \u00e0 Odessa, par exemple, on mettra en place des forces de r\u00e9assurance\u00a0\u00bb pour proc\u00e9der \u00ab\u00a0\u00e0 des entra\u00eenements, des s\u00e9curisations comme nous le faisons dans d&rsquo;autres pays\u00a0\u00bb, indique le chef de l&rsquo;\u00c9tat.<\/p>\n<p>Une \u00ab\u00a0force de r\u00e9assurance a\u00e9rienne\u00a0\u00bb pourra \u00e9galement \u00eatre bas\u00e9e dans les \u00ab\u00a0pays voisins\u00a0\u00bb, pr\u00e9cise Emmanuel Macron, mais avec \u00ab\u00a0des op\u00e9rations en lien avec l&rsquo;arm\u00e9e de l&rsquo;air ukrainienne\u00a0\u00bb. \u00ab\u00a0Il ne faut pas paniquer les Fran\u00e7ais. Je vois beaucoup de gens qui veulent faire peur en disant qu&rsquo;on va tout de suite envoyer des troupes. C&rsquo;est faux\u00a0\u00bb.<\/p>\n<p>Aujourd&rsquo;hui \u00e0 07h59<\/p>\n<p>Emmanuel Macron assure qu&rsquo;il ne s&rsquo;agit pas \u00ab\u00a0d&rsquo;envoyer nos jeunes en Ukraine\u00a0\u00bb<\/p>\n<p>Un nouveau service national doit \u00eatre annonc\u00e9 dans les prochains jours. Mais Emmanuel Macron a tenu \u00e0 affirmer sur RTL qu&rsquo;il fallait \u00ab\u00a0supprimer toute id\u00e9e confuse qui consisterait \u00e0 dire qu&rsquo;on va envoyer nos jeunes en Ukraine\u00a0\u00bb.<\/p>\n<p>Aujourd&rsquo;hui \u00e0 07h53<\/p>\n<p>\u00ab\u00a0Il continue de tuer des civils\u00a0\u00bb: Emmanuel Macron juge que Vladimir Poutine ne veut pas d&rsquo;un cessez-le-feu<\/p>\n<p>Pour Emmanuel Macron, le pr\u00e9sident russe Vladimir Poutine ne souhaite pas mettre fin \u00e0 la guerre en Ukraine.<\/p>\n<p>\u00ab\u00a0S&rsquo;il le voulait, il le ferait. Mais aujourd&rsquo;hui, il continue de tuer des civils, y compris \u00e0 Kiev et continue de d\u00e9truire m\u00e9thodiquement tout ce qui est \u00e9nergie et \u00e9lectricit\u00e9 plonger la population dans le froid et le noir\u00a0\u00bb, estime Emmanuel Macron. \u00ab\u00a0La paix commence par un cessez-le-feu\u00a0\u00bb.<\/p>\n<p>Aujourd&rsquo;hui \u00e0 07h51<\/p>\n<p>Emmanuel Macron estime que le plan de Donald Trump va \u00ab\u00a0dans le bon sens\u00a0\u00bb mais ne veut pas d&rsquo;une paix qui soit une capitulation\u00a0\u00bb pour Kiev<\/p>\n<p>Au lendemain des discussions qui ont eu lieu \u00e0 Gen\u00e8ve, le pr\u00e9sident Emmanuel Macron estime que le plan de paix am\u00e9ricain m\u00e9ritait d&rsquo;\u00eatre r\u00e9vis\u00e9.<\/p>\n<p>\u00ab\u00a0Le plan qui a \u00e9t\u00e9 propos\u00e9 par les \u00c9tats-Unis est une d\u00e9marche qui va dans le bon sens: la paix. Ensuite, il y a des \u00e9l\u00e9ments qui m\u00e9ritaient d&rsquo;\u00eatre discut\u00e9s et am\u00e9lior\u00e9s. Personne ne peut dire aux Ukrainiens quelles concessions territoriales ils sont pr\u00eats \u00e0 faire\u00a0\u00bb, consid\u00e8re le chef de l&rsquo;\u00c9tat.<\/p>\n<p>\u00ab\u00a0Nous voulons la paix, mais nous ne voulons pas une paix qui soit une capitulation qui mette l&rsquo;Ukraine dans une situation impossible et qui donne la possibilit\u00e9 \u00e0 la Russie de continuer d&rsquo;aller plus loin et de mettre notre s\u00e9curit\u00e9 \u00e0 tous en danger\u00a0\u00bb, estime Emmanuel Macron.<\/p>\n<p>Aujourd&rsquo;hui \u00e0 07h31<\/p>\n<p>\u00ab\u00a0La puissance qui nous menace le plus\u00a0\u00bb: Emmanuel Macron estime que \u00ab\u00a0nous devons montrer que nous ne sommes pas faibles\u00a0\u00bb face \u00e0 la Russie<\/p>\n<p>Avant la r\u00e9union de la \u00ab\u00a0Coalition des volontaires\u00a0\u00bb, le pr\u00e9sident Emmanuel Macron estime, au micro de <a href=\"https:\/\/www.rtl.fr\/actu\/politique\/document-rtl-m6-nous-aurions-tort-d-etre-faibles-face-a-cette-menace-pour-emmanuel-macron-la-russie-mene-une-confrontation-strategique-avec-les-europeens-7900570802\" target=\"_blank\" class=\"external_link\" rel=\"noopener\">RTL<\/a>, que la Russie m\u00e8ne des \u00ab\u00a0guerres hybrides\u00a0\u00bb sur le sol europ\u00e9en, y compris en France.<\/p>\n<p>\u00ab\u00a0Le jour o\u00f9 vous donnez un signal de faiblesse \u00e0 la Russie, qui au fond depuis 10 ans a fait un choix strat\u00e9gique, celui de redevenir une puissance imp\u00e9riale, c&rsquo;est-\u00e0-dire d&rsquo;avancer partout o\u00f9 on est faible. Eh bien, elle va continuer d&rsquo;avancer\u00a0\u00bb, affirme le chef de l&rsquo;\u00c9tat.<\/p>\n<blockquote class=\"embed embed_quote\"><p>\u00ab\u00a0Nous devons montrer que nous ne sommes pas faibles avec la puissance qui nous menace le plus\u00a0\u00bb, a-t-il insist\u00e9.<\/p><\/blockquote>\n<p>Aujourd&rsquo;hui \u00e0 07h15<\/p>\n<p>Les infrastructures \u00e9nerg\u00e9tiques principalement vis\u00e9es<\/p>\n<p>\u00c0 l&rsquo;approche de l&rsquo;hiver, la Russie attaque syst\u00e9matiquement les centrales et stations \u00e9lectriques de l&rsquo;Ukraine depuis le lancement de son invasion en f\u00e9vrier 2022, provoquant d&rsquo;incessantes coupures de courant. Cette ann\u00e9e, les frappes se sont intensifi\u00e9es et visent aussi les sites gaziers.<\/p>\n<p>L&rsquo;Ukraine vise de son c\u00f4t\u00e9 r\u00e9guli\u00e8rement des d\u00e9p\u00f4ts et raffineries de p\u00e9trole et d&rsquo;autres installations en Russie.<\/p>\n<p>Aujourd&rsquo;hui \u00e0 07h12<\/p>\n<p>La Russie dit avoir intercept\u00e9 249 drones ukrainiens<\/p>\n<p>Le minist\u00e8re russe de la D\u00e9fense a affirm\u00e9 que 249 drones ukrainiens avaient \u00e9t\u00e9 abattus dans la nuit au-dessus du pays, un des chiffres les plus \u00e9lev\u00e9s depuis le d\u00e9but du conflit.<\/p>\n<p>Aujourd&rsquo;hui \u00e0 07h10<\/p>\n<p>Six mort \u00e0 Kiev<\/p>\n<p>Le bilan de frappes nocturnes russes sur Kiev monte \u00e0 6 morts, annoncent les autorit\u00e9s municipales ukrainiennes.<\/p>\n<p>Aujourd&rsquo;hui \u00e0 07h04<\/p>\n<p>R\u00e9union aujourd&rsquo;hui de la \u00ab\u00a0Coalition des volontaires\u00a0\u00bb<\/p>\n<p>Les pays de la \u00ab\u00a0Coalition des volontaires\u00a0\u00bb, qui r\u00e9unit les alli\u00e9s de l&rsquo;Ukraine, se r\u00e9uniront aujourd&rsquo;hui en visio-conf\u00e9rence pour continuer \u00e0 discuter du plan am\u00e9ricain.<\/p>\n<p>\u00ab\u00a0On sait que s&rsquo;il n&rsquo;y a pas des \u00e9l\u00e9ments de la dissuasion\u00a0\u00bb dans un plan de paix pour l&rsquo;Ukraine, \u00ab\u00a0les Russes reviendront et trahiront leur promesse\u00a0\u00bb, avait averti samedi le pr\u00e9sident Emmanuel Macron en annon\u00e7ant cette r\u00e9union.<\/p>\n<p>Aujourd&rsquo;hui \u00e0 07h03<\/p>\n<p>Au moins trois morts et huit bless\u00e9s en Russie<\/p>\n<p>En Russie, au moins trois personnes sont mortes et huit ont \u00e9t\u00e9 bless\u00e9es lors d&rsquo;une attaque ukrainienne contre la ville portuaire de Taganrog et le district voisin de Neklinovsky, au bord de la mer d&rsquo;Azov, dans la r\u00e9gion de Rostov, a annonc\u00e9 sur Telegram le gouverneur r\u00e9gional Iouri Slioussar.<\/p>\n<p>Les autorit\u00e9s de la r\u00e9gion russe de Krasnodar, sur la mer Noire, ont \u00e9galement fait \u00e9tat d&rsquo;une attaque a\u00e9rienne ukrainienne d&rsquo;ampleur contre plusieurs villes.<\/p>\n<p>Aujourd&rsquo;hui \u00e0 07h03<\/p>\n<p>Au moins deux morts et six bless\u00e9s \u00e0 Kiev<\/p>\n<p>Du c\u00f4t\u00e9 de Kiev, plusieurs s\u00e9ries d&rsquo;explosions ont retenti t\u00f4t dans la matin\u00e9e apr\u00e8s une alerte a\u00e9rienne d\u00e9clench\u00e9e dans tout le pays.<\/p>\n<p>Les autorit\u00e9s ont fait \u00e9tat d&rsquo;au moins deux morts et six bless\u00e9s dans deux immeubles d&rsquo;habitation touch\u00e9s. Le maire de Kiev Vitali Klitschko a indiqu\u00e9 que la distribution de l&rsquo;eau et de l&rsquo;\u00e9nergie \u00e9tait perturb\u00e9e dans la capitale.<\/p>\n<p>Aujourd&rsquo;hui \u00e0 07h02<\/p>\n<p>Nouvelle nuit d&rsquo;attaques massives en Ukraine et en Russie<\/p>\n<p>Bonjour \u00e0 toutes et tous et bienvenue dans ce direct consacr\u00e9 \u00e0 la guerre en Ukraine.<\/p>\n<p>Plusieurs personnes ont \u00e9t\u00e9 tu\u00e9es cette nuit lors d&rsquo;attaques massives en Ukraine et en Russie, ont indiqu\u00e9 respectivement les autorit\u00e9s locales ce mardi 25 novembre, tandis que le plan de paix am\u00e9ricain fait toujours l&rsquo;objet de crispations.<\/p>\n","protected":false},"excerpt":{"rendered":"Aujourd&rsquo;hui \u00e0 09h13 Les Ukrainiens se r\u00e9fugient dans les stations de m\u00e9tro \u00e0 Kiev Des personnes se r\u00e9fugient&hellip;\n","protected":false},"author":2,"featured_media":557199,"comment_status":"","ping_status":"","sticky":false,"template":"","format":"standard","meta":{"footnotes":""},"categories":[1591],"tags":[11,1887,12,1885,1886,132],"class_list":{"0":"post-557198","1":"post","2":"type-post","3":"status-publish","4":"format-standard","5":"has-post-thumbnail","7":"category-russie","8":"tag-actualites","9":"tag-federation-de-russie","10":"tag-news","11":"tag-russia","12":"tag-russian-federation","13":"tag-russie"},"share_on_mastodon":{"url":"https:\/\/pubeurope.com\/@fr\/115609354905983514","error":""},"_links":{"self":[{"href":"https:\/\/www.europesays.com\/fr\/wp-json\/wp\/v2\/posts\/557198","targetHints":{"allow":["GET"]}}],"collection":[{"href":"https:\/\/www.europesays.com\/fr\/wp-json\/wp\/v2\/posts"}],"about":[{"href":"https:\/\/www.europesays.com\/fr\/wp-json\/wp\/v2\/types\/post"}],"author":[{"embeddable":true,"href":"https:\/\/www.europesays.com\/fr\/wp-json\/wp\/v2\/users\/2"}],"replies":[{"embeddable":true,"href":"https:\/\/www.europesays.com\/fr\/wp-json\/wp\/v2\/comments?post=557198"}],"version-history":[{"count":0,"href":"https:\/\/www.europesays.com\/fr\/wp-json\/wp\/v2\/posts\/557198\/revisions"}],"wp:featuredmedia":[{"embeddable":true,"href":"https:\/\/www.europesays.com\/fr\/wp-json\/wp\/v2\/media\/557199"}],"wp:attachment":[{"href":"https:\/\/www.europesays.com\/fr\/wp-json\/wp\/v2\/media?parent=557198"}],"wp:term":[{"taxonomy":"category","embeddable":true,"href":"https:\/\/www.europesays.com\/fr\/wp-json\/wp\/v2\/categories?post=557198"},{"taxonomy":"post_tag","embeddable":true,"href":"https:\/\/www.europesays.com\/fr\/wp-json\/wp\/v2\/tags?post=557198"}],"curies":[{"name":"wp","href":"https:\/\/api.w.org\/{rel}","templated":true}]}}