{"id":557200,"date":"2025-11-25T08:18:16","date_gmt":"2025-11-25T08:18:16","guid":{"rendered":"https:\/\/www.europesays.com\/fr\/557200\/"},"modified":"2025-11-25T08:18:16","modified_gmt":"2025-11-25T08:18:16","slug":"nouvelle-nuit-dattaques-aeriennes-massives-en-ukraine-et-en-russie","status":"publish","type":"post","link":"https:\/\/www.europesays.com\/fr\/557200\/","title":{"rendered":"nouvelle nuit d\u2019attaques a\u00e9riennes massives en Ukraine et en Russie"},"content":{"rendered":"<p>L\u2019Ukraine comme la Russie ont fait \u00e9tat mardi 25\u00a0novembre au matin de frappes a\u00e9riennes \u00ab\u00a0massives\u00a0\u00bb de l\u2019ennemi sur leurs territoires, avec au moins trois morts dans la r\u00e9gion russe de Rostov et au moins six c\u00f4t\u00e9 ukrainien, o\u00f9 le secteur \u00e9nerg\u00e9tique et la capitale Kiev ont encore une fois \u00e9t\u00e9 vis\u00e9s.<\/p>\n<p>Ces nouvelles attaques aux missiles et aux drones interviennent alors que la Russie, qui a menac\u00e9 d\u2019intensifier les bombardements si Kiev n\u2019acceptait pas <a target=\"_self\" href=\"https:\/\/www.lanouvellerepublique.fr\/a-la-une\/guerre-en-ukraine-un-accord-de-paix-devra-pleinement-respecter-la-souverainete-du-pays-disent-kiev-et-washington-1763971584\" rel=\"noopener\">le plan du pr\u00e9sident am\u00e9ricain Donald Trump pour mettre fin au conflit<\/a>, a rejet\u00e9 lundi une contre-proposition europ\u00e9enne \u00e0 ce projet consid\u00e9r\u00e9 comme largement favorable \u00e0 ses int\u00e9r\u00eats.<\/p>\n<p>Pr\u00e8s de 250 drones ukrainiens abattus<\/p>\n<p>En Russie, au moins trois personnes sont mortes et huit ont \u00e9t\u00e9 bless\u00e9es lors d\u2019une attaque ukrainienne contre la ville portuaire de Taganrog et le district voisin de Neklinovsky, au bord de la mer d&rsquo;Azov, dans la r\u00e9gion de Rostov, a annonc\u00e9 sur Telegram le gouverneur r\u00e9gional Iouri Slioussar.<\/p>\n<p>Les autorit\u00e9s de la r\u00e9gion russe de Krasnodar, sur la mer Noire, ont \u00e9galement fait \u00e9tat d\u2019une attaque a\u00e9rienne ukrainienne d\u2019ampleur contre plusieurs villes. \u00ab\u00a0Cette nuit, le territoire a subi une des attaques du r\u00e9gime de Kiev les plus soutenues et les plus massives. Six habitants de la r\u00e9gion ont \u00e9t\u00e9 bless\u00e9s, et au moins vingt logements dans cinq municipalit\u00e9s ont \u00e9t\u00e9 endommag\u00e9s\u00a0\u00bb, a \u00e9crit le gouverneur r\u00e9gional Veniamine Kondratiev. Le minist\u00e8re russe de la D\u00e9fense a affirm\u00e9 que 249 drones ukrainiens avaient \u00e9t\u00e9 abattus dans la nuit au-dessus du pays, un des chiffres les plus \u00e9lev\u00e9s depuis le d\u00e9but du conflit.<\/p>\n<p>Les infrastructures \u00e9nerg\u00e9tiques cibl\u00e9es<\/p>\n<p>En Ukraine, des frappes russes sur Kiev ont fait au moins six morts, selon les autorit\u00e9s. \u00ab\u00a0Quatre personnes ont \u00e9t\u00e9 tu\u00e9es et au moins trois bless\u00e9es\u00a0\u00bb dans le quartier Sviatochynsky (ouest), a indiqu\u00e9 le chef de l\u2019administration militaire de Kiev Timour Tkatchenko. Plus t\u00f4t, les secouristes avaient d\u00e9j\u00e0 fait \u00e9tat de deux habitants tu\u00e9s dans un immeuble r\u00e9sidentiel dans le quartier Dniprovsky (est).\u00a0Le maire de Kiev, Vitali Klitschko, a indiqu\u00e9 que la distribution de l\u2019eau et de l\u2019\u00e9nergie \u00e9tait perturb\u00e9e dans la capitale.<\/p>\n<p>Le minist\u00e8re de l\u2019\u00c9nergie a de son c\u00f4t\u00e9 fait \u00e9tat d&rsquo;\u00ab\u00a0une attaque massive combin\u00e9e de l\u2019ennemi contre les infrastructures \u00e9nerg\u00e9tiques\u00a0\u00bb. Cette ann\u00e9e, <a target=\"_self\" href=\"https:\/\/www.lanouvellerepublique.fr\/a-la-une\/guerre-en-ukraine-kiev-ciblee-par-une-vaste-attaque-russe-au-moins-un-mort-et-vingt-cinq-blesses-1763103336\" rel=\"noopener\">les frappes se sont encore intensifi\u00e9es<\/a> et visent aussi les sites gaziers. L\u2019Ukraine vise de son c\u00f4t\u00e9 r\u00e9guli\u00e8rement des d\u00e9p\u00f4ts et raffineries de p\u00e9trole et d\u2019autres installations en Russie.<\/p>\n<p>Un plan de paix europ\u00e9en \u00ab\u00a0pas du tout constructif\u00a0\u00bb, dit la Russie<\/p>\n<p>Cette nouvelle nuit d\u2019affrontements survient apr\u00e8s que la Russie a rejet\u00e9 lundi des propositions europ\u00e9ennes pour <a target=\"_self\" href=\"https:\/\/www.lanouvellerepublique.fr\/a-la-une\/guerre-en-ukraine-ce-que-contient-precisement-le-projet-de-plan-de-paix-de-donald-trump-en-28-points-1763713373\" rel=\"noopener\">amender le plan Trump sur l\u2019Ukraine<\/a>. \u00ab\u00a0Nous avons appris l\u2019existence d\u2019un plan europ\u00e9en qui, \u00e0 premi\u00e8re vue, n\u2019est pas du tout constructif et ne nous convient pas\u00a0\u00bb, a d\u00e9clar\u00e9 le conseiller diplomatique du pr\u00e9sident russe Vladimir Poutine, Iouri Ouchakov, selon l\u2019agence officielle Tass.<\/p>\n<p><a target=\"_self\" href=\"https:\/\/www.lanouvellerepublique.fr\/a-la-une\/guerre-en-ukraine-kiev-et-ses-allies-cherchent-a-resserrer-les-rangs-face-au-plan-trump-1763799286\" rel=\"noopener\">Les pays de la \u00ab\u00a0coalition des volontaires\u00a0\u00bb<\/a>, qui r\u00e9unit les alli\u00e9s de l\u2019Ukraine, doivent reprendre mardi leurs discussions sur le plan am\u00e9ricain. \u00ab\u00a0On sait que s\u2019il n\u2019y a pas des \u00e9l\u00e9ments de la dissuasion\u00a0\u00bb dans un plan de paix pour l\u2019Ukraine, \u00ab\u00a0les Russes reviendront et trahiront leur promesse\u00a0\u00bb, a estim\u00e9 samedi le pr\u00e9sident fran\u00e7ais Emmanuel Macron en annon\u00e7ant cette r\u00e9union.<\/p>\n<p>Si le pr\u00e9sident ukrainien Volodymyr Zelensky a salu\u00e9 lundi des avanc\u00e9es, il a estim\u00e9 qu\u2019il fallait \u00ab\u00a0beaucoup plus\u00a0\u00bb pour parvenir \u00e0 une \u00ab\u00a0paix r\u00e9elle\u00a0\u00bb avec la Russie.<\/p>\n","protected":false},"excerpt":{"rendered":"L\u2019Ukraine comme la Russie ont fait \u00e9tat mardi 25\u00a0novembre au matin de frappes a\u00e9riennes \u00ab\u00a0massives\u00a0\u00bb de l\u2019ennemi sur&hellip;\n","protected":false},"author":2,"featured_media":557201,"comment_status":"","ping_status":"","sticky":false,"template":"","format":"standard","meta":{"footnotes":""},"categories":[1590],"tags":[328,11,10411,1777,674,329,74,12,132,220],"class_list":{"0":"post-557200","1":"post","2":"type-post","3":"status-publish","4":"format-standard","5":"has-post-thumbnail","7":"category-ukraine","8":"tag-a-la-une","9":"tag-actualites","10":"tag-conflits","11":"tag-eu","12":"tag-europe","13":"tag-france-monde","14":"tag-monde","15":"tag-news","16":"tag-russie","17":"tag-ukraine"},"share_on_mastodon":{"url":"https:\/\/pubeurope.com\/@fr\/115609357796573792","error":""},"_links":{"self":[{"href":"https:\/\/www.europesays.com\/fr\/wp-json\/wp\/v2\/posts\/557200","targetHints":{"allow":["GET"]}}],"collection":[{"href":"https:\/\/www.europesays.com\/fr\/wp-json\/wp\/v2\/posts"}],"about":[{"href":"https:\/\/www.europesays.com\/fr\/wp-json\/wp\/v2\/types\/post"}],"author":[{"embeddable":true,"href":"https:\/\/www.europesays.com\/fr\/wp-json\/wp\/v2\/users\/2"}],"replies":[{"embeddable":true,"href":"https:\/\/www.europesays.com\/fr\/wp-json\/wp\/v2\/comments?post=557200"}],"version-history":[{"count":0,"href":"https:\/\/www.europesays.com\/fr\/wp-json\/wp\/v2\/posts\/557200\/revisions"}],"wp:featuredmedia":[{"embeddable":true,"href":"https:\/\/www.europesays.com\/fr\/wp-json\/wp\/v2\/media\/557201"}],"wp:attachment":[{"href":"https:\/\/www.europesays.com\/fr\/wp-json\/wp\/v2\/media?parent=557200"}],"wp:term":[{"taxonomy":"category","embeddable":true,"href":"https:\/\/www.europesays.com\/fr\/wp-json\/wp\/v2\/categories?post=557200"},{"taxonomy":"post_tag","embeddable":true,"href":"https:\/\/www.europesays.com\/fr\/wp-json\/wp\/v2\/tags?post=557200"}],"curies":[{"name":"wp","href":"https:\/\/api.w.org\/{rel}","templated":true}]}}