{"id":557202,"date":"2025-11-25T08:19:13","date_gmt":"2025-11-25T08:19:13","guid":{"rendered":"https:\/\/www.europesays.com\/fr\/557202\/"},"modified":"2025-11-25T08:19:13","modified_gmt":"2025-11-25T08:19:13","slug":"nicolas-maduro-repond-aux-etats-unis-ils-ne-pourront-pas-vaincre-le-venezuela","status":"publish","type":"post","link":"https:\/\/www.europesays.com\/fr\/557202\/","title":{"rendered":"Nicolas Maduro r\u00e9pond aux \u00c9tats-Unis : \u00ab Ils ne pourront pas vaincre le Venezuela \u00bb"},"content":{"rendered":"<p>Publi\u00e925. novembre 2025, 08:38<\/p>\n<p>Tensions USA-Venezuela: \u00abQuoi qu&rsquo;ils fassent, ils ne pourront pas vaincre le Venezuela\u00bb<\/p>\n<p>Les \u00c9tats-Unis pr\u00e9tendent que Nicolas Maduro serait \u00e0 la t\u00eate du \u00abCartel des Soleils\u00bb. Ce dernier rejette ces accusations.<\/p>\n<p><img loading=\"lazy\" decoding=\"async\" src=\"https:\/\/www.europesays.com\/fr\/wp-content\/uploads\/2025\/11\/c74ff036-9130-41a3-869d-3bc5ac4aa687.jpg\" alt=\"Les autorit\u00e9s v\u00e9n\u00e9zu\u00e9liennes affirment que le d\u00e9ploiement am\u00e9ricain est un pr\u00e9texte pour renverser le pr\u00e9sident Maduro et s\u2019emparer des r\u00e9serves p\u00e9troli\u00e8res du pays.\" title=\"Les autorit\u00e9s v\u00e9n\u00e9zu\u00e9liennes affirment que le d\u00e9ploiement am\u00e9ricain est un pr\u00e9texte pour renverser le pr\u00e9sident Maduro et s\u2019emparer des r\u00e9serves p\u00e9troli\u00e8res du pays.\"  width=\"1200\" height=\"776\"\/><\/p>\n<p>Les autorit\u00e9s v\u00e9n\u00e9zu\u00e9liennes affirment que le d\u00e9ploiement am\u00e9ricain est un pr\u00e9texte pour renverser le pr\u00e9sident Maduro et s\u2019emparer des r\u00e9serves p\u00e9troli\u00e8res du pays.<\/p>\n<p>AFP<\/p>\n<p>Le Venezuela a qualifi\u00e9, lundi, la d\u00e9signation par Washington du Cartel des Soleils comme organisation terroriste de \u00abnouveau et ridicule mensonge\u00bb visant \u00e0 justifier une intervention militaire \u00abill\u00e9gitime\u00bb, en pleine crise entre les deux pays. Les \u00c9tats-Unis ont d\u00e9ploy\u00e9 dans les Cara\u00efbes le plus grand porte-avions du monde, accompagn\u00e9 d\u2019une flottille de navires de guerre, officiellement pour des op\u00e9rations antidrogue, visant particuli\u00e8rement le Venezuela.<\/p>\n<p>Lundi, ils ont annonc\u00e9 la visite du chef d\u2019\u00e9tat-major am\u00e9ricain, le g\u00e9n\u00e9ral Dan Caine, \u00e0 Trinit\u00e9-et-Tobago, petit archipel anglophone situ\u00e9 \u00e0 une dizaine de kilom\u00e8tres des c\u00f4tes v\u00e9n\u00e9zu\u00e9liennes, qui a accueilli ces derni\u00e8res semaines des exercices avec des Marines et un bateau de guerre. La visite sera ax\u00e9e notamment sur \u00abla lutte contre le trafic illicite et les organisations criminelles transnationales\u00bb, selon le texte de l\u2019ambassade am\u00e9ricaine, qui pr\u00e9cise que le g\u00e9n\u00e9ral rencontrera, mardi, la Premi\u00e8re ministre trinidadienne, Kamla Persad-Bissessar.<\/p>\n<p>Les \u00c9tats-Unis ont proc\u00e9d\u00e9 \u00e0 une vingtaine de frappes a\u00e9riennes contre des bateaux de narcotrafiquants pr\u00e9sum\u00e9s, tuant au moins 83 personnes. Le \u00abCartel de los Soles\u00bb est une organisation dont l\u2019existence reste \u00e0 d\u00e9montrer, selon de nombreux experts, qui \u00e9voquent plut\u00f4t des r\u00e9seaux de corruption permissifs envers les activit\u00e9s illicites.<\/p>\n<p>\u00abNous sommes invincibles\u00bb dit Maduro<\/p>\n<p>\u00abLe Venezuela rejette de mani\u00e8re cat\u00e9gorique, ferme et absolue le nouveau et ridicule mensonge du Secr\u00e9taire du D\u00e9partement d\u2019\u00c9tat, Marco Rubio, qui d\u00e9signe comme organisation terroriste le pr\u00e9tendu Cartel des Soleils (&#8230;) pour justifier une intervention ill\u00e9gitime et ill\u00e9gale contre le Venezuela\u00bb, selon le communiqu\u00e9 du minist\u00e8re des Affaires \u00e9trang\u00e8res.<\/p>\n<p>\u00abQuoi qu\u2019ils fassent, o\u00f9 qu\u2019ils le fassent, peu importe comment ils s\u2019y prennent, ils ne pourront pas vaincre le Venezuela. Nous sommes invincibles\u00bb, a d\u00e9clar\u00e9, lundi, le pr\u00e9sident v\u00e9n\u00e9zu\u00e9lien, Nicolas Maduro, lors de son \u00e9mission t\u00e9l\u00e9vis\u00e9e hebdomadaire. Washington accuse M. Maduro d\u2019\u00eatre \u00e0 la t\u00eate du Cartel des Soleils et offre 50 millions de dollars pour sa capture.<\/p>\n<p>Les autorit\u00e9s v\u00e9n\u00e9zu\u00e9liennes affirment que le d\u00e9ploiement am\u00e9ricain est un pr\u00e9texte pour renverser le pr\u00e9sident Maduro et s\u2019emparer des r\u00e9serves p\u00e9troli\u00e8res du pays. \u00abChaque jour, ils inventent une \u00a0\u00bbconnerie\u00a0\u00bb diff\u00e9rente (&#8230;) pour pointer du doigt le Venezuela et ainsi justifier ce qu\u2019ils veulent\u00bb, a d\u00e9clar\u00e9 lundi, le ministre de l\u2019Int\u00e9rieur, Diosdado Cabello, qui a annonc\u00e9 une \u00abgrande\u00bb mobilisation, mardi, en faveur de la \u00absouverainet\u00e9\u00bb et de l&rsquo;\u00abind\u00e9pendance\u00bb.<\/p>\n<p>Des compagnies a\u00e9riennes annulent leurs vols<\/p>\n<p>M. Rubio avait demand\u00e9 le 16 novembre le classement du cartel comme \u00aborganisation terroriste \u00e9trang\u00e8re\u00bb (FTO), ce qui a \u00e9t\u00e9 officialis\u00e9 lundi. Cette liste comprend des groupes islamistes ou s\u00e9paratistes, des gu\u00e9rillas et, plus r\u00e9cemment, des gangs. \u00abLe Cartel des soleils est maintenant une organisation terroriste. Ridicules, ils sont ridicules. Ils se r\u00e9p\u00e8tent. C\u2019est pourquoi ils vont d\u2019\u00e9chec en \u00e9chec\u00bb, a lanc\u00e9 la vice-pr\u00e9sidente Delcy Rodriguez. \u00abS\u2019ils voulaient vraiment combattre le narcotrafic, ils devraient aller en \u00c9quateur (&#8230;) Le Venezuela n\u2019est ni producteur, ni trafiquant\u00bb, a-t-elle ajout\u00e9, d\u00e9non\u00e7ant \u00abune provocation et une escalade\u00bb.<\/p>\n<p>Washington souffle le chaud et le froid sur la possibilit\u00e9 de frappes sur le territoire v\u00e9n\u00e9zu\u00e9lien. Donald Trump a autoris\u00e9 des actions clandestines de la CIA au Venezuela et rappel\u00e9 qu\u2019il n\u2019excluait pas une intervention militaire, tout en assurant qu\u2019il allait parler avec M. Maduro. La d\u00e9signation sur la liste des FTO ne mentionne pas une intervention militaire, mais \u00abcela ouvre un \u00e9ventail de possibilit\u00e9s, tant militaires que de sanctions, \u00e0 l\u2019administration Trump pour continuer \u00e0 exercer des pressions\u00bb, a expliqu\u00e9 \u00e0 l\u2019AFP, Juan Manuel Trak, universitaire au Mexique. Selon lui, \u00abcette mont\u00e9e de la pression g\u00e9n\u00e8re la perception qu\u2019une sorte d\u2019attaque est presque imminente\u00bb.<\/p>\n<p>Plusieurs compagnies a\u00e9riennes ont annul\u00e9 leurs liaisons avec le Venezuela, apr\u00e8s que les \u00c9tats-Unis ont averti l\u2019aviation civile d\u2019une \u00abaugmentation de l\u2019activit\u00e9 militaire\u00bb dans la r\u00e9gion. Le Venezuela fait d\u00e9j\u00e0 l\u2019objet de sanctions am\u00e9ricaines depuis 2019, avec notamment un embargo p\u00e9trolier qui oblige Caracas \u00e0 vendre son p\u00e9trole au noir avec des rabais. Certains \u00e9conomistes estiment que cette nouvelle mesure pourrait encore asphyxier davantage une \u00e9conomie d\u00e9j\u00e0 tr\u00e8s fragile, avec une grande partie de la population vivant dans la pauvret\u00e9.<\/p>\n<p>Tu nous suis d\u00e9j\u00e0 sur WhatsApp?<\/p>\n<p>Abonne-toi \u00e0 notre cha\u00eene, active la petite \ud83d\udd14 et tu recevras un <strong>r\u00e9cap de l&rsquo;actu<\/strong> chaque jour en <strong>d\u00e9but de soir\u00e9e<\/strong>.<\/p>\n<p>(afp\/yb)<\/p>\n","protected":false},"excerpt":{"rendered":"Publi\u00e925. novembre 2025, 08:38 Tensions USA-Venezuela: \u00abQuoi qu&rsquo;ils fassent, ils ne pourront pas vaincre le Venezuela\u00bb Les \u00c9tats-Unis&hellip;\n","protected":false},"author":2,"featured_media":557203,"comment_status":"","ping_status":"","sticky":false,"template":"","format":"standard","meta":{"footnotes":""},"categories":[1589],"tags":[11,73,1866,12,1864,1865,1863,308],"class_list":{"0":"post-557202","1":"post","2":"type-post","3":"status-publish","4":"format-standard","5":"has-post-thumbnail","7":"category-etats-unis","8":"tag-actualites","9":"tag-etats-unis","10":"tag-etats-unis-damerique","11":"tag-news","12":"tag-united-states","13":"tag-united-states-of-america","14":"tag-us","15":"tag-usa"},"share_on_mastodon":{"url":"https:\/\/pubeurope.com\/@fr\/115609362574431211","error":""},"_links":{"self":[{"href":"https:\/\/www.europesays.com\/fr\/wp-json\/wp\/v2\/posts\/557202","targetHints":{"allow":["GET"]}}],"collection":[{"href":"https:\/\/www.europesays.com\/fr\/wp-json\/wp\/v2\/posts"}],"about":[{"href":"https:\/\/www.europesays.com\/fr\/wp-json\/wp\/v2\/types\/post"}],"author":[{"embeddable":true,"href":"https:\/\/www.europesays.com\/fr\/wp-json\/wp\/v2\/users\/2"}],"replies":[{"embeddable":true,"href":"https:\/\/www.europesays.com\/fr\/wp-json\/wp\/v2\/comments?post=557202"}],"version-history":[{"count":0,"href":"https:\/\/www.europesays.com\/fr\/wp-json\/wp\/v2\/posts\/557202\/revisions"}],"wp:featuredmedia":[{"embeddable":true,"href":"https:\/\/www.europesays.com\/fr\/wp-json\/wp\/v2\/media\/557203"}],"wp:attachment":[{"href":"https:\/\/www.europesays.com\/fr\/wp-json\/wp\/v2\/media?parent=557202"}],"wp:term":[{"taxonomy":"category","embeddable":true,"href":"https:\/\/www.europesays.com\/fr\/wp-json\/wp\/v2\/categories?post=557202"},{"taxonomy":"post_tag","embeddable":true,"href":"https:\/\/www.europesays.com\/fr\/wp-json\/wp\/v2\/tags?post=557202"}],"curies":[{"name":"wp","href":"https:\/\/api.w.org\/{rel}","templated":true}]}}