{"id":55721,"date":"2025-04-27T01:35:03","date_gmt":"2025-04-27T01:35:03","guid":{"rendered":"https:\/\/www.europesays.com\/fr\/55721\/"},"modified":"2025-04-27T01:35:03","modified_gmt":"2025-04-27T01:35:03","slug":"les-boulangers-auront-ils-bientot-le-droit-douvrir-le-1er-mai","status":"publish","type":"post","link":"https:\/\/www.europesays.com\/fr\/55721\/","title":{"rendered":"Les boulangers auront-ils bient\u00f4t le droit d\u2019ouvrir le 1er-mai\u00a0?"},"content":{"rendered":"<p>Les Fran\u00e7aises et les Fran\u00e7ais auront-ils du pain frais le 1er-mai\u00a0? a en croire les derniers \u00e9pisodes, politiques, de ce vieux d\u00e9bat, il semble qu\u2019on tienne le bon bout (le quignon, donc). Les s\u00e9nateurs centristes ont en effet d\u00e9pos\u00e9 une proposition de loi pour permettre aux \u00e9tablissements d\u00e9j\u00e0 autoris\u00e9s \u00e0 ouvrir le dimanche de pouvoir le faire le 1er-mai, visant notamment les boulangers et fleuristes, avec l\u2019appui du gouvernement qui a dit samedi \u00e0 l\u2019AFP \u00ab\u00a0soutenir cette initiative\u00a0\u00bb.<\/p>\n<p>Cette initiative entend r\u00e9pondre \u00e0 la pol\u00e9mique de ces derniers jours autour des boulangers, dont certains avaient subi l\u2019an pass\u00e9 des contr\u00f4les inopin\u00e9s de l\u2019inspection du Travail en ce traditionnel jour f\u00e9ri\u00e9.<\/p>\n<p>Un d\u00e9cret croustillant<\/p>\n<p>La proposition de loi, port\u00e9e par la s\u00e9natrice de Vend\u00e9e Annick Billon et le patron du groupe Union centriste Herv\u00e9 Marseille, veut adapter \u00ab\u00a0le droit aux r\u00e9alit\u00e9s du terrain\u00a0\u00bb, selon le texte consult\u00e9 par l\u2019AFP, en modifiant le Code du Travail.<\/p>\n<\/p>\n<p>Si le texte est adopt\u00e9, pourront travailler les salari\u00e9s des \u00e9tablissements et services \u00ab\u00a0dont le fonctionnement ou l\u2019ouverture est rendu n\u00e9cessaire par les contraintes de la production, de l\u2019activit\u00e9 ou les besoins du public\u00a0\u00bb. La liste des cat\u00e9gories concern\u00e9es, qui est la m\u00eame que celle permettant \u00e0 certaines entreprises d\u2019ouvrir le dimanche, serait fix\u00e9e par d\u00e9cret.<\/p>\n<p>Y figurent donc les boulangers, dont la convention collective autorisait certes d\u00e9j\u00e0 l\u2019ouverture le 1er-mai, mais dans un certain flou juridique. La possibilit\u00e9 pour ces entreprises de faire travailler des salari\u00e9s ce jour-l\u00e0 reposait jusqu\u2019\u00e0 pr\u00e9sent sur une position minist\u00e9rielle du 23\u00a0mai 1986. Mais cette d\u00e9rogation est devenue obsol\u00e8te apr\u00e8s une d\u00e9cision de la Cour de cassation en\u00a02006.<\/p>\n<p>Pour le patrimoine<\/p>\n<p>\u00ab\u00a0Il ne s\u2019agit en aucun cas de remettre en cause le caract\u00e8re f\u00e9ri\u00e9 et ch\u00f4m\u00e9 de cette journ\u00e9e, mais de reconna\u00eetre la sp\u00e9cificit\u00e9 de certaines activit\u00e9s &#8211; \u00e0 l\u2019instar des boulangeries ou des fleuristes &#8211; qui participent pleinement \u00e0 notre vie quotidienne et \u00e0 notre patrimoine culturel\u00a0\u00bb, plaident les auteurs de la proposition de loi, qui esp\u00e8rent l\u2019inscrire \u00e0 l\u2019ordre du jour du S\u00e9nat \u00ab\u00a0avant fin juin\u00a0\u00bb.<\/p>\n<p>De son c\u00f4t\u00e9, la ministre Christine Vautrin (Travail, Sant\u00e9, Solidarit\u00e9s) a dit \u00e0 l\u2019AFP que \u00ab\u00a0le gouvernement soutiendra cette initiative, car elle vient s\u00e9curiser notre droit et r\u00e9pondre aux attentes des boulangers, mais aussi de tous ceux dont l\u2019activit\u00e9 est indispensable\u00a0\u00bb, \u00ab\u00a0dans le respect absolu du volontariat\u00a0\u00bb des salari\u00e9s. \u00ab\u00a0Ce texte ne se limite pas aux boulangers\u00a0: il apportera de la clart\u00e9 et de la s\u00e9curit\u00e9 juridique pour toutes les professions concern\u00e9es\u00a0\u00bb, a-t-elle insist\u00e9.<\/p>\n<p>La CGT r\u00e9siste<\/p>\n<p>Vendredi, cinq boulangers de Vend\u00e9e avaient \u00e9t\u00e9 relax\u00e9s par le tribunal de police de La Roche-sur-Yon apr\u00e8s avoir refus\u00e9 de signer un rappel \u00e0 la loi lors d\u2019un contr\u00f4le par l\u2019inspection du Travail le 1er\u00a0mai 2024. Ils avaient aussi \u00e9t\u00e9 verbalis\u00e9s, l\u2019amende encourue \u00e9tant de 750 euros par salari\u00e9 concern\u00e9, 1.500 euros quand celui-ci est mineur.<\/p>\n<p>Dans un communiqu\u00e9, la CGT avait dit s\u2019opposer \u00ab\u00a0\u00e0 toute remise en cause du caract\u00e8re f\u00e9ri\u00e9 et ch\u00f4m\u00e9 du 1er-mai\u00a0\u00bb et avait soutenu les agents de contr\u00f4le de l\u2019inspection du travail \u00ab\u00a0qui interviennent pour le faire respecter\u00a0\u00bb.<\/p>\n","protected":false},"excerpt":{"rendered":"Les Fran\u00e7aises et les Fran\u00e7ais auront-ils du pain frais le 1er-mai\u00a0? a en croire les derniers \u00e9pisodes, politiques,&hellip;\n","protected":false},"author":2,"featured_media":55722,"comment_status":"","ping_status":"","sticky":false,"template":"","format":"standard","meta":{"footnotes":""},"categories":[4],"tags":[10916,47,11,416,9634,15059,1011,27,12,25,1004,104],"class_list":{"0":"post-55721","1":"post","2":"type-post","3":"status-publish","4":"format-standard","5":"has-post-thumbnail","7":"category-france","8":"tag-1er-mai","9":"tag-actualite","10":"tag-actualites","11":"tag-assemblee-nationale","12":"tag-boulangerie","13":"tag-droit-du-travail","14":"tag-fr","15":"tag-france","16":"tag-news","17":"tag-republique-francaise","18":"tag-senat","19":"tag-societe"},"share_on_mastodon":{"url":"https:\/\/pubeurope.com\/@fr\/114407363374468543","error":""},"_links":{"self":[{"href":"https:\/\/www.europesays.com\/fr\/wp-json\/wp\/v2\/posts\/55721","targetHints":{"allow":["GET"]}}],"collection":[{"href":"https:\/\/www.europesays.com\/fr\/wp-json\/wp\/v2\/posts"}],"about":[{"href":"https:\/\/www.europesays.com\/fr\/wp-json\/wp\/v2\/types\/post"}],"author":[{"embeddable":true,"href":"https:\/\/www.europesays.com\/fr\/wp-json\/wp\/v2\/users\/2"}],"replies":[{"embeddable":true,"href":"https:\/\/www.europesays.com\/fr\/wp-json\/wp\/v2\/comments?post=55721"}],"version-history":[{"count":0,"href":"https:\/\/www.europesays.com\/fr\/wp-json\/wp\/v2\/posts\/55721\/revisions"}],"wp:featuredmedia":[{"embeddable":true,"href":"https:\/\/www.europesays.com\/fr\/wp-json\/wp\/v2\/media\/55722"}],"wp:attachment":[{"href":"https:\/\/www.europesays.com\/fr\/wp-json\/wp\/v2\/media?parent=55721"}],"wp:term":[{"taxonomy":"category","embeddable":true,"href":"https:\/\/www.europesays.com\/fr\/wp-json\/wp\/v2\/categories?post=55721"},{"taxonomy":"post_tag","embeddable":true,"href":"https:\/\/www.europesays.com\/fr\/wp-json\/wp\/v2\/tags?post=55721"}],"curies":[{"name":"wp","href":"https:\/\/api.w.org\/{rel}","templated":true}]}}