{"id":557212,"date":"2025-11-25T08:24:15","date_gmt":"2025-11-25T08:24:15","guid":{"rendered":"https:\/\/www.europesays.com\/fr\/557212\/"},"modified":"2025-11-25T08:24:15","modified_gmt":"2025-11-25T08:24:15","slug":"le-meilleur-et-le-pire-tirage-pour-le-xv-de-france","status":"publish","type":"post","link":"https:\/\/www.europesays.com\/fr\/557212\/","title":{"rendered":"le meilleur et le pire tirage pour le XV de France"},"content":{"rendered":"<p>\n    Le mercredi 3 d\u00e9cembre sera effectu\u00e9, \u00e0 Sydney (Australie), le tirage au sort des six poules du Mondial 2027. Les Bleus b\u00e9n\u00e9ficient du statut de t\u00eate de s\u00e9rie. Mode d\u2019emploi.<\/p>\n<p class=\"fig-paragraph\"><a href=\"http:\/\/www.lefigaro.fr\/sports\/rugby\/xv-de-france\/xv-de-france-les-points-noirs-de-la-tournee-d-automne-20251123\" data-fig-type=\"Article\" data-gtm-custom-categorie=\"navigation\" data-gtm-custom-action=\"crossclick\" data-gtm-custom-label=\"Contextuel\" data-gtm-event=\"customEventSPE\" data-fig-domain=\"LEFIGARO\" target=\"_blank\" rel=\"noopener\">La tourn\u00e9e de novembre<\/a>\u00a0a rendu son verdict. Ce lundi, World Rugby a mis \u00e0 jour son classement mondial des nations et les chapeaux pour le tirage au sort des poules de la prochaine Coupe du monde &#8211; qui se tiendra\u00a0<a href=\"http:\/\/www.lefigaro.fr\/sports\/rugby\/mondial-2027-de-rugby-world-rugby-annonce-que-le-match-d-ouverture-aura-lieu-a-perth-et-la-finale-a-sydney-20250130\" data-fig-type=\"NewsFlash\" data-gtm-custom-categorie=\"navigation\" data-gtm-custom-action=\"crossclick\" data-gtm-custom-label=\"Contextuel\" data-gtm-event=\"customEventSPE\" data-fig-domain=\"LEFIGARO\" target=\"_blank\" rel=\"noopener\">en Australie du 1er octobre au 13 novembre 2027<\/a>\u00a0&#8211; sont d\u00e9sormais officiels.<\/p>\n<p class=\"fig-paragraph\">Un tirage au sort qui sera effectu\u00e9 le mercredi 3 d\u00e9cembre \u00e0 Sydney (\u00e0 10h, heure fran\u00e7aise) par la l\u00e9gende All Blacks Dan Carter, l\u2019ancien capitaine et joueur le plus cap\u00e9 de l\u2019histoire des Wallabies,\u00a0<a href=\"http:\/\/www.lefigaro.fr\/flash-sport\/le-rugbyman-james-slipper-recordman-de-selections-avec-l-australie-annonce-sa-retraite-internationale-20251001\" data-fig-type=\"NewsFlash\" data-gtm-custom-categorie=\"navigation\" data-gtm-custom-action=\"crossclick\" data-gtm-custom-label=\"Contextuel\" data-gtm-event=\"customEventSPE\" data-fig-domain=\"LEFIGARO\" target=\"_blank\" rel=\"noopener\">James Slipper,<\/a>\u00a0et sa compatriote Alicia Lucas, championne olympique de rugby \u00e0 7.<\/p>\n<p>                                    <a class=\"fig-a11y-skip a11y-hidden\" href=\"#fig-a11y-skip-main-inarticle\"><br \/>\n        Passer la publicit\u00e9<br \/>\n    <\/a><\/p>\n<p><strong>Les chapeaux du tirage au sort<\/strong><\/p>\n<p class=\"fig-paragraph\"><a href=\"http:\/\/www.lefigaro.fr\/sports\/rugby\/xv-de-france\/xv-de-france-et-maintenant-place-au-tournoi-et-a-une-annee-2026-chargee-20251124\" data-fig-type=\"Article\" data-gtm-custom-categorie=\"navigation\" data-gtm-custom-action=\"crossclick\" data-gtm-custom-label=\"Contextuel\" data-gtm-event=\"customEventSPE\" data-fig-domain=\"LEFIGARO\" target=\"_blank\" rel=\"noopener\">Le XV de France<\/a>\u00a0a conserv\u00e9 sa place dans le top 6, ce qui lui permet d\u2019\u00eatre t\u00eate de s\u00e9rie. Contrairement \u00e0 l\u2019Australie, 7e, le pays h\u00f4te ne b\u00e9n\u00e9ficiant pas d\u2019un passe-droit en rugby. Les autres membres de ce chapeau sont l\u2019Afrique du Sud, la Nouvelle-Z\u00e9lande, l\u2019Angleterre, l\u2019Irlande et l\u2019Argentine.<\/p>\n<p class=\"fig-paragraph\"><strong>Chapeau 1 <\/strong>: Afrique du Sud, Nouvelle-Z\u00e9lande, Angleterre, Irlande, France, Argentine<br \/><strong>Chapeau 2 <\/strong>: Australie, Fidji, \u00c9cosse, Italie, Galles, Japon<br \/><strong>Chapeau 3 <\/strong>: G\u00e9orgie, Uruguay, Espagne, \u00c9tats-Unis, Chili, Tonga<br \/><strong>Chapeau 4 <\/strong>: Samoa, Portugal, Roumanie, Hongkong, Zimbabwe, Canada<\/p>\n<p class=\"fig-paragraph\">Parmi le top 24 publi\u00e9 lundi, seul\u00a0<a href=\"http:\/\/www.lefigaro.fr\/sports\/rugby\/coupe-du-monde-de-rugby-2027-la-belgique-manque-la-qualification-pour-un-point-20251118\" data-fig-type=\"NewsFlash\" data-gtm-custom-categorie=\"navigation\" data-gtm-custom-action=\"crossclick\" data-gtm-custom-label=\"Contextuel\" data-gtm-event=\"customEventSPE\" data-fig-domain=\"LEFIGARO\" target=\"_blank\" rel=\"noopener\">manque \u00e0 l\u2019appel la Belgique<\/a>, 21e au classement mondial et battue en finale de barrage par les Samoa. \u00c0 sa place, le Canada, qui \u00e9marge juste en dessous, \u00e0 la 25e place. \u00c0 noter qu\u2019une seule nation disputera pour la premi\u00e8re fois la Coupe du monde de rugby\u00a0: Hongkong.<\/p>\n<p><strong>Meilleur et pire tirage pour les Bleus<\/strong><\/p>\n<p class=\"fig-paragraph\"><strong>Le meilleur <\/strong>: Japon, Espagne, Hongkong<br \/><strong>Le pire <\/strong>: Australie, G\u00e9orgie, Portugal<\/p>\n<p class=\"fig-paragraph\">En plus des adversaires du premier tour, le tirage au sort sera \u00e9galement scrut\u00e9 de pr\u00e8s pour l\u2019attribution des poules. En effet, pour la premi\u00e8re fois, la Coupe du monde rassemblera 24 \u00e9quipes (et non plus 20), r\u00e9parties en six poules de quatre. Avec un match de moins au premier tour et l\u2019apparition des huiti\u00e8mes de finale.<\/p>\n<p>                                    <a class=\"fig-a11y-skip a11y-hidden\" href=\"#fig-a11y-skip-main-inarticle_mtf\"><br \/>\n        Passer la publicit\u00e9<br \/>\n    <\/a><\/p>\n<p class=\"fig-paragraph\">Et c\u2019est l\u00e0 que l\u2019attribution est primordiale. Les vainqueurs des poules E et F n\u2019affronteront pas un autre vainqueur de poule avant les demi-finales. Quand ceux des poules A et B ont potentiellement rendez-vous d\u00e8s les quarts de finale. Idem pour ceux des poules C et D.<\/p>\n<p class=\"fig-paragraph\">Pour compenser, les vainqueurs des poules A, B, C et D seront oppos\u00e9s aux modestes 3e de poules en huiti\u00e8me de finale, quand les premiers des poules E et F croiseront la route des deuxi\u00e8mes en huiti\u00e8me puis en quart de finale (potentiellement l\u2019Australie, l\u2019\u00c9cosse ou encore les Fidji).<\/p>\n","protected":false},"excerpt":{"rendered":"Le mercredi 3 d\u00e9cembre sera effectu\u00e9, \u00e0 Sydney (Australie), le tirage au sort des six poules du Mondial&hellip;\n","protected":false},"author":2,"featured_media":557213,"comment_status":"","ping_status":"","sticky":false,"template":"","format":"standard","meta":{"footnotes":""},"categories":[2],"tags":[11,5035,39070,1011,27,12,25,513],"class_list":{"0":"post-557212","1":"post","2":"type-post","3":"status-publish","4":"format-standard","5":"has-post-thumbnail","7":"category-actualites","8":"tag-actualites","9":"tag-australie","10":"tag-coupe-du-monde-de-rugby","11":"tag-fr","12":"tag-france","13":"tag-news","14":"tag-republique-francaise","15":"tag-xv-de-france"},"share_on_mastodon":{"url":"https:\/\/pubeurope.com\/@fr\/115609381487983457","error":""},"_links":{"self":[{"href":"https:\/\/www.europesays.com\/fr\/wp-json\/wp\/v2\/posts\/557212","targetHints":{"allow":["GET"]}}],"collection":[{"href":"https:\/\/www.europesays.com\/fr\/wp-json\/wp\/v2\/posts"}],"about":[{"href":"https:\/\/www.europesays.com\/fr\/wp-json\/wp\/v2\/types\/post"}],"author":[{"embeddable":true,"href":"https:\/\/www.europesays.com\/fr\/wp-json\/wp\/v2\/users\/2"}],"replies":[{"embeddable":true,"href":"https:\/\/www.europesays.com\/fr\/wp-json\/wp\/v2\/comments?post=557212"}],"version-history":[{"count":0,"href":"https:\/\/www.europesays.com\/fr\/wp-json\/wp\/v2\/posts\/557212\/revisions"}],"wp:featuredmedia":[{"embeddable":true,"href":"https:\/\/www.europesays.com\/fr\/wp-json\/wp\/v2\/media\/557213"}],"wp:attachment":[{"href":"https:\/\/www.europesays.com\/fr\/wp-json\/wp\/v2\/media?parent=557212"}],"wp:term":[{"taxonomy":"category","embeddable":true,"href":"https:\/\/www.europesays.com\/fr\/wp-json\/wp\/v2\/categories?post=557212"},{"taxonomy":"post_tag","embeddable":true,"href":"https:\/\/www.europesays.com\/fr\/wp-json\/wp\/v2\/tags?post=557212"}],"curies":[{"name":"wp","href":"https:\/\/api.w.org\/{rel}","templated":true}]}}