{"id":557216,"date":"2025-11-25T08:26:13","date_gmt":"2025-11-25T08:26:13","guid":{"rendered":"https:\/\/www.europesays.com\/fr\/557216\/"},"modified":"2025-11-25T08:26:13","modified_gmt":"2025-11-25T08:26:13","slug":"500-kilometres-de-bouchons-cumules","status":"publish","type":"post","link":"https:\/\/www.europesays.com\/fr\/557216\/","title":{"rendered":"500 kilom\u00e8tres de bouchons cumul\u00e9s"},"content":{"rendered":"<p>                    Par<br \/>\n        <strong><br \/>\n            <a href=\"https:\/\/actu.fr\/auteur\/redaction-paris\" title=\"Consulter tous les articles de R\u00e9daction Paris\" target=\"_blank\" rel=\"noopener\">R\u00e9daction Paris<\/a><br \/>\n                    <\/strong><\/p>\n<p>        Publi\u00e9 le<\/p>\n<p>            25 nov. 2025 \u00e0 9h18        <\/p>\n<p>Nouvelle <strong>matin\u00e9e d\u2019embouteillage<\/strong> ce mardi 25 novembre 2025. La <a href=\"https:\/\/actu.fr\/tag\/circulation\" target=\"_blank\" rel=\"noopener\">circulation<\/a> sur les routes de Paris et d\u2019\u00cele-de-France est difficile avec des bouchons bien au-dessus de la moyenne.<\/p>\n<p>Des accidents et des ralentissements<\/p>\n<p class=\" wall-content\">Un coup d\u2019\u0153il au barom\u00e8tre de <a href=\"https:\/\/www.sytadin.fr\/\" target=\"_blank\" rel=\"noopener\">Sytadin.fr<\/a> permet d\u2019\u00e9valuer l\u2019ampleur des ralentissements sur le r\u00e9seau francilien : les bouchons atteignent <strong>484 kilom\u00e8tres<\/strong> \u00e0 9 heures. Le parcours des automobilistes est jonch\u00e9 d\u2019accidents :\u00a0<\/p>\n<p class=\" wall-content\">\u2013 Sur le boulevard p\u00e9riph\u00e9rique \u00e0 hauteur de Bagnolet : accident vers l\u2019<strong>A3<\/strong> dans le sens Paris-province. Un v\u00e9hicule l\u00e9ger impliqu\u00e9. Sur les deux voies, une voie est ferm\u00e9e \u00e0 droite<\/p>\n<p class=\" wall-content\">\u2013 Sur l\u2019<strong>A3<\/strong> province-Paris de Rosny\u00a0 vers Romainville : accident entre deux v\u00e9hicules l\u00e9gers et poids lourd. Sur cinq voies, trois sont ferm\u00e9es \u00e0 gauche<\/p>\n<p class=\" wall-content\">\u2013 Sur la <strong>D19<\/strong> \u00e0 Gennevilliers : accident entre un v\u00e9hicule l\u00e9ger et une moto<\/p>\n<p class=\" wall-content\">\u2013 Sur l\u2019<strong>A3<\/strong> dans le sens province-Paris de Rosny vers Romainville : accident entre deux v\u00e9hicules l\u00e9gers et un poids lourd. Sur cinq voies, trois sont ferm\u00e9es \u00e0 gauche<\/p>\n<p class=\" wall-content\">Personnalisez votre actualit\u00e9 en ajoutant vos villes et m\u00e9dias en favori avec <a href=\"https:\/\/moncompte.actu.fr\" title=\"D\u00e9couvez Mon Actu\" rel=\"nofollow noopener\" data-trk=\"{&quot;cta&quot;:{&quot;action&quot;:&quot;https:\\\/\\\/moncompte.actu.fr&quot;,&quot;category&quot;:&quot;mon compte&quot;,&quot;from&quot;:&quot;article footer&quot;,&quot;name&quot;:&quot;Mon actu&quot;,&quot;type&quot;:&quot;cta&quot;}}\" target=\"_blank\">Mon Actu<\/a>.<\/p>\n","protected":false},"excerpt":{"rendered":"Par R\u00e9daction Paris Publi\u00e9 le 25 nov. 2025 \u00e0 9h18 Nouvelle matin\u00e9e d\u2019embouteillage ce mardi 25 novembre 2025.&hellip;\n","protected":false},"author":2,"featured_media":557217,"comment_status":"","ping_status":"","sticky":false,"template":"","format":"standard","meta":{"footnotes":""},"categories":[4],"tags":[11,3542,1011,27,12,25,104,2803],"class_list":{"0":"post-557216","1":"post","2":"type-post","3":"status-publish","4":"format-standard","5":"has-post-thumbnail","7":"category-france","8":"tag-actualites","9":"tag-circulation","10":"tag-fr","11":"tag-france","12":"tag-news","13":"tag-republique-francaise","14":"tag-societe","15":"tag-transport"},"share_on_mastodon":{"url":"https:\/\/pubeurope.com\/@fr\/115609389215474922","error":""},"_links":{"self":[{"href":"https:\/\/www.europesays.com\/fr\/wp-json\/wp\/v2\/posts\/557216","targetHints":{"allow":["GET"]}}],"collection":[{"href":"https:\/\/www.europesays.com\/fr\/wp-json\/wp\/v2\/posts"}],"about":[{"href":"https:\/\/www.europesays.com\/fr\/wp-json\/wp\/v2\/types\/post"}],"author":[{"embeddable":true,"href":"https:\/\/www.europesays.com\/fr\/wp-json\/wp\/v2\/users\/2"}],"replies":[{"embeddable":true,"href":"https:\/\/www.europesays.com\/fr\/wp-json\/wp\/v2\/comments?post=557216"}],"version-history":[{"count":0,"href":"https:\/\/www.europesays.com\/fr\/wp-json\/wp\/v2\/posts\/557216\/revisions"}],"wp:featuredmedia":[{"embeddable":true,"href":"https:\/\/www.europesays.com\/fr\/wp-json\/wp\/v2\/media\/557217"}],"wp:attachment":[{"href":"https:\/\/www.europesays.com\/fr\/wp-json\/wp\/v2\/media?parent=557216"}],"wp:term":[{"taxonomy":"category","embeddable":true,"href":"https:\/\/www.europesays.com\/fr\/wp-json\/wp\/v2\/categories?post=557216"},{"taxonomy":"post_tag","embeddable":true,"href":"https:\/\/www.europesays.com\/fr\/wp-json\/wp\/v2\/tags?post=557216"}],"curies":[{"name":"wp","href":"https:\/\/api.w.org\/{rel}","templated":true}]}}