{"id":557222,"date":"2025-11-25T08:34:15","date_gmt":"2025-11-25T08:34:15","guid":{"rendered":"https:\/\/www.europesays.com\/fr\/557222\/"},"modified":"2025-11-25T08:34:15","modified_gmt":"2025-11-25T08:34:15","slug":"team-31-specialized-u19-leffectif-2026-actualite","status":"publish","type":"post","link":"https:\/\/www.europesays.com\/fr\/557222\/","title":{"rendered":"Team 31 Specialized U19 : L&rsquo;effectif 2026 &#8211; Actualit\u00e9"},"content":{"rendered":"<p style=\"text-align: justify;\">Le Team 31 Specialized, qui regroupe des coureurs U19 licenci\u00e9s en Haute-Garonne, poss\u00e8de un groupe de 18 \u00e9l\u00e9ments pour la saison 2026. Parmi les recrues : Maxence Chavanel (ex-Soudal-QuickStep) et Paul H\u00e9lion (ex-CIC U Nantes U19). L&rsquo;\u00e9quipe est dirig\u00e9e par Th\u00e9o Penalva et Marc Averseng.<br \/>Pour rappel, le Team 31 Specialized a vu passer dans ses rangs les fr\u00e8res Rafferty, Darren et Adam, Ugo Fabries,\u00a0Dario Giuliano ou encore R\u00e9mi Daumas. Pr\u00e9sent dans l&rsquo;effectif 2025, David Gaffney \u00e9voluera l&rsquo;an prochain dans la Continentale Hagens Berman Jayco.<\/p>\n<p><strong>L&rsquo;effectif 2026 du Team 31 Specialized U19 :<\/strong><br \/>Matyas Bingler, J2<br \/>Jules Catil, J1<br \/>Maxence Chavanel, J2<br \/>Owen Delaunay, J1<br \/>Louis Derome, J1<br \/>Baptiste Frappat, J1<br \/>Simon Gout, J1<br \/>Marvyn Gr\u00e9goire, J1<br \/>Tristan Hardy, J2 (Ile Maurice)<br \/>Paul Helion, J2<br \/>Emil Herphelin, J1 (Belgique)<br \/>Angus McDonnel, J1 (Etats-Unis)<br \/>Ewan Portal, J1<br \/>Lenny Portal, J1<br \/>Noa Puntous, J1<br \/>Alo\u00efs Sommer, J1<br \/>Joseph Raffo, J2 (Grande-Bretagne)<br \/>Florian Stephan, J1<\/p>\n","protected":false},"excerpt":{"rendered":"Le Team 31 Specialized, qui regroupe des coureurs U19 licenci\u00e9s en Haute-Garonne, poss\u00e8de un groupe de 18 \u00e9l\u00e9ments&hellip;\n","protected":false},"author":2,"featured_media":557223,"comment_status":"","ping_status":"","sticky":false,"template":"","format":"standard","meta":{"footnotes":""},"categories":[1411],"tags":[834,828,836,829,837,827,83,826,824,823,1154,207,814,817,815,816,822,821,832,211,839,1011,27,820,818,819,835,831,830,833,838,60,212,208,825],"class_list":{"0":"post-557222","1":"post","2":"type-post","3":"status-publish","4":"format-standard","5":"has-post-thumbnail","7":"category-cyclisme","8":"tag-attaque","9":"tag-belgique","10":"tag-braquet","11":"tag-bretagne","12":"tag-chute","13":"tag-competition","14":"tag-coupe-de-france","15":"tag-coureur","16":"tag-course-cyclisme","17":"tag-course-cycliste","18":"tag-cycling","19":"tag-cyclisme","20":"tag-direct","21":"tag-direct-velo","22":"tag-directvelo","23":"tag-directvelo-com","24":"tag-epreuve","25":"tag-epreuve-cycliste","26":"tag-federation-francaise-de-cyclisme","27":"tag-ffc","28":"tag-flandres","29":"tag-fr","30":"tag-france","31":"tag-live","32":"tag-live-course","33":"tag-live-epreuve","34":"tag-peloton","35":"tag-radio-peloton","36":"tag-radio-tour","37":"tag-ravitaillement","38":"tag-relance","39":"tag-sports","40":"tag-uci","41":"tag-velo","42":"tag-velos"},"share_on_mastodon":{"url":"https:\/\/pubeurope.com\/@fr\/115609420920917240","error":""},"_links":{"self":[{"href":"https:\/\/www.europesays.com\/fr\/wp-json\/wp\/v2\/posts\/557222","targetHints":{"allow":["GET"]}}],"collection":[{"href":"https:\/\/www.europesays.com\/fr\/wp-json\/wp\/v2\/posts"}],"about":[{"href":"https:\/\/www.europesays.com\/fr\/wp-json\/wp\/v2\/types\/post"}],"author":[{"embeddable":true,"href":"https:\/\/www.europesays.com\/fr\/wp-json\/wp\/v2\/users\/2"}],"replies":[{"embeddable":true,"href":"https:\/\/www.europesays.com\/fr\/wp-json\/wp\/v2\/comments?post=557222"}],"version-history":[{"count":0,"href":"https:\/\/www.europesays.com\/fr\/wp-json\/wp\/v2\/posts\/557222\/revisions"}],"wp:featuredmedia":[{"embeddable":true,"href":"https:\/\/www.europesays.com\/fr\/wp-json\/wp\/v2\/media\/557223"}],"wp:attachment":[{"href":"https:\/\/www.europesays.com\/fr\/wp-json\/wp\/v2\/media?parent=557222"}],"wp:term":[{"taxonomy":"category","embeddable":true,"href":"https:\/\/www.europesays.com\/fr\/wp-json\/wp\/v2\/categories?post=557222"},{"taxonomy":"post_tag","embeddable":true,"href":"https:\/\/www.europesays.com\/fr\/wp-json\/wp\/v2\/tags?post=557222"}],"curies":[{"name":"wp","href":"https:\/\/api.w.org\/{rel}","templated":true}]}}