{"id":557251,"date":"2025-11-25T08:50:26","date_gmt":"2025-11-25T08:50:26","guid":{"rendered":"https:\/\/www.europesays.com\/fr\/557251\/"},"modified":"2025-11-25T08:50:26","modified_gmt":"2025-11-25T08:50:26","slug":"la-soupe-des-chefs-revient-pour-une-16eme-edition","status":"publish","type":"post","link":"https:\/\/www.europesays.com\/fr\/557251\/","title":{"rendered":"La Soupe des Chefs revient pour une 16\u00e8me \u00e9dition"},"content":{"rendered":"<p><img decoding=\"async\" class=\"\" style=\"width:100%\" src=\"https:\/\/www.europesays.com\/fr\/wp-content\/uploads\/2025\/11\/soupe_des_chefs1732270189993.png\" alt=\"Soupe des chefs \"\/><\/p>\n<p>La Soupe des chefs existe depuis maintenant 15 ans <\/p>\n<p>Cr\u00e9dit : Lions Club <\/p>\n<p>Elle est enfin de retour. Ce mardi 25 novembre, la Soupe des Chefs revient pour une 16\u00e8me \u00e9dition sur leparvis du Z\u00e9nith. Organis\u00e9, par le lions Club \u00e0 partir de 18h30, ce ne sont pas moins de 20 chefs lig\u00e9riens qui sont mobilis\u00e9s pour vous faire d\u00e9couvrir une multitude de soupes, au prix de 4 euros le bol.<\/p>\n<p>Par ailleurs, en achentant une soupe, vous participez \u00e0 une bonne action. En effet, tous les b\u00e9n\u00e9fices r\u00e9colt\u00e9s seront revers\u00e9s \u00e0 l&rsquo;association Eurecah, qui profitent \u00e0 des enfants en situation de handicap.<\/p>\n<p>Bref, une bonne soupe et une bonne action, on ne dit jamais non d&rsquo;autant plus qu&rsquo;il y a une grande nouveaut\u00e9 cette ann\u00e9e : la Tombola de la Soupe des Chefs avec de nombreux lots comme des places de matchs, un maillot d\u00e9dicac\u00e9 par les joueurs de l&rsquo;ASSE, des bo\u00eetes de chocolat Weiss, des cartes cadeaux \u00e0 Steel, ou encore des casquettes \u00ab\u00a0Soupe des chefs\u00a0\u00bb.<\/p>\n","protected":false},"excerpt":{"rendered":"La Soupe des chefs existe depuis maintenant 15 ans Cr\u00e9dit : Lions Club Elle est enfin de retour.&hellip;\n","protected":false},"author":2,"featured_media":557252,"comment_status":"","ping_status":"","sticky":false,"template":"","format":"standard","meta":{"footnotes":""},"categories":[9653],"tags":[1111,11,2430,6457,1777,674,4768,1011,27,3367,12,6519,25,55668,4001,12280,3400,57243,12177],"class_list":{"0":"post-557251","1":"post","2":"type-post","3":"status-publish","4":"format-standard","5":"has-post-thumbnail","7":"category-saint-etienne","8":"tag-actu","9":"tag-actualites","10":"tag-auvergne-rhone-alpes","11":"tag-chefs","12":"tag-eu","13":"tag-europe","14":"tag-fete","15":"tag-fr","16":"tag-france","17":"tag-loire","18":"tag-news","19":"tag-nourriture","20":"tag-republique-francaise","21":"tag-saint_etienne","22":"tag-saint-etienne","23":"tag-solidaire","24":"tag-solidarite","25":"tag-soupe","26":"tag-zenith"},"share_on_mastodon":{"url":"https:\/\/pubeurope.com\/@fr\/115609483863593376","error":""},"_links":{"self":[{"href":"https:\/\/www.europesays.com\/fr\/wp-json\/wp\/v2\/posts\/557251","targetHints":{"allow":["GET"]}}],"collection":[{"href":"https:\/\/www.europesays.com\/fr\/wp-json\/wp\/v2\/posts"}],"about":[{"href":"https:\/\/www.europesays.com\/fr\/wp-json\/wp\/v2\/types\/post"}],"author":[{"embeddable":true,"href":"https:\/\/www.europesays.com\/fr\/wp-json\/wp\/v2\/users\/2"}],"replies":[{"embeddable":true,"href":"https:\/\/www.europesays.com\/fr\/wp-json\/wp\/v2\/comments?post=557251"}],"version-history":[{"count":0,"href":"https:\/\/www.europesays.com\/fr\/wp-json\/wp\/v2\/posts\/557251\/revisions"}],"wp:featuredmedia":[{"embeddable":true,"href":"https:\/\/www.europesays.com\/fr\/wp-json\/wp\/v2\/media\/557252"}],"wp:attachment":[{"href":"https:\/\/www.europesays.com\/fr\/wp-json\/wp\/v2\/media?parent=557251"}],"wp:term":[{"taxonomy":"category","embeddable":true,"href":"https:\/\/www.europesays.com\/fr\/wp-json\/wp\/v2\/categories?post=557251"},{"taxonomy":"post_tag","embeddable":true,"href":"https:\/\/www.europesays.com\/fr\/wp-json\/wp\/v2\/tags?post=557251"}],"curies":[{"name":"wp","href":"https:\/\/api.w.org\/{rel}","templated":true}]}}