{"id":557267,"date":"2025-11-25T09:01:35","date_gmt":"2025-11-25T09:01:35","guid":{"rendered":"https:\/\/www.europesays.com\/fr\/557267\/"},"modified":"2025-11-25T09:01:35","modified_gmt":"2025-11-25T09:01:35","slug":"ce-nest-pas-moi-qui-mene-une-liste-dissidente-cest-eux-pres-de-rouen-un-maire-se-retrouve-bien-seul-avant-les-municipales-2026","status":"publish","type":"post","link":"https:\/\/www.europesays.com\/fr\/557267\/","title":{"rendered":"\u00ab\u00a0Ce n\u2019est pas moi qui m\u00e8ne une liste dissidente, c\u2019est eux\u00a0\u00bb\u00a0: pr\u00e8s de Rouen, un maire se retrouve bien seul avant les municipales 2026"},"content":{"rendered":"<p class=\"paragraph text_align_left lp-f-body-02\">Courant 2024, Pascal Houbron, maire (UDI) de Bihorel (Seine-Maritime), ville du nord de l\u2019agglom\u00e9ration rouennaise, souffre pendant six mois d\u2019aphasie. Durant son absence, c\u2019est sa premi\u00e8re adjointe, Nathalie Lecordier, qui g\u00e8re la commune. Puis, le 14 janvier 2025, le maire reprend son poste, auquel il a \u00e9t\u00e9 \u00e9lu pour la premi\u00e8re fois en 2001.<\/p>\n<p class=\"paragraph text_align_left lp-f-body-02\">Mais il revient chang\u00e9. Lors des v\u0153ux au personnel, le premier \u00e9dile annonce ainsi \u00ab qu\u2019apr\u00e8s un quart de si\u00e8cle \u00e0 la t\u00eate de la ville \u00bb, il ne sera pas t\u00eate de liste <a href=\"https:\/\/www.leparisien.fr\/elections\/municipales\/\" target=\"_blank\" rel=\"noreferrer noopener\">aux prochaines \u00e9lections municipales<\/a>. \u00ab Je souhaite que la ville continue sur le sillon trac\u00e9 depuis 2001. Pour cela, je fais toute confiance \u00e0 ma premi\u00e8re adjointe pour prendre ma succession dans le fauteuil de maire de Bihorel. Elle a montr\u00e9 pendant cette p\u00e9riode d\u2019int\u00e9rim qu\u2019elle avait la stature pour cela et le go\u00fbt de l\u2019action publique municipale \u00bb, assure-t-il alors.<\/p>\n<p class=\"paragraph text_align_left lp-f-body-02\">En quelques mois, cette assurance a vol\u00e9 en \u00e9clats. Au conseil municipal du 9 octobre dernier, le maire n\u2019\u00e9tait plus accompagn\u00e9 que d\u2019une seule adjointe de sa majorit\u00e9.<\/p>\n<p class=\"paragraph text_align_left lp-f-body-02\">La fronde a d\u00e9but\u00e9 le 2 mai dernier, lorsque l\u2019essentiel du groupe majoritaire, depuis rassembl\u00e9 dans la liste Bihorel en commun, a publi\u00e9 un communiqu\u00e9 de presse d\u00e9non\u00e7ant le projet de Pascal Houbron de constituer \u00ab une liste dissidente, distincte de celle de son \u00e9quipe actuelle \u00bb. \u00ab Nous regrettons cette ambition personnelle qui fragilise notre \u00e9quipe et compromet notre action collective \u00bb, pr\u00e9cisent alors les conseillers municipaux.<\/p>\n<p class=\"paragraph text_align_left lp-f-body-02\">Le maire se d\u00e9fend alors en disant qu\u2019il n\u2019a \u00ab qu\u2019une exigence, qu\u2019on me laisse terminer sereinement et progressivement mon mandat, quand d\u2019autres auraient voulu voir l\u2019int\u00e9rim se prolonger jusqu\u2019en mars 2026, et que je reste tranquillement \u00e0 la maison. Il ne pouvait pas y avoir deux maires. Il y en a un, c\u2019est moi \u00bb.<\/p>\n<p>17 \u00e9lus, dont 5 ex-adjoints au maire<\/p>\n<p class=\"paragraph text_align_left lp-f-body-02\">D\u00e9non\u00e7ant des man\u0153uvres de d\u00e9stabilisation \u00ab proches de l\u2019abus de faiblesse \u00bb, il est alors reparti au combat, car \u00ab j\u2019ai repris mes fonctions et je les assumerais jusqu\u2019au bout \u00bb. Mais, surtout, il d\u00e9cide de finalement se pr\u00e9senter lui aussi aux prochaines \u00e9lections municipales, \u00ab afin de r\u00e9pondre favorablement \u00e0 l\u2019appel des jeunes Bihorellais, des citoyens engag\u00e9s qui sont venus me voir pour b\u00e2tir avec moi un projet novateur. Moi, en plus, je n\u2019ai pas besoin de faire campagne. Ce n\u2019est pas moi qui m\u00e8ne une liste dissidente, mais eux \u00bb.<\/p>\n<p class=\"paragraph text_align_left lp-f-body-02\">La bataille se poursuit le 26 juin, lors d\u2019un conseil municipal. La liste Bihorel en commun a alors annonc\u00e9 sa constitution avec pas moins de 17 \u00e9lus, \u00ab un groupe qui repr\u00e9sente dor\u00e9navant la majorit\u00e9 municipale \u00bb, soutient Nathalie Lecordier. Accul\u00e9, le 5 septembre, Pascal Houbron retire les d\u00e9l\u00e9gations de cinq adjoints (sport, culture, urbanisme, finances, \u00e9v\u00e9nementiel) sur huit.<\/p>\n<p class=\"paragraph text_align_left lp-f-body-02\">Le dernier \u00e9pisode a eu lieu le 9 octobre. Lors d\u2019un autre conseil municipal, cette fois dans une salle comble, car cet affrontement attire de plus en plus les habitants, le maire n\u2019a pu qu\u2019ent\u00e9riner la situation : il ne lui reste qu\u2019une seule adjointe, \u00ab apr\u00e8s avoir re\u00e7u le 25 septembre de la pr\u00e9fecture la d\u00e9mission des autres adjoints \u00bb.<\/p>\n<p class=\"paragraph text_align_left lp-f-body-02\">En minorit\u00e9, le premier \u00e9dile a \u00e9galement, cette soir\u00e9e-l\u00e0, <a href=\"https:\/\/www.leparisien.fr\/info-paris-ile-de-france-oise\/ile-de-france-adjoint-a-l-ouverture-sur-le-monde-aux-temps-liberes-les-droles-de-missions-de-nos-elus-05-04-2021-8430655.php\" target=\"_blank\" rel=\"noreferrer noopener\">perdu ses d\u00e9l\u00e9gations<\/a>, \u00e0 la demande de ses anciens amis, sauf pour la gestion des r\u00e9gies et des concessions fun\u00e9raires. \u00ab Vous avez en commun la faillite, le d\u00e9shonneur, l\u2019abjection, l\u2019ignominie et la honte \u00bb, l\u00e2che le maire en col\u00e8re.<\/p>\n<p class=\"paragraph text_align_left lp-f-body-02\">Depuis, les candidats se mettent en place puisque apr\u00e8s Bihorel en commun, les \u00ab opposants d\u2019hier \u00bb ont cr\u00e9\u00e9 la liste \u00ab Bihorel a\u00e9r\u00e9e \u00bb et d\u2019autres candidats vont se pr\u00e9senter sous l\u2019enseigne, Bihorel collectif citoyen. Quant au maire, il n\u2019a toujours pas donn\u00e9 de d\u00e9tails sur ses colistiers et son programme. La situation s\u2019annonce donc encore agit\u00e9e au moins jusqu\u2019au 15 mars 2026, jour du premier tour, \u00e0 Bihorel. La prochaine date cl\u00e9 d\u2019ici l\u00e0 sera le 26 f\u00e9vrier, date limite du d\u00e9p\u00f4t des candidatures.<\/p>\n","protected":false},"excerpt":{"rendered":"Courant 2024, Pascal Houbron, maire (UDI) de Bihorel (Seine-Maritime), ville du nord de l\u2019agglom\u00e9ration rouennaise, souffre pendant six&hellip;\n","protected":false},"author":2,"featured_media":557268,"comment_status":"","ping_status":"","sticky":false,"template":"","format":"standard","meta":{"footnotes":""},"categories":[9587],"tags":[1111,11,459,1777,674,1011,27,12,5161,316,25,9590,11074],"class_list":{"0":"post-557267","1":"post","2":"type-post","3":"status-publish","4":"format-standard","5":"has-post-thumbnail","7":"category-rouen","8":"tag-actu","9":"tag-actualites","10":"tag-departements-horsidfo","11":"tag-eu","12":"tag-europe","13":"tag-fr","14":"tag-france","15":"tag-news","16":"tag-normandie","17":"tag-politique","18":"tag-republique-francaise","19":"tag-rouen","20":"tag-seine-maritime-76"},"share_on_mastodon":{"url":"https:\/\/pubeurope.com\/@fr\/115609526787960887","error":""},"_links":{"self":[{"href":"https:\/\/www.europesays.com\/fr\/wp-json\/wp\/v2\/posts\/557267","targetHints":{"allow":["GET"]}}],"collection":[{"href":"https:\/\/www.europesays.com\/fr\/wp-json\/wp\/v2\/posts"}],"about":[{"href":"https:\/\/www.europesays.com\/fr\/wp-json\/wp\/v2\/types\/post"}],"author":[{"embeddable":true,"href":"https:\/\/www.europesays.com\/fr\/wp-json\/wp\/v2\/users\/2"}],"replies":[{"embeddable":true,"href":"https:\/\/www.europesays.com\/fr\/wp-json\/wp\/v2\/comments?post=557267"}],"version-history":[{"count":0,"href":"https:\/\/www.europesays.com\/fr\/wp-json\/wp\/v2\/posts\/557267\/revisions"}],"wp:featuredmedia":[{"embeddable":true,"href":"https:\/\/www.europesays.com\/fr\/wp-json\/wp\/v2\/media\/557268"}],"wp:attachment":[{"href":"https:\/\/www.europesays.com\/fr\/wp-json\/wp\/v2\/media?parent=557267"}],"wp:term":[{"taxonomy":"category","embeddable":true,"href":"https:\/\/www.europesays.com\/fr\/wp-json\/wp\/v2\/categories?post=557267"},{"taxonomy":"post_tag","embeddable":true,"href":"https:\/\/www.europesays.com\/fr\/wp-json\/wp\/v2\/tags?post=557267"}],"curies":[{"name":"wp","href":"https:\/\/api.w.org\/{rel}","templated":true}]}}