{"id":557269,"date":"2025-11-25T09:04:19","date_gmt":"2025-11-25T09:04:19","guid":{"rendered":"https:\/\/www.europesays.com\/fr\/557269\/"},"modified":"2025-11-25T09:04:19","modified_gmt":"2025-11-25T09:04:19","slug":"rouen-la-methode-des-5d-vise-a-sensibiliser-les-personnes-au-harcelement-de-rue","status":"publish","type":"post","link":"https:\/\/www.europesays.com\/fr\/557269\/","title":{"rendered":"Rouen. La m\u00e9thode des 5D vise \u00e0 \u00ab\u00a0sensibiliser les personnes au harc\u00e8lement de rue\u00a0\u00bb"},"content":{"rendered":"<p melodystyle=\"texte\">Depuis 2021, la M\u00e9tropole de Rouen organise des ateliers pour sensibiliser au harc\u00e8lement de rue. Jennifer Holmes, d\u00e9l\u00e9gu\u00e9e op\u00e9rationnelle Sciences Ing\u00e9nierie Rouen Normandie, y pr\u00e9sente la m\u00e9thode des 5D.<\/p>\n<p>D&rsquo;o\u00f9 vient la m\u00e9thode des 5D\u00a0?<\/p>\n<p melodystyle=\"texte\">\u00ab\u00a0Elle fait partie du programme <a href=\"https:\/\/www.standup-international.com\/fr\/fr\/about?gclsrc=aw.ds&amp;&amp;wiz_medium=cpc&amp;wiz_source=google&amp;wiz_campaign=oap_goog_ao_othr__bran_search_text_eg_fr_standup_roes&amp;gad_source=1&amp;gad_campaignid=9579385834&amp;gbraid=0AAAAAD5hBrVv7ft0cQp_HvlRkgIBo99NI&amp;gclid=EAIaIQobChMIucW0mP-CkQMVXktBAh0sYxXUEAAYASAAEgKgp_D_BwE\" target=\"_blank\" rel=\"noopener\">Stand up<\/a> International lanc\u00e9 en 2020 par L&rsquo;Or\u00e9al Paris avec Right to Be, une ONG internationale qui vise \u00e0 mettre fin \u00e0 toutes les formes de harc\u00e8lement. Ce programme Stand Up vise \u00e0 sensibiliser au harc\u00e8lement de rue et \u00e0 former les personnes \u00e0 travers le monde, gr\u00e2ce \u00e0 la <a href=\"https:\/\/www.standup-international.com\/fr\/fr\/our-training\/bystander?gclsrc=aw.ds&amp;&amp;wiz_medium=cpc&amp;wiz_source=google&amp;wiz_campaign=oap_goog_ao_othr__bran_search_text_eg_fr_standup_roes&amp;gad_source=1&amp;gad_campaignid=9579385834&amp;gbraid=0AAAAAD5hBrVv7ft0cQp_HvlRkgIBo99NI&amp;gclid=EAIaIQobChMIucW0mP-CkQMVXktBAh0sYxXUEAAYASAAEgKgp_D_BwE\" target=\"_blank\" rel=\"noopener\">m\u00e9thode des 5D<\/a>. Elle a \u00e9t\u00e9 int\u00e9gr\u00e9e \u00e0 la m\u00e9tropole de Rouen depuis 2021 via des ateliers expliquant ce qu&rsquo;est le harc\u00e8lement de rue, comment le reconna\u00eetre et comment agir.\u00a0\u00bb<\/p>\n<p>Que signifie cet acronyme\u00a0?<\/p>\n<p melodystyle=\"texte\">\u00ab\u00a0La m\u00e9thode des 5D est un ensemble de cinq actions pour vous aider \u00e0 intervenir en toute s\u00e9curit\u00e9 lorsque vous \u00eates t\u00e9moin de<\/p>\n<p melodystyle=\"texte\">harc\u00e8lement de rue\u00a0: Distraire, D\u00e9l\u00e9guer, Dialoguer, Documenter et Diriger. La premi\u00e8re action consiste par exemple \u00e0 faire semblant de conna\u00eetre la personne, la seconde \u00e0 faire appel \u00e0 une tierce personne, la troisi\u00e8me, de filmer discr\u00e8tement la situation, offrant une preuve \u00e0 la victime, la quatri\u00e8me de r\u00e9conforter la personne harcel\u00e9e et la cinqui\u00e8me, \u00e0 demander de l&rsquo;aide.\u00a0\u00bb<\/p>\n<p>Comment r\u00e9agir lorsqu&rsquo;on est victime\u00a0?<\/p>\n<p melodystyle=\"texte\">\u00ab\u00a0Il y a trois strat\u00e9gies\u00a0: suivre son instinct, r\u00e9affirmer son espace et prendre soin de soi. Concr\u00e8tement, il faut faire confiance \u00e0 son instinct, il n&rsquo;y a pas de r\u00e9action correcte ni parfaite. Si vous r\u00e9agissez, dites \u00e0 la personne qui vous harc\u00e8le ce qui ne va pas et pourquoi. Enfin, le harc\u00e8lement n&rsquo;est jamais de votre faute, il faut prendre le temps de se remettre ce que vous avez v\u00e9cu.\u00a0\u00bb<\/p>\n","protected":false},"excerpt":{"rendered":"Depuis 2021, la M\u00e9tropole de Rouen organise des ateliers pour sensibiliser au harc\u00e8lement de rue. Jennifer Holmes, d\u00e9l\u00e9gu\u00e9e&hellip;\n","protected":false},"author":2,"featured_media":557270,"comment_status":"","ping_status":"","sticky":false,"template":"","format":"standard","meta":{"footnotes":""},"categories":[9587],"tags":[1111,11,1777,674,1011,27,12,5161,25,9590],"class_list":{"0":"post-557269","1":"post","2":"type-post","3":"status-publish","4":"format-standard","5":"has-post-thumbnail","7":"category-rouen","8":"tag-actu","9":"tag-actualites","10":"tag-eu","11":"tag-europe","12":"tag-fr","13":"tag-france","14":"tag-news","15":"tag-normandie","16":"tag-republique-francaise","17":"tag-rouen"},"share_on_mastodon":{"url":"https:\/\/pubeurope.com\/@fr\/115609538623010010","error":""},"_links":{"self":[{"href":"https:\/\/www.europesays.com\/fr\/wp-json\/wp\/v2\/posts\/557269","targetHints":{"allow":["GET"]}}],"collection":[{"href":"https:\/\/www.europesays.com\/fr\/wp-json\/wp\/v2\/posts"}],"about":[{"href":"https:\/\/www.europesays.com\/fr\/wp-json\/wp\/v2\/types\/post"}],"author":[{"embeddable":true,"href":"https:\/\/www.europesays.com\/fr\/wp-json\/wp\/v2\/users\/2"}],"replies":[{"embeddable":true,"href":"https:\/\/www.europesays.com\/fr\/wp-json\/wp\/v2\/comments?post=557269"}],"version-history":[{"count":0,"href":"https:\/\/www.europesays.com\/fr\/wp-json\/wp\/v2\/posts\/557269\/revisions"}],"wp:featuredmedia":[{"embeddable":true,"href":"https:\/\/www.europesays.com\/fr\/wp-json\/wp\/v2\/media\/557270"}],"wp:attachment":[{"href":"https:\/\/www.europesays.com\/fr\/wp-json\/wp\/v2\/media?parent=557269"}],"wp:term":[{"taxonomy":"category","embeddable":true,"href":"https:\/\/www.europesays.com\/fr\/wp-json\/wp\/v2\/categories?post=557269"},{"taxonomy":"post_tag","embeddable":true,"href":"https:\/\/www.europesays.com\/fr\/wp-json\/wp\/v2\/tags?post=557269"}],"curies":[{"name":"wp","href":"https:\/\/api.w.org\/{rel}","templated":true}]}}