{"id":557273,"date":"2025-11-25T09:07:11","date_gmt":"2025-11-25T09:07:11","guid":{"rendered":"https:\/\/www.europesays.com\/fr\/557273\/"},"modified":"2025-11-25T09:07:11","modified_gmt":"2025-11-25T09:07:11","slug":"a-grenoble-il-ny-aura-pas-de-chasse-aux-dealers-si-lfi","status":"publish","type":"post","link":"https:\/\/www.europesays.com\/fr\/557273\/","title":{"rendered":"\u00ab\u00a0\u00c0 Grenoble, il n\u2019y aura pas de chasse aux dealers si LFI &#8230;"},"content":{"rendered":"<p>\u00ab\u00a0Comme d&rsquo;habitude, je vais remettre le clocher au milieu du village. Un village qui se situe \u00e0 Grenoble, pr\u00e9fecture de l&rsquo;Is\u00e8re. Pourquoi Grenoble ? Parce que les propos tenus par la t\u00eate de liste <a href=\"https:\/\/www.sudradio.fr\/societe\/la-france-insoumise-se-met-en-ordre-de-bataille-pour-les-municipales\" target=\"_blank\" rel=\"noopener\">LFI<\/a> aux prochaines municipales, Allan Brunon, concernant le narcotrafic, m&rsquo;ont pour le moins surpris.<\/p>\n<p>En effet, dans un entretien accord\u00e9 vendredi \u00e0 Actu.fr, le candidat insoumis a r\u00e9sum\u00e9 sa politique vis-\u00e0-vis des narcotrafiquants en deux phrases. Je cite, \u00ab Offrir des moyens de m\u00e9diation et de pr\u00e9vention, c&rsquo;est la comp\u00e9tence d&rsquo;une municipalit\u00e9. Mon \u00e9quipe n&rsquo;aura pas vocation \u00e0 faire la chasse aux dealers. \u00bb Vous avez bien entendu, si LFI gagne la mairie de Grenoble, la lutte contre le trafic de drogue se fera par la m\u00e9diation et la pr\u00e9vention.<\/p>\n<p>\u00ab\u00a0Dans sa propre ville, un mineur isol\u00e9 de 12 ans a pris une balle sur un point de deal\u00a0\u00bb<\/p>\n<p>Une formule qui pr\u00eaterait \u00e0 rire si la situation n&rsquo;\u00e9tait pas aussi dramatique. Ce candidat sait-il que, dans sa propre ville, un mineur isol\u00e9 de 12 ans a pris une balle sur un point de deal en pleine nuit la semaine derni\u00e8re ? Pense-t-il que la m\u00e9diation avec des gens qui tirent sur la moindre retenue \u00e0 la Kalachnikov est la solution ? Et que ces ch\u00e9rubins vont arr\u00eater leur basse besogne apr\u00e8s avoir crois\u00e9 des \u00e9ducateurs ?\u00a0<\/p>\n<p>Pense-t-il qu&rsquo;\u00e0 Marseille, les tueurs \u00e0 gages qui ont assassin\u00e9 de sang-froid <a href=\"https:\/\/www.sudradio.fr\/sud-radio\/lopinion-de-francoise-degois-le-peu-de-monde-a-la-marche-pour-mehdi-kessaci-ma-heurtee\" target=\"_blank\" rel=\"noopener\">Mehdi Kessaci<\/a> en raison du combat de son fr\u00e8re n&rsquo;auraient pas commis cette t\u00e2te inqualifiabe s&rsquo;il y avait eu plus de m\u00e9diation et de pr\u00e9vention ? M\u00e9diation, pr\u00e9vention, cette politique aussi ang\u00e9liste que neuneu a men\u00e9 certains quartiers dans le mur et la France avec.\u00a0<\/p>\n<p>\u00ab\u00a0M\u00e8ne-t-on une guerre en discutant avec des gens qui ne respectent rien ?\u00a0\u00bb<\/p>\n<p>On nous parle de guerre contre le narcotrafic. Mais m\u00e8ne-t-on une guerre en discutant avec des gens qui ne respectent rien et qui n&rsquo;ont de toute fa\u00e7on aucune envie de discuter tant leur commerce est lucratif ? On esp\u00e9rerait de tous les maires de France qu&rsquo;ils soient sur la ligne \u00ab guerre aux trafiquants \u00bb plut\u00f4t que \u00ab ne pas faire la chasse aux dealers \u00bb. Malheureusement, ce n&rsquo;est pas le cas pour le plus grand bonheur des r\u00e9seaux mafieux.<\/p>\n<p>On imaginait difficilement un maire pire qu&rsquo;\u00c9ric Piolle \u00e0 Grenoble, mais il va nous falloir peut-\u00eatre revoir notre copie.\u00a0\u00bb<\/p>\n<p>Retrouvez le coup de gueule de\u00a0<a href=\"https:\/\/www.sudradio.fr\/nos-biographies\/philippe-david-biographie\" target=\"_blank\" rel=\"noopener\">Philippe David<\/a>. Du lundi au vendredi dans \u00ab\u00a0<a href=\"https:\/\/www.sudradio.fr\/programme\/les-vraies-voix-sud-radio\" target=\"_blank\" rel=\"noopener\">Les Vraies Voix<\/a>\u00a0\u00bb du lundi au vendredi, de 18h \u00e0 20h.<\/p><\/p>\n","protected":false},"excerpt":{"rendered":"\u00ab\u00a0Comme d&rsquo;habitude, je vais remettre le clocher au milieu du village. Un village qui se situe \u00e0 Grenoble,&hellip;\n","protected":false},"author":2,"featured_media":557274,"comment_status":"","ping_status":"","sticky":false,"template":"","format":"standard","meta":{"footnotes":""},"categories":[9566],"tags":[1111,11,2430,1777,674,1011,27,2731,780,12,25],"class_list":{"0":"post-557273","1":"post","2":"type-post","3":"status-publish","4":"format-standard","5":"has-post-thumbnail","7":"category-grenoble","8":"tag-actu","9":"tag-actualites","10":"tag-auvergne-rhone-alpes","11":"tag-eu","12":"tag-europe","13":"tag-fr","14":"tag-france","15":"tag-grenoble","16":"tag-lfi","17":"tag-news","18":"tag-republique-francaise"},"share_on_mastodon":{"url":"https:\/\/pubeurope.com\/@fr\/115609551089070875","error":""},"_links":{"self":[{"href":"https:\/\/www.europesays.com\/fr\/wp-json\/wp\/v2\/posts\/557273","targetHints":{"allow":["GET"]}}],"collection":[{"href":"https:\/\/www.europesays.com\/fr\/wp-json\/wp\/v2\/posts"}],"about":[{"href":"https:\/\/www.europesays.com\/fr\/wp-json\/wp\/v2\/types\/post"}],"author":[{"embeddable":true,"href":"https:\/\/www.europesays.com\/fr\/wp-json\/wp\/v2\/users\/2"}],"replies":[{"embeddable":true,"href":"https:\/\/www.europesays.com\/fr\/wp-json\/wp\/v2\/comments?post=557273"}],"version-history":[{"count":0,"href":"https:\/\/www.europesays.com\/fr\/wp-json\/wp\/v2\/posts\/557273\/revisions"}],"wp:featuredmedia":[{"embeddable":true,"href":"https:\/\/www.europesays.com\/fr\/wp-json\/wp\/v2\/media\/557274"}],"wp:attachment":[{"href":"https:\/\/www.europesays.com\/fr\/wp-json\/wp\/v2\/media?parent=557273"}],"wp:term":[{"taxonomy":"category","embeddable":true,"href":"https:\/\/www.europesays.com\/fr\/wp-json\/wp\/v2\/categories?post=557273"},{"taxonomy":"post_tag","embeddable":true,"href":"https:\/\/www.europesays.com\/fr\/wp-json\/wp\/v2\/tags?post=557273"}],"curies":[{"name":"wp","href":"https:\/\/api.w.org\/{rel}","templated":true}]}}