{"id":557275,"date":"2025-11-25T09:08:21","date_gmt":"2025-11-25T09:08:21","guid":{"rendered":"https:\/\/www.europesays.com\/fr\/557275\/"},"modified":"2025-11-25T09:08:21","modified_gmt":"2025-11-25T09:08:21","slug":"chantepie-six-jeunes-a-la-mediatheque-pour-le-breakfast-club","status":"publish","type":"post","link":"https:\/\/www.europesays.com\/fr\/557275\/","title":{"rendered":"Chantepie. Six jeunes \u00e0 la m\u00e9diath\u00e8que pour le Breakfast Club"},"content":{"rendered":"<p>Le deuxi\u00e8me rendez-vous du Breakfast Club (quatre sont programm\u00e9s dans l\u2019ann\u00e9e) a eu lieu samedi \u00e0 la m\u00e9diath\u00e8que l\u2019Esperluette.<\/p>\n<p>Ce club, cr\u00e9\u00e9 cette ann\u00e9e, est ouvert aux jeunes de 14 \u00e0 18\u00a0ans. Lors de la premi\u00e8re date, les six participants sont all\u00e9s choisir deux romans chacun \u00e0 la librairie rennaise La Courte \u00c9chelle, qui les a tout d\u2019abord pr\u00eat\u00e9s. Les jeunes ont alors dispos\u00e9 de deux mois pour les lire.<\/p>\n<p><strong>\u00ab\u00a0Ce samedi, on discute des livres choisis \u00e0 la librairie. Quels ouvrages voudront garder les jeunes pour int\u00e9grer la collection Nouvelle vague de la m\u00e9diath\u00e8que, le fonds destin\u00e9 aux jeunes adultes\u00a0? Ceux choisis seront alors achet\u00e9s. Les \u00e9changes et choix se font autour d\u2019un petit-d\u00e9jeuner\u00a0\u00bb<\/strong>, explique L\u00e9na\u00efck Mazuet, animatrice de la m\u00e9diath\u00e8que.<\/p>\n<p>Apr\u00e8s les \u00e9changes, les jeunes, aid\u00e9s de L\u00e9na\u00efck Mazuet, ont \u00e9crit un r\u00e9sum\u00e9 et une courte critique des livres. Une affiche et un livret seront \u00e9dit\u00e9s pour mettre en \u00e9vidence leur travail et leur choix.<\/p>\n<p><strong>\u00ab\u00a0Les deux autres rendez-vous seront diff\u00e9rents\u00a0: le troisi\u00e8me, qui aura lieu en janvier, sera sous la forme d\u2019un atelier philo, et le dernier, en juin, sera un atelier cr\u00e9atif autour de\u00a0la bande dessin\u00e9e\u00a0\u00bb<\/strong>, pr\u00e9cise St\u00e9phanie Cabrera, responsable de la m\u00e9diath\u00e8que.<\/p>\n<p>\u00a0<\/p>\n","protected":false},"excerpt":{"rendered":"Le deuxi\u00e8me rendez-vous du Breakfast Club (quatre sont programm\u00e9s dans l\u2019ann\u00e9e) a eu lieu samedi \u00e0 la m\u00e9diath\u00e8que&hellip;\n","protected":false},"author":2,"featured_media":557276,"comment_status":"","ping_status":"","sticky":false,"template":"","format":"standard","meta":{"footnotes":""},"categories":[2821],"tags":[1111,11,58759,829,12790,5244,1777,674,1011,27,4074,16582,12,3086,584,25],"class_list":{"0":"post-557275","1":"post","2":"type-post","3":"status-publish","4":"format-standard","5":"has-post-thumbnail","7":"category-rennes","8":"tag-actu","9":"tag-actualites","10":"tag-breakfast","11":"tag-bretagne","12":"tag-chantepie","13":"tag-club","14":"tag-eu","15":"tag-europe","16":"tag-fr","17":"tag-france","18":"tag-jeunes","19":"tag-mediatheque","20":"tag-news","21":"tag-redon","22":"tag-rennes","23":"tag-republique-francaise"},"share_on_mastodon":{"url":"https:\/\/pubeurope.com\/@fr\/115609555425850266","error":""},"_links":{"self":[{"href":"https:\/\/www.europesays.com\/fr\/wp-json\/wp\/v2\/posts\/557275","targetHints":{"allow":["GET"]}}],"collection":[{"href":"https:\/\/www.europesays.com\/fr\/wp-json\/wp\/v2\/posts"}],"about":[{"href":"https:\/\/www.europesays.com\/fr\/wp-json\/wp\/v2\/types\/post"}],"author":[{"embeddable":true,"href":"https:\/\/www.europesays.com\/fr\/wp-json\/wp\/v2\/users\/2"}],"replies":[{"embeddable":true,"href":"https:\/\/www.europesays.com\/fr\/wp-json\/wp\/v2\/comments?post=557275"}],"version-history":[{"count":0,"href":"https:\/\/www.europesays.com\/fr\/wp-json\/wp\/v2\/posts\/557275\/revisions"}],"wp:featuredmedia":[{"embeddable":true,"href":"https:\/\/www.europesays.com\/fr\/wp-json\/wp\/v2\/media\/557276"}],"wp:attachment":[{"href":"https:\/\/www.europesays.com\/fr\/wp-json\/wp\/v2\/media?parent=557275"}],"wp:term":[{"taxonomy":"category","embeddable":true,"href":"https:\/\/www.europesays.com\/fr\/wp-json\/wp\/v2\/categories?post=557275"},{"taxonomy":"post_tag","embeddable":true,"href":"https:\/\/www.europesays.com\/fr\/wp-json\/wp\/v2\/tags?post=557275"}],"curies":[{"name":"wp","href":"https:\/\/api.w.org\/{rel}","templated":true}]}}