{"id":557284,"date":"2025-11-25T09:14:10","date_gmt":"2025-11-25T09:14:10","guid":{"rendered":"https:\/\/www.europesays.com\/fr\/557284\/"},"modified":"2025-11-25T09:14:10","modified_gmt":"2025-11-25T09:14:10","slug":"plus-de-30-postes-en-cdd-et-cdi-a-pourvoir","status":"publish","type":"post","link":"https:\/\/www.europesays.com\/fr\/557284\/","title":{"rendered":"plus de 30 postes en CDD et CDI \u00e0 pourvoir"},"content":{"rendered":"<p>                    Par<br \/>\n        <strong><br \/>\n            <a href=\"https:\/\/actu.fr\/auteur\/laure-gentil\" title=\"Consulter tous les articles de Laure Gentil\" target=\"_blank\" rel=\"noopener\">Laure Gentil<\/a><br \/>\n                    <\/strong><\/p>\n<p>        Publi\u00e9 le<\/p>\n<p>            25 nov. 2025 \u00e0 9h19        <\/p>\n<p>Si vous \u00eates \u00e0 la recherche d\u2019un travail ou que vous souhaitez changer d\u2019entreprise, il ne faut pas manquer ce rendez-vous.<b> Mardi 9\u00a0d\u00e9cembre<\/b> prochain, un job dating r\u00e9unira une dizaine d\u2019entreprises locales issues de secteurs vari\u00e9s (immobilier, service \u00e0 la personne, distribution automobile, habitat, textile) pour proposer plus de<b> 30 postes en CDI et CDD.<\/b><\/p>\n<p class=\" wall-content\">Parmi les offres \u00e0 pourvoir, il y a notamment assistant de vie en CDI \u00e0 Nantes, charg\u00e9 de client\u00e8le en CDI \u00e0 Nantes, ou encore m\u00e9canicien en CDI \u00e0 Saint-Herblain.<\/p>\n<p>Quel est le programme\u2009?<\/p>\n<p class=\" wall-content\">Le job dating est organis\u00e9 par le Cr\u00e9dit Agricole Atlantique Vend\u00e9e, en partenariat avec obendy, une entreprise qui fournit une technologie de plateforme de services aux banques et assurances.<\/p>\n<p class=\" wall-content\">La banque souhaite \u00ab\u2009casser les codes des entretiens habituels, souvent source de stress\u2009\u00bb en proposant le programme suivant\u2009:<\/p>\n<ul class=\" wall-content\">\n<li><b>17\u2009h\u200930 :<\/b>\u00a0Accueil des candidats et ouverture du cocktail.<\/li>\n<li><b>17\u2009h\u200945 -18\u2009h\u200900<\/b> : Pr\u00e9sentation des entreprises et du processus de recrutement.<\/li>\n<li><b>18\u2009h\u200900 \u2013 20\u2009h\u200930 :<\/b>\u00a0Entretiens de 10\u00a0minutes, \u00e9changes et cocktail.<\/li>\n<\/ul>\n<p class=\" wall-content\">\u00ab\u2009Apr\u00e8s l\u2019\u00e9v\u00e9nement, les candidats auront \u00e9galement acc\u00e8s gratuitement \u00e0 une plateforme en ligne sur laquelle ils retrouveront des mod\u00e8les de CV, des conseils et astuces pour les aider \u00e0 d\u00e9velopper leur projet professionnel\u2009\u00bb, indique le Cr\u00e9dit Agricole Atlantique Vend\u00e9e.<\/p>\n<p class=\" wall-content\">Attention toutefois,<b> il est demand\u00e9 de s\u2019inscrire<\/b> pour y participer.<\/p>\n<p>Votre r\u00e9gion, votre actu !<\/p>\n<p>Recevez chaque jour les infos qui comptent pour vous.<\/p>\n<p>\t<a href=\"https:\/\/actu.fr\/newsletter\" class=\"ac-btn ac-btn--corner ac-btn--medium ac-btn--blue800\" target=\"_blank\" rel=\"noopener\">S&rsquo;incrire<\/a><br \/>\nInfos pratiques\u2009: mardi 9\u00a0d\u00e9cembre de 17\u2009h\u200930 \u00e0 20\u2009h\u200930. <a href=\"https:\/\/job.wiz.bi\/gYYmW\" target=\"_blank\" rel=\"noopener\">Cliquez ici pour vous inscrire <\/a>ou par mail \u00e0 <a href=\"https:\/\/actu.fr\/cdn-cgi\/l\/email-protection\" class=\"__cf_email__\" data-cfemail=\"debdbfacb2bf9eb1bcbbb0baa7f0bdb1b3\" target=\"_blank\" rel=\"noopener\">[email\u00a0protected]<\/a>, ou par t\u00e9l\u00e9phone au 06\u200969\u200967\u200911\u200916.<\/p>\n<p class=\" wall-content\">Personnalisez votre actualit\u00e9 en ajoutant vos villes et m\u00e9dias en favori avec <a href=\"https:\/\/moncompte.actu.fr\" title=\"D\u00e9couvez Mon Actu\" rel=\"nofollow noopener\" data-trk=\"{&quot;cta&quot;:{&quot;action&quot;:&quot;https:\\\/\\\/moncompte.actu.fr&quot;,&quot;category&quot;:&quot;mon compte&quot;,&quot;from&quot;:&quot;article footer&quot;,&quot;name&quot;:&quot;Mon actu&quot;,&quot;type&quot;:&quot;cta&quot;}}\" target=\"_blank\">Mon Actu<\/a>.<\/p>\n","protected":false},"excerpt":{"rendered":"Par Laure Gentil Publi\u00e9 le 25 nov. 2025 \u00e0 9h19 Si vous \u00eates \u00e0 la recherche d\u2019un travail&hellip;\n","protected":false},"author":2,"featured_media":557285,"comment_status":"","ping_status":"","sticky":false,"template":"","format":"standard","meta":{"footnotes":""},"categories":[2818],"tags":[1111,11,341,1777,674,1011,27,5113,766,12,2636,25,104],"class_list":{"0":"post-557284","1":"post","2":"type-post","3":"status-publish","4":"format-standard","5":"has-post-thumbnail","7":"category-nantes","8":"tag-actu","9":"tag-actualites","10":"tag-emploi","11":"tag-eu","12":"tag-europe","13":"tag-fr","14":"tag-france","15":"tag-job-dating","16":"tag-nantes","17":"tag-news","18":"tag-pays-de-la-loire","19":"tag-republique-francaise","20":"tag-societe"},"share_on_mastodon":{"url":"https:\/\/pubeurope.com\/@fr\/115609578335758581","error":""},"_links":{"self":[{"href":"https:\/\/www.europesays.com\/fr\/wp-json\/wp\/v2\/posts\/557284","targetHints":{"allow":["GET"]}}],"collection":[{"href":"https:\/\/www.europesays.com\/fr\/wp-json\/wp\/v2\/posts"}],"about":[{"href":"https:\/\/www.europesays.com\/fr\/wp-json\/wp\/v2\/types\/post"}],"author":[{"embeddable":true,"href":"https:\/\/www.europesays.com\/fr\/wp-json\/wp\/v2\/users\/2"}],"replies":[{"embeddable":true,"href":"https:\/\/www.europesays.com\/fr\/wp-json\/wp\/v2\/comments?post=557284"}],"version-history":[{"count":0,"href":"https:\/\/www.europesays.com\/fr\/wp-json\/wp\/v2\/posts\/557284\/revisions"}],"wp:featuredmedia":[{"embeddable":true,"href":"https:\/\/www.europesays.com\/fr\/wp-json\/wp\/v2\/media\/557285"}],"wp:attachment":[{"href":"https:\/\/www.europesays.com\/fr\/wp-json\/wp\/v2\/media?parent=557284"}],"wp:term":[{"taxonomy":"category","embeddable":true,"href":"https:\/\/www.europesays.com\/fr\/wp-json\/wp\/v2\/categories?post=557284"},{"taxonomy":"post_tag","embeddable":true,"href":"https:\/\/www.europesays.com\/fr\/wp-json\/wp\/v2\/tags?post=557284"}],"curies":[{"name":"wp","href":"https:\/\/api.w.org\/{rel}","templated":true}]}}