{"id":557290,"date":"2025-11-25T09:17:24","date_gmt":"2025-11-25T09:17:24","guid":{"rendered":"https:\/\/www.europesays.com\/fr\/557290\/"},"modified":"2025-11-25T09:17:24","modified_gmt":"2025-11-25T09:17:24","slug":"resultats-du-circuit-national-a-bordeaux-federation-francaise-de-pentathlon-moderne","status":"publish","type":"post","link":"https:\/\/www.europesays.com\/fr\/557290\/","title":{"rendered":"R\u00e9sultats du Circuit National \u00e0 Bordeaux \u00bb F\u00e9d\u00e9ration Fran\u00e7aise de Pentathlon Moderne"},"content":{"rendered":"<p><img width=\"926\" height=\"1100\" src=\"https:\/\/www.europesays.com\/fr\/wp-content\/uploads\/2025\/11\/Capture-decran-2025-11-25-a-09.59.24.png\" class=\"attachment-full size-full wp-post-image\" alt=\"\" decoding=\"async\" fetchpriority=\"high\"  \/>                        <\/p>\n<p style=\"font-weight: 400;\">Le circuit national n\u00b01 U19 \/ U 22 s\u2019est d\u00e9roul\u00e9 ce week-end 22 novembre 2025 \u00e0 Bordeaux.<\/p>\n<p style=\"font-weight: 400;\">Par un temps ensoleill\u00e9 le samedi et pluvieux le dimanche matin pour l\u2019\u00e9preuve de Laser Run, la comp\u00e9tition s\u2019est d\u00e9roul\u00e9e sans probl\u00e8me gr\u00e2ce \u00e0 une organisation performante r\u00e9alis\u00e9e par les membres du BEC et du P\u00f4le Rel\u00e8ve (dirigeants, parents, amis et anciens du P\u00f4le et du Club). Nous remercions Xavier Cugat pour la r\u00e9alisation de toute la logistique en amont de la comp\u00e9tition pour pr\u00e9parer un tel \u00e9v\u00e8nement.<\/p>\n<p style=\"font-weight: 400;\">\u00c0 noter la pr\u00e9sence, comme toujours, de pentathl\u00e8tes catalans (7) venus de Barcelone (des habitu\u00e9s de cette comp\u00e9tition) et d\u2019une Asturienne.<\/p>\n<p style=\"font-weight: 400;\">Au total, 59 pentathl\u00e8tes ont particip\u00e9 \u00e0 ce premier circuit national U19 \/ U22.<\/p>\n<p style=\"font-weight: 400;\">Apr\u00e8s chaque \u00e9preuve, les r\u00e9sultats ont \u00e9t\u00e9 donn\u00e9s dans un laps de temps tr\u00e8s court gr\u00e2ce \u00e0 notre informaticien, organisateur et entra\u00eeneur Xavier CUGAT.<\/p>\n<p style=\"font-weight: 400;\">L\u2019\u00e9preuve d\u2019escrime a \u00e9t\u00e9 remport\u00e9e chez les filles par Alana SINTES\u00a0 (33 V\/ 5 D) et chez les gar\u00e7ons par \u00a0Florent SCHOEN (30V \/ 6 D).<\/p>\n<p style=\"font-weight: 400;\">La natation a \u00e9t\u00e9 gagn\u00e9e par L\u00e9onie AUGE en 2\u201918\u203328 chez les filles et par Th\u00e9otime LAY en 2\u201903\u203301 dans la comp\u00e9tition gar\u00e7ons.<\/p>\n<p style=\"font-weight: 400;\">Pour l\u2019\u00e9preuve d\u2019obstacle, nous avons \u00e0 la premi\u00e8re place: Alana SINTES en 32\u203354 chez les filles et Ma\u00ebl CLERCQ en 23\u203378 chez les gar\u00e7ons.<\/p>\n<p style=\"font-weight: 400;\">Pour la comp\u00e9tition filles, Alana SINTES s\u2019est attribu\u00e9e l\u2019\u00e9preuve du combin\u00e9 en 12\u201905\u201d et chez les gar\u00e7ons Florent SCHOEN\u00a0 s\u2019impose en 10\u201904\u201d.<\/p>\n<p style=\"font-weight: 400;\">Au g\u00e9n\u00e9ral: Victoire de l\u2019Occitane SINTES Alana chez les filles et victoire du parisien SCHOEN Florent chez les gar\u00e7ons.<\/p>\n<p style=\"font-weight: 400;\">Les deux demi-journ\u00e9es de comp\u00e9titions ont \u00e9t\u00e9 cl\u00f4tur\u00e9es par l\u2019annonce des r\u00e9sultats et une remise des m\u00e9dailles dans la salle de Roller du Creps de Bordeaux.<\/p>\n<p style=\"font-weight: 400;\">La comp\u00e9tition se terminant \u00e0 l\u2019horaire pr\u00e9vu\u00a0 chacun a pu repartir de bonne heure.<\/p>\n<p style=\"font-weight: 400;\">Merci encore \u00e0 toutes les bonnes volont\u00e9s et les b\u00e9n\u00e9voles qui ont aid\u00e9 \u00e0 la r\u00e9ussite de cet \u00e9v\u00e9nement.<\/p>\n<p><b>Podium U19 filles :<\/b><br \/>1)\u00a0\u00a0LEBELLEC No\u00ebline, Font Romeu, 1345 points<br \/>2)\u00a0\u00a0MUNOZ Lucia, Catalogne, 1339 points<br \/>3)\u00a0\u00a0DUBOSC Marilou, RMA, 1333 points<\/p>\n<p><img loading=\"lazy\" decoding=\"async\" class=\"alignnone size-large wp-image-177586\" src=\"https:\/\/www.europesays.com\/fr\/wp-content\/uploads\/2025\/11\/Capture-decran-2025-11-25-a-09.59.24-647x768.png\" alt=\"\" width=\"647\" height=\"768\"  \/><\/p>\n<ol>\n<li>1)\u00a0 DEL RIO Sergio, Catalonia, 1530 points<\/li>\n<li>2) MARIE Noah, RMA, 1525 points<\/li>\n<li>3)PEREZ Arnau, Catalonia, 1522 points<\/li>\n<\/ol>\n<p><img loading=\"lazy\" decoding=\"async\" class=\"alignnone size-large wp-image-177587\" src=\"https:\/\/www.europesays.com\/fr\/wp-content\/uploads\/2025\/11\/Capture-decran-2025-11-25-a-09.59.36-661x768.png\" alt=\"\" width=\"661\" height=\"768\"  \/><\/p>\n<p><b>Podium U22 filles :<\/b><br \/>1)\u00a0\u00a0SINTES Alana, Salanque, 1449 points<br \/>2)\u00a0\u00a0TOULEMONDE Anouck, RMA, 1357 points<br \/>3)\u00a0\u00a0LE BELLEC No\u00e9line, Font Romeu, 1345 points<\/p>\n<p><img loading=\"lazy\" decoding=\"async\" class=\"alignnone size-large wp-image-177588\" src=\"https:\/\/www.europesays.com\/fr\/wp-content\/uploads\/2025\/11\/Sans-titre-733x768.jpg\" alt=\"\" width=\"680\" height=\"712\"  \/><\/p>\n<p><b>Podium U22 gar\u00e7ons :<\/b><br \/>1)\u00a0\u00a0SCHOEN Florent, RMA, 1616 points<br \/>2)\u00a0\u00a0LAY Th\u00e9otime, VGA, 1567 points<br \/>3)\u00a0\u00a0FLEUROT Axel, VGA, 1557 points<\/p>\n<p><img loading=\"lazy\" decoding=\"async\" class=\"alignnone size-large wp-image-177589\" src=\"https:\/\/www.europesays.com\/fr\/wp-content\/uploads\/2025\/11\/2-661x768.jpg\" alt=\"\" width=\"661\" height=\"768\"  \/><\/p>\n","protected":false},"excerpt":{"rendered":"Le circuit national n\u00b01 U19 \/ U 22 s\u2019est d\u00e9roul\u00e9 ce week-end 22 novembre 2025 \u00e0 Bordeaux. Par&hellip;\n","protected":false},"author":2,"featured_media":557291,"comment_status":"","ping_status":"","sticky":false,"template":"","format":"standard","meta":{"footnotes":""},"categories":[2817],"tags":[1111,11,1997,1777,674,1011,27,12,2219,25],"class_list":{"0":"post-557290","1":"post","2":"type-post","3":"status-publish","4":"format-standard","5":"has-post-thumbnail","7":"category-bordeaux","8":"tag-actu","9":"tag-actualites","10":"tag-bordeaux","11":"tag-eu","12":"tag-europe","13":"tag-fr","14":"tag-france","15":"tag-news","16":"tag-nouvelle-aquitaine","17":"tag-republique-francaise"},"share_on_mastodon":{"url":"","error":""},"_links":{"self":[{"href":"https:\/\/www.europesays.com\/fr\/wp-json\/wp\/v2\/posts\/557290","targetHints":{"allow":["GET"]}}],"collection":[{"href":"https:\/\/www.europesays.com\/fr\/wp-json\/wp\/v2\/posts"}],"about":[{"href":"https:\/\/www.europesays.com\/fr\/wp-json\/wp\/v2\/types\/post"}],"author":[{"embeddable":true,"href":"https:\/\/www.europesays.com\/fr\/wp-json\/wp\/v2\/users\/2"}],"replies":[{"embeddable":true,"href":"https:\/\/www.europesays.com\/fr\/wp-json\/wp\/v2\/comments?post=557290"}],"version-history":[{"count":0,"href":"https:\/\/www.europesays.com\/fr\/wp-json\/wp\/v2\/posts\/557290\/revisions"}],"wp:featuredmedia":[{"embeddable":true,"href":"https:\/\/www.europesays.com\/fr\/wp-json\/wp\/v2\/media\/557291"}],"wp:attachment":[{"href":"https:\/\/www.europesays.com\/fr\/wp-json\/wp\/v2\/media?parent=557290"}],"wp:term":[{"taxonomy":"category","embeddable":true,"href":"https:\/\/www.europesays.com\/fr\/wp-json\/wp\/v2\/categories?post=557290"},{"taxonomy":"post_tag","embeddable":true,"href":"https:\/\/www.europesays.com\/fr\/wp-json\/wp\/v2\/tags?post=557290"}],"curies":[{"name":"wp","href":"https:\/\/api.w.org\/{rel}","templated":true}]}}