{"id":557296,"date":"2025-11-25T09:21:15","date_gmt":"2025-11-25T09:21:15","guid":{"rendered":"https:\/\/www.europesays.com\/fr\/557296\/"},"modified":"2025-11-25T09:21:15","modified_gmt":"2025-11-25T09:21:15","slug":"suivez-le-conseil-municipal-du-27-novembre-2025-en-direct","status":"publish","type":"post","link":"https:\/\/www.europesays.com\/fr\/557296\/","title":{"rendered":"Suivez le conseil municipal du 27 novembre 2025 en direct"},"content":{"rendered":"<ul class=\"post-meta\">\n<li class=\"post-meta-item\">Conseil municipal<\/li>\n<li class=\"post-meta-item\"> | Tous les articles<\/li>\n<li class=\"post-meta-item\"> | Vid\u00e9os<\/li>\n<\/ul>\n<p class=\"news-single-date\"> Publi\u00e9 le 25 novembre 2025| Coups de c\u0153ur24<\/p>\n<p> <img decoding=\"async\" src=\"https:\/\/www.europesays.com\/fr\/wp-content\/uploads\/2025\/04\/conseil-municipal-de-roubaix.jpg\" class=\"post-single-picture\" alt=\"\"\/><\/p>\n<p class=\"introduction\">Le prochain conseil municipal aura lieu le jeudi 27 novembre 2025 \u00e0 partir de 18h30. Vous pouvez suivre les \u00e9changes en direct sur Youtube et Rbx on TV, la web TV de la ville de Roubaix.<\/p>\n<p>Retrouvez le jeudi 27 novembre \u00e0 partir de 18h30 le conseil municipal en direct sur<\/p>\n<p class=\"title\">L&rsquo;ordre du jour<\/p>\n<p>Retrouvez l\u2019ordre du jour de ce conseil municipal sur <a href=\"https:\/\/www.ville-roubaix.fr\/municipalite\/le-conseil-municipal\/conseil-municipal\/\" target=\"_blank\" rel=\"noopener\">roubaix.fr<\/a><\/p>\n","protected":false},"excerpt":{"rendered":"Conseil municipal | Tous les articles | Vid\u00e9os Publi\u00e9 le 25 novembre 2025| Coups de c\u0153ur24 Le prochain&hellip;\n","protected":false},"author":2,"featured_media":41206,"comment_status":"","ping_status":"","sticky":false,"template":"","format":"standard","meta":{"footnotes":""},"categories":[2815],"tags":[1111,11,1984,814,1777,674,1011,27,811,1307,12,25],"class_list":{"0":"post-557296","1":"post","2":"type-post","3":"status-publish","4":"format-standard","5":"has-post-thumbnail","7":"category-lille","8":"tag-actu","9":"tag-actualites","10":"tag-conseil-municipal","11":"tag-direct","12":"tag-eu","13":"tag-europe","14":"tag-fr","15":"tag-france","16":"tag-hauts-de-france","17":"tag-lille","18":"tag-news","19":"tag-republique-francaise"},"share_on_mastodon":{"url":"https:\/\/pubeurope.com\/@fr\/115609605746964878","error":""},"_links":{"self":[{"href":"https:\/\/www.europesays.com\/fr\/wp-json\/wp\/v2\/posts\/557296","targetHints":{"allow":["GET"]}}],"collection":[{"href":"https:\/\/www.europesays.com\/fr\/wp-json\/wp\/v2\/posts"}],"about":[{"href":"https:\/\/www.europesays.com\/fr\/wp-json\/wp\/v2\/types\/post"}],"author":[{"embeddable":true,"href":"https:\/\/www.europesays.com\/fr\/wp-json\/wp\/v2\/users\/2"}],"replies":[{"embeddable":true,"href":"https:\/\/www.europesays.com\/fr\/wp-json\/wp\/v2\/comments?post=557296"}],"version-history":[{"count":0,"href":"https:\/\/www.europesays.com\/fr\/wp-json\/wp\/v2\/posts\/557296\/revisions"}],"wp:featuredmedia":[{"embeddable":true,"href":"https:\/\/www.europesays.com\/fr\/wp-json\/wp\/v2\/media\/41206"}],"wp:attachment":[{"href":"https:\/\/www.europesays.com\/fr\/wp-json\/wp\/v2\/media?parent=557296"}],"wp:term":[{"taxonomy":"category","embeddable":true,"href":"https:\/\/www.europesays.com\/fr\/wp-json\/wp\/v2\/categories?post=557296"},{"taxonomy":"post_tag","embeddable":true,"href":"https:\/\/www.europesays.com\/fr\/wp-json\/wp\/v2\/tags?post=557296"}],"curies":[{"name":"wp","href":"https:\/\/api.w.org\/{rel}","templated":true}]}}