{"id":557303,"date":"2025-11-25T09:25:13","date_gmt":"2025-11-25T09:25:13","guid":{"rendered":"https:\/\/www.europesays.com\/fr\/557303\/"},"modified":"2025-11-25T09:25:13","modified_gmt":"2025-11-25T09:25:13","slug":"des-degradations-graves-qui-pourraient-devenir-irreversibles-a-lyon-il-manque-500-000-euros-pour-sauver-la-celebre-basilique-de-fourviere","status":"publish","type":"post","link":"https:\/\/www.europesays.com\/fr\/557303\/","title":{"rendered":"\u00ab\u00a0Des d\u00e9gradations graves qui pourraient devenir irr\u00e9versibles\u00a0\u00bb\u00a0: \u00e0 Lyon, il manque 500\u00a0000\u00a0euros pour sauver la c\u00e9l\u00e8bre basilique de Fourvi\u00e8re"},"content":{"rendered":"<p class=\"paragraph text_align_left lp-f-body-02\">Malgr\u00e9 <a href=\"https:\/\/www.leparisien.fr\/rhone-69\/seuls-nous-ny-arriverons-pas-un-appel-aux-dons-pour-sauver-la-basilique-de-fourviere-26-12-2024-AMLRYXEXO5CZHPDLUG6QJREULE.php\" target=\"_self\" rel=\"noopener\">le succ\u00e8s d\u2019une premi\u00e8re campagne de dons organis\u00e9e l\u2019an dernier<\/a> et qui avait permis de collecter la coquette somme de deux millions d\u2019euros, la basilique de Fourvi\u00e8re, \u00ab la Notre-Dame lyonnaise \u00bb, qui veille sur la ville de Lyon depuis 1896 du haut de sa colline, manque encore d\u2019argent pour financer des travaux devenus tr\u00e8s urgents. Victimes du temps et des intemp\u00e9ries, ses quatre tours hautes de 48 m se fissurent en effet dangereusement.<\/p>\n<p class=\"paragraph text_align_left lp-f-body-02\">Propri\u00e9taire du site,<a href=\"https:\/\/www.fourviere.org\/fr\/vie-du-site-notre-dame-de-fourviere\/les-acteurs-du-sanctuaire\/la-commission-et-la-fondation-fourviere\/\" target=\"_self\" rel=\"noopener\"> la fondation Fourvi\u00e8re<\/a> en appelle \u00e0 la g\u00e9n\u00e9rosit\u00e9 des Lyonnais afin de l\u2019aider \u00e0 trouver 500 000 euros suppl\u00e9mentaires et vient de lancer un nouvel appel aux m\u00e9c\u00e8nes. \u00ab Les tours pr\u00e9sentent aujourd\u2019hui des d\u00e9gradations graves (fissures, blocs de pierre qui se d\u00e9tachent, corrosion des structures m\u00e9talliques&#8230;). Sans intervention rapide, leur \u00e9tat pourrait devenir irr\u00e9versible \u00bb alerte la fondation.<\/p>\n<p>2,5 millions de visites chaque ann\u00e9e<\/p>\n<p class=\"paragraph text_align_left lp-f-body-02\">La situation est telle que depuis un an, des barri\u00e8res ont \u00e9t\u00e9 install\u00e9es au pied des tours fragilis\u00e9es afin d\u2019\u00e9loigner les visiteurs en cas d\u2019\u00e9boulement. La bonne nouvelle, c\u2019est que gr\u00e2ce aux 2 millions d\u2019euros collect\u00e9s l\u2019an dernier, une premi\u00e8re phase de travaux d\u2019urgence va pouvoir \u00eatre engag\u00e9e sur les tours les plus endommag\u00e9es.<\/p>\n<p class=\"paragraph text_align_left lp-f-body-02\">Le chantier est programm\u00e9 au premier semestre 2026 et devrait concerner, en priorit\u00e9, celles situ\u00e9es sur la face nord-ouest de la basilique, la Force et la Justice, qui dominent le parvis et menacent de s\u2019effondrer. Les 500 000 euros restants permettront de financer la suite des op\u00e9rations sur les tours nord-est, la Prudence et la Temp\u00e9rance.<\/p>\n<p class=\"paragraph text_align_left lp-f-body-02\">Au total, ce sont plus de cinq millions d\u2019euros qui doivent \u00eatre investis d\u2019ici mi-2027. Plus que jamais, Fourvi\u00e8re &#8211; class\u00e9e Monument historique et inscrite au Patrimoine mondial de l\u2019Unesco &#8211; a besoin de ses fid\u00e8les qui sont chaque ann\u00e9e 2,5 millions \u00e0 visiter le site.<\/p>\n","protected":false},"excerpt":{"rendered":"Malgr\u00e9 le succ\u00e8s d\u2019une premi\u00e8re campagne de dons organis\u00e9e l\u2019an dernier et qui avait permis de collecter la&hellip;\n","protected":false},"author":2,"featured_media":557304,"comment_status":"","ping_status":"","sticky":false,"template":"","format":"standard","meta":{"footnotes":""},"categories":[1889],"tags":[1111,11,2430,459,1777,674,1011,27,2428,12,25,11244],"class_list":{"0":"post-557303","1":"post","2":"type-post","3":"status-publish","4":"format-standard","5":"has-post-thumbnail","7":"category-lyon","8":"tag-actu","9":"tag-actualites","10":"tag-auvergne-rhone-alpes","11":"tag-departements-horsidfo","12":"tag-eu","13":"tag-europe","14":"tag-fr","15":"tag-france","16":"tag-lyon","17":"tag-news","18":"tag-republique-francaise","19":"tag-rhone-69"},"share_on_mastodon":{"url":"https:\/\/pubeurope.com\/@fr\/115609621370097342","error":""},"_links":{"self":[{"href":"https:\/\/www.europesays.com\/fr\/wp-json\/wp\/v2\/posts\/557303","targetHints":{"allow":["GET"]}}],"collection":[{"href":"https:\/\/www.europesays.com\/fr\/wp-json\/wp\/v2\/posts"}],"about":[{"href":"https:\/\/www.europesays.com\/fr\/wp-json\/wp\/v2\/types\/post"}],"author":[{"embeddable":true,"href":"https:\/\/www.europesays.com\/fr\/wp-json\/wp\/v2\/users\/2"}],"replies":[{"embeddable":true,"href":"https:\/\/www.europesays.com\/fr\/wp-json\/wp\/v2\/comments?post=557303"}],"version-history":[{"count":0,"href":"https:\/\/www.europesays.com\/fr\/wp-json\/wp\/v2\/posts\/557303\/revisions"}],"wp:featuredmedia":[{"embeddable":true,"href":"https:\/\/www.europesays.com\/fr\/wp-json\/wp\/v2\/media\/557304"}],"wp:attachment":[{"href":"https:\/\/www.europesays.com\/fr\/wp-json\/wp\/v2\/media?parent=557303"}],"wp:term":[{"taxonomy":"category","embeddable":true,"href":"https:\/\/www.europesays.com\/fr\/wp-json\/wp\/v2\/categories?post=557303"},{"taxonomy":"post_tag","embeddable":true,"href":"https:\/\/www.europesays.com\/fr\/wp-json\/wp\/v2\/tags?post=557303"}],"curies":[{"name":"wp","href":"https:\/\/api.w.org\/{rel}","templated":true}]}}