{"id":557309,"date":"2025-11-25T09:29:19","date_gmt":"2025-11-25T09:29:19","guid":{"rendered":"https:\/\/www.europesays.com\/fr\/557309\/"},"modified":"2025-11-25T09:29:19","modified_gmt":"2025-11-25T09:29:19","slug":"la-police-lance-un-appel-a-temoins-apres-le-deces-dun-etudiant-sur-la33","status":"publish","type":"post","link":"https:\/\/www.europesays.com\/fr\/557309\/","title":{"rendered":"La police lance un appel \u00e0 t\u00e9moins apr\u00e8s le d\u00e9c\u00e8s d&rsquo;un \u00e9tudiant sur l&rsquo;A33"},"content":{"rendered":"<p>Un jeune homme de 19 ans, \u00e9tudiant en m\u00e9decine, a \u00e9t\u00e9 retrouv\u00e9 mort le long de l&rsquo;autoroute A33, \u00e0 Nancy, pr\u00e8s de la sortie Brabois. Les enqu\u00eateurs recherchent activement des t\u00e9moins.<\/p>\n<p>\n      La Quotidienne Soci\u00e9t\u00e9\n    <\/p>\n<p>\n      De la vie quotidienne aux grands enjeux, recevez tous les jours les sujets qui font la soci\u00e9t\u00e9 locale, comme la justice, l\u2019\u00e9ducation, la sant\u00e9 et la famille.\n    <\/p>\n<p>    France T\u00e9l\u00e9visions utilise votre adresse e-mail afin de vous envoyer la newsletter \u00ab\u00a0La Quotidienne Soci\u00e9t\u00e9\u00a0\u00bb. Vous pouvez vous d\u00e9sinscrire \u00e0 tout moment via le lien en bas de cette newsletter. <a target=\"_blank\" href=\"https:\/\/www.francetelevisions.fr\/groupe\/confidentialite\/politique-de-confidentialite\/politique-de-confidentialite-de-france-televisions-6503\" rel=\"noopener\">Notre politique de confidentialit\u00e9<\/a><\/p>\n<p>La police de Nancy a diffus\u00e9 ce lundi 24 novembre 2025 sur le r\u00e9seau social X un appel \u00e0 t\u00e9moins suite au <a href=\"https:\/\/france3-regions.franceinfo.fr\/grand-est\/meurthe-et-moselle\/nancy\/un-etudiant-de-la-fac-de-medecine-meurt-sur-l-autoroute-de-nombreuses-zones-d-ombre-a-eclaircir-3253678.html\" target=\"_blank\" rel=\"noopener noreferrer nofollow\" data-tooltip-url=\"https:\/\/france3-regions.franceinfo.fr\/grand-est\/meurthe-et-moselle\/nancy\/un-etudiant-de-la-fac-de-medecine-meurt-sur-l-autoroute-de-nombreuses-zones-d-ombre-a-eclaircir-3253678.html\">d\u00e9c\u00e8s<\/a> tragique d&rsquo;un \u00e9tudiant en m\u00e9decine de 19 ans. Son corps sans vie a \u00e9t\u00e9 d\u00e9couvert jeudi 20 novembre dans la matin\u00e9e, le long de l&rsquo;autoroute A33, \u00e0 proximit\u00e9 de la sortie Brabois, \u00e0 Nancy (Meurthe-et-Moselle).<\/p>\n<p>Les enqu\u00eateurs invitent tout automobiliste ayant circul\u00e9 dans ce secteur entre 3 heures et 8 heures du matin \u00e0 se manifester. Ces t\u00e9moignages pourraient s&rsquo;av\u00e9rer cruciaux pour \u00e9lucider les circonstances exactes de ce drame. Les personnes disposant d&rsquo;informations sont pri\u00e9es de contacter l&rsquo;h\u00f4tel de police de Nancy au 03 83 17 29 01.<\/p>\n<p>Selon les premiers \u00e9l\u00e9ments de l&rsquo;enqu\u00eate, l&rsquo;hypoth\u00e8se d&rsquo;une collision avec un v\u00e9hicule est actuellement privil\u00e9gi\u00e9e. Les enqu\u00eateurs poursuivent leurs investigations pour reconstituer pr\u00e9cis\u00e9ment le d\u00e9roulement des \u00e9v\u00e9nements et identifier un \u00e9ventuel v\u00e9hicule impliqu\u00e9.<\/p>\n","protected":false},"excerpt":{"rendered":"Un jeune homme de 19 ans, \u00e9tudiant en m\u00e9decine, a \u00e9t\u00e9 retrouv\u00e9 mort le long de l&rsquo;autoroute A33,&hellip;\n","protected":false},"author":2,"featured_media":557310,"comment_status":"","ping_status":"","sticky":false,"template":"","format":"standard","meta":{"footnotes":""},"categories":[1888],"tags":[1111,1928,11,1927,1777,674,1011,27,12,1926,626,1925,25],"class_list":{"0":"post-557309","1":"post","2":"type-post","3":"status-publish","4":"format-standard","5":"has-post-thumbnail","7":"category-paris","8":"tag-actu","9":"tag-actu-paris","10":"tag-actualites","11":"tag-actualites-paris","12":"tag-eu","13":"tag-europe","14":"tag-fr","15":"tag-france","16":"tag-news","17":"tag-news-paris","18":"tag-paris","19":"tag-paris-news","20":"tag-republique-francaise"},"share_on_mastodon":{"url":"https:\/\/pubeurope.com\/@fr\/115609637133344070","error":""},"_links":{"self":[{"href":"https:\/\/www.europesays.com\/fr\/wp-json\/wp\/v2\/posts\/557309","targetHints":{"allow":["GET"]}}],"collection":[{"href":"https:\/\/www.europesays.com\/fr\/wp-json\/wp\/v2\/posts"}],"about":[{"href":"https:\/\/www.europesays.com\/fr\/wp-json\/wp\/v2\/types\/post"}],"author":[{"embeddable":true,"href":"https:\/\/www.europesays.com\/fr\/wp-json\/wp\/v2\/users\/2"}],"replies":[{"embeddable":true,"href":"https:\/\/www.europesays.com\/fr\/wp-json\/wp\/v2\/comments?post=557309"}],"version-history":[{"count":0,"href":"https:\/\/www.europesays.com\/fr\/wp-json\/wp\/v2\/posts\/557309\/revisions"}],"wp:featuredmedia":[{"embeddable":true,"href":"https:\/\/www.europesays.com\/fr\/wp-json\/wp\/v2\/media\/557310"}],"wp:attachment":[{"href":"https:\/\/www.europesays.com\/fr\/wp-json\/wp\/v2\/media?parent=557309"}],"wp:term":[{"taxonomy":"category","embeddable":true,"href":"https:\/\/www.europesays.com\/fr\/wp-json\/wp\/v2\/categories?post=557309"},{"taxonomy":"post_tag","embeddable":true,"href":"https:\/\/www.europesays.com\/fr\/wp-json\/wp\/v2\/tags?post=557309"}],"curies":[{"name":"wp","href":"https:\/\/api.w.org\/{rel}","templated":true}]}}