{"id":557320,"date":"2025-11-25T09:34:16","date_gmt":"2025-11-25T09:34:16","guid":{"rendered":"https:\/\/www.europesays.com\/fr\/557320\/"},"modified":"2025-11-25T09:34:16","modified_gmt":"2025-11-25T09:34:16","slug":"la-russie-annonce-3-morts-et-16-blesses-lors-dune-attaque-de-drones-ukrainiens","status":"publish","type":"post","link":"https:\/\/www.europesays.com\/fr\/557320\/","title":{"rendered":"La Russie annonce 3 morts et 16 bless\u00e9s lors d&rsquo;une attaque de drones ukrainiens"},"content":{"rendered":"<p>AA \/ Istanbul \/ Burc Eruygur<\/p>\n<p>La Russie a annonc\u00e9 ce mardi qu&rsquo;au moins trois personnes avaient \u00e9t\u00e9 tu\u00e9es et seize autres bless\u00e9es lors de frappes de drones men\u00e9es au cours de la nuit par l&rsquo;Ukraine sur les r\u00e9gions russes de Krasnodar et de Rostov.<\/p>\n<p>Le gouverneur de la r\u00e9gion russe de Krasnodar, Veniamin Kondratyev, a \u00e9crit sur la plateforme Telegram, bas\u00e9e aux \u00c9mirats arabes unis, que la r\u00e9gion du sud de la Russie avait subi ce qu&rsquo;il a qualifi\u00e9 d&rsquo;\u00ab une des attaques les plus massives et les plus soutenues du r\u00e9gime de Kiev \u00bb, faisant au total six bless\u00e9s.<\/p>\n<p>\u00ab La situation est particuli\u00e8rement grave \u00e0 Novorossiisk et Gelendzhik \u00bb, a d\u00e9clar\u00e9 Kondratyev, citant des informations pr\u00e9liminaires faisant \u00e9tat de sept immeubles d&rsquo;habitation et d&rsquo;au moins sept maisons individuelles endommag\u00e9es.<\/p>\n<p>Par ailleurs, le gouverneur de la r\u00e9gion russe de Rostov, Iouri Sliousar, a annonc\u00e9 que dix personnes avaient \u00e9t\u00e9 bless\u00e9es lors de l&rsquo;attaque nocturne dans la ville portuaire de Taganrog et le district voisin de Neklinovsky.<\/p>\n<p>Il a d\u00e9clar\u00e9 que trois personnes \u00e9taient d\u00e9c\u00e9d\u00e9es, ajoutant que, selon les premi\u00e8res informations, un atelier de peinture, un entrep\u00f4t, plusieurs infrastructures sociales, quatre immeubles d&rsquo;habitation, douze maisons individuelles et quatre v\u00e9hicules avaient \u00e9t\u00e9 endommag\u00e9s.<\/p>\n<p>La d\u00e9fense a\u00e9rienne a intercept\u00e9 249 drones ukrainiens lanc\u00e9s dans la nuit vers la Russie selon le minist\u00e8re de la D\u00e9fense, dont 116 ont \u00e9t\u00e9 abattus au-dessus de la mer Noire.<\/p>\n<p>Le minist\u00e8re a \u00e9galement affirm\u00e9 que 76 drones avaient \u00e9t\u00e9 abattus au-dessus de la r\u00e9gion de Krasnodar et 16 autres au-dessus de la r\u00e9gion de Rostov.<\/p>\n<p>Les autorit\u00e9s ukrainiennes n&rsquo;ont pas encore comment\u00e9 l&rsquo;attaque nocturne, bien que le maire de Kiev, Vitali Klitschko, ait \u00e9crit sur la plateforme Telegram, bas\u00e9e aux \u00c9mirats arabes unis, qu&rsquo;au moins six personnes avaient \u00e9t\u00e9 tu\u00e9es et quatorze autres bless\u00e9es lors des frappes a\u00e9riennes russes men\u00e9es sur la capitale ukrainienne dans la nuit. <\/p>\n<p>*Traduit de l\u2019anglais par Ayse Bashoruz <\/p>\n<p>                            &#13;<br \/>\n                                <a href=\"https:\/\/www.aa.com.tr\/fr\/p\/abonnement\/1001\" target=\"_blank\" style=\"font-size:12px; color:#444; text-decoration:none;\" rel=\"noopener\">&#13;<br \/>\n                                    Seulement une partie des d\u00e9p\u00eaches, que l&rsquo;Agence Anadolu diffuse \u00e0 ses abonn\u00e9s via le Syst\u00e8me de Diffusion interne (HAS), est diffus\u00e9e sur le site de l&rsquo;AA, de mani\u00e8re r\u00e9sum\u00e9e. <b style=\"color:#1897F7\">Contactez-nous s&rsquo;il vous pla\u00eet pour vous abonner.<\/b>&#13;<br \/>\n                                <\/a>&#13;<\/p>\n","protected":false},"excerpt":{"rendered":"AA \/ Istanbul \/ Burc Eruygur La Russie a annonc\u00e9 ce mardi qu&rsquo;au moins trois personnes avaient \u00e9t\u00e9&hellip;\n","protected":false},"author":2,"featured_media":557321,"comment_status":"","ping_status":"","sticky":false,"template":"","format":"standard","meta":{"footnotes":""},"categories":[1591],"tags":[11,1785,1887,38737,12,67469,1885,1886,132,220],"class_list":{"0":"post-557320","1":"post","2":"type-post","3":"status-publish","4":"format-standard","5":"has-post-thumbnail","7":"category-russie","8":"tag-actualites","9":"tag-anadolu-ajansi","10":"tag-federation-de-russie","11":"tag-krasnodar","12":"tag-news","13":"tag-rostov","14":"tag-russia","15":"tag-russian-federation","16":"tag-russie","17":"tag-ukraine"},"share_on_mastodon":{"url":"https:\/\/pubeurope.com\/@fr\/115609656714870832","error":""},"_links":{"self":[{"href":"https:\/\/www.europesays.com\/fr\/wp-json\/wp\/v2\/posts\/557320","targetHints":{"allow":["GET"]}}],"collection":[{"href":"https:\/\/www.europesays.com\/fr\/wp-json\/wp\/v2\/posts"}],"about":[{"href":"https:\/\/www.europesays.com\/fr\/wp-json\/wp\/v2\/types\/post"}],"author":[{"embeddable":true,"href":"https:\/\/www.europesays.com\/fr\/wp-json\/wp\/v2\/users\/2"}],"replies":[{"embeddable":true,"href":"https:\/\/www.europesays.com\/fr\/wp-json\/wp\/v2\/comments?post=557320"}],"version-history":[{"count":0,"href":"https:\/\/www.europesays.com\/fr\/wp-json\/wp\/v2\/posts\/557320\/revisions"}],"wp:featuredmedia":[{"embeddable":true,"href":"https:\/\/www.europesays.com\/fr\/wp-json\/wp\/v2\/media\/557321"}],"wp:attachment":[{"href":"https:\/\/www.europesays.com\/fr\/wp-json\/wp\/v2\/media?parent=557320"}],"wp:term":[{"taxonomy":"category","embeddable":true,"href":"https:\/\/www.europesays.com\/fr\/wp-json\/wp\/v2\/categories?post=557320"},{"taxonomy":"post_tag","embeddable":true,"href":"https:\/\/www.europesays.com\/fr\/wp-json\/wp\/v2\/tags?post=557320"}],"curies":[{"name":"wp","href":"https:\/\/api.w.org\/{rel}","templated":true}]}}