{"id":557324,"date":"2025-11-25T09:36:15","date_gmt":"2025-11-25T09:36:15","guid":{"rendered":"https:\/\/www.europesays.com\/fr\/557324\/"},"modified":"2025-11-25T09:36:15","modified_gmt":"2025-11-25T09:36:15","slug":"ces-trois-jours-ou-donald-trump-a-fait-vaciller-le-multilateralisme-lexpress","status":"publish","type":"post","link":"https:\/\/www.europesays.com\/fr\/557324\/","title":{"rendered":"Ces trois jours o\u00f9 Donald Trump a fait vaciller le multilat\u00e9ralisme \u2013 L&rsquo;Express"},"content":{"rendered":"<p class=\"paragraph article-body-paragraph article__item   article-body-paragraph--first \">S\u2019il n\u2019est pas compl\u00e8tement mort, le multilat\u00e9ralisme est KO debout, sous les coups des Am\u00e9ricains, en cette fin novembre. Tout un symbole : apr\u00e8s avoir frapp\u00e9 un bloc de bois pour cl\u00f4turer le G20 qui se tenait dans son pays, le pr\u00e9sident sud-africain a transmis le 23 novembre son marteau \u00e0 une chaise vide. Et pour cause : ni <a href=\"https:\/\/www.lexpress.fr\/monde\/amerique\/donald-trump_1702460.html\" target=\"_self\" rel=\"noopener\" title=\"https:\/\/www.lexpress.fr\/monde\/amerique\/donald-trump_1702460.html\">Donald Trump<\/a>, qui boycottait ce sommet, ni aucun responsable am\u00e9ricain n\u2019\u00e9taient pr\u00e9sents pour le traditionnel passage de relais \u00e0 l\u2019h\u00f4te du prochain rendez-vous, en 2026 : \u00e0 savoir les Etats-Unis, qui comptent l&rsquo;organiser dans un complexe de golf appartenant \u00e0 la famille Trump&#8230; <\/p>\n<p class=\"paragraph article-body-paragraph article__item   \">\u00ab\u00a0Le G20 arrive peut-\u00eatre \u00e0 la fin d\u2019un cycle\u00a0\u00bb, a euph\u00e9mis\u00e9 sur place Emmanuel Macron, notant que cette instance \u00ab\u00a0avait beaucoup de mal \u00e0 r\u00e9gler les grandes crises internationales\u00a0\u00bb. De fait, si cette r\u00e9union, s\u00e9ch\u00e9e par plusieurs autres dirigeants et min\u00e9e par les rivalit\u00e9s politiques, s&rsquo;est conclue par une d\u00e9claration commune, celle-ci se contente d\u2019appeler \u00e0 \u00ab\u00a0une paix juste, globale et durable, au Soudan, en R\u00e9publique d\u00e9mocratique du Congo, dans les territoires palestiniens occup\u00e9s et en Ukraine\u00a0\u00bb. <\/p>\n<p><strong class=\"article-body-link-list__item text-gray-800 article-body-link-list__item--one-item\">LIRE AUSSI : <a class=\"article-body-link-list__item-link\" href=\"https:\/\/www.lexpress.fr\/monde\/europe\/plan-de-paix-de-donald-trump-comment-la-maison-blanche-trahit-lukraine-HXS52THUTJGJRLKLXB5XZTIGQQ\/\" target=\"_blank\" rel=\"noopener\">Plan de paix de Donald Trump : comment la Maison-Blanche trahit l\u2019Ukraine<\/a><\/strong><\/p>\n<p class=\"paragraph article-body-paragraph article__item   \">L&rsquo;Ukraine, \u00e9voqu\u00e9e au d\u00e9tour d&rsquo;une phrase. Alors qu&rsquo;au cours du m\u00eame week-end, les dirigeants europ\u00e9ens pr\u00e9sents \u00e0 Johannesburg s&rsquo;\u00e9taient r\u00e9unis en catastrophe pour discuter <a href=\"https:\/\/www.lexpress.fr\/monde\/europe\/le-plan-de-donald-trump-pour-la-paix-en-ukraine-torpille-les-ambitions-de-leurope-FORDPEHXBVCMJOP6ON5FRXVP6Q\/\" target=\"_self\" rel=\"noopener\" title=\"https:\/\/www.lexpress.fr\/monde\/europe\/le-plan-de-donald-trump-pour-la-paix-en-ukraine-torpille-les-ambitions-de-leurope-FORDPEHXBVCMJOP6ON5FRXVP6Q\/\">du \u00ab\u00a0plan de paix\u00a0\u00bb en 28 points pr\u00e9sent\u00e9 par les Am\u00e9ricains aux Ukrainiens<\/a>, qui reprenait la plupart des revendications du Kremlin, et \u00e9quivalait \u00e0 une capitulation pour Kiev.<\/p>\n<p class=\"paragraph article-body-paragraph article__item   \">Pour compl\u00e9ter ce triste tableau, \u00e0 8 600 kilom\u00e8tres de l\u00e0, au Br\u00e9sil, o\u00f9 Trump n\u2019avait pas non plus daign\u00e9 envoyer le moindre repr\u00e9sentant, <a href=\"https:\/\/www.lexpress.fr\/monde\/europe\/un-texte-plat-la-bonne-direction-que-contient-le-projet-daccord-final-de-la-cop30-valide-ce-samedi-TIUR2LUQJBBW7IOMPCM6ZCY5MU\/\" target=\"_self\" rel=\"noopener\" title=\"https:\/\/www.lexpress.fr\/monde\/europe\/un-texte-plat-la-bonne-direction-que-contient-le-projet-daccord-final-de-la-cop30-valide-ce-samedi-TIUR2LUQJBBW7IOMPCM6ZCY5MU\/\">la COP30<\/a> avait elle aussi accouch\u00e9, quelques jours plus t\u00f4t, d\u2019une d\u00e9claration l\u00e9nifiante et non contraignante. Le communiqu\u00e9 final ne mentionne aucune feuille de route pour sortir des \u00e9nergies fossiles. <\/p>\n<p>Donald Trump ne pense qu&rsquo;\u00e0 ses int\u00e9r\u00eats<\/p>\n<p class=\"paragraph article-body-paragraph article__item   \">Pris par surprise par un plan de paix rendu public au moment o\u00f9 des sanctions am\u00e9ricaines contre deux g\u00e9ants p\u00e9troliers russes devaient entrer en vigueur, Ukrainiens et Europ\u00e9ens, qui jouent leur avenir, sont parvenus \u00e0 l\u2019amender. Mais il appara\u00eet de plus en plus clairement que Trump, loin de se pr\u00e9occuper du sort des Ukrainiens ou de la s\u00e9curit\u00e9 de l\u2019Europe, ne pense cyniquement qu\u2019\u00e0 ses int\u00e9r\u00eats : appara\u00eetre comme un faiseur de paix (fut-elle bancale) et relancer les affaires avec la Russie. <\/p>\n<p><strong class=\"article-body-link-list__item text-gray-800 article-body-link-list__item--one-item\">LIRE AUSSI : <a class=\"article-body-link-list__item-link\" href=\"https:\/\/www.lexpress.fr\/idees-et-debats\/leurope-vit-sa-derniere-annee-de-paix-lavertissement-dandrei-kozovoi-specialiste-de-la-russie-7XXLA7SFMZALTMIJ2B2EI52EGM\/\" target=\"_blank\" rel=\"noopener\">\u00ab\u00a0L&rsquo;Europe vit sa derni\u00e8re ann\u00e9e de paix\u00a0\u00bb : l&rsquo;avertissement d&rsquo;Andre\u00ef Kozovo\u00ef, sp\u00e9cialiste de la Russie<\/a><\/strong><\/p>\n<p class=\"paragraph article-body-paragraph article__item    article__text__endpicto\">\u00ab\u00a0Le multilat\u00e9ralisme cr\u00e9e une l\u00e9gitimit\u00e9 qui ne peut \u00eatre obtenue par la puissance seule\u00a0\u00bb, r\u00e9sumait le g\u00e9opolitologue am\u00e9ricain Joseph Nye, disparu cette ann\u00e9e. Une analyse m\u00e9pris\u00e9e par Washington et Moscou, \u00e0 l&rsquo;heure o\u00f9 seuls les rapports de force pr\u00e9valent. <\/p>\n","protected":false},"excerpt":{"rendered":"S\u2019il n\u2019est pas compl\u00e8tement mort, le multilat\u00e9ralisme est KO debout, sous les coups des Am\u00e9ricains, en cette fin&hellip;\n","protected":false},"author":2,"featured_media":557325,"comment_status":"","ping_status":"","sticky":false,"template":"","format":"standard","meta":{"footnotes":""},"categories":[1589],"tags":[11,73,1866,74,12,1864,1865,1863,308],"class_list":{"0":"post-557324","1":"post","2":"type-post","3":"status-publish","4":"format-standard","5":"has-post-thumbnail","7":"category-etats-unis","8":"tag-actualites","9":"tag-etats-unis","10":"tag-etats-unis-damerique","11":"tag-monde","12":"tag-news","13":"tag-united-states","14":"tag-united-states-of-america","15":"tag-us","16":"tag-usa"},"share_on_mastodon":{"url":"https:\/\/pubeurope.com\/@fr\/115609664847608885","error":""},"_links":{"self":[{"href":"https:\/\/www.europesays.com\/fr\/wp-json\/wp\/v2\/posts\/557324","targetHints":{"allow":["GET"]}}],"collection":[{"href":"https:\/\/www.europesays.com\/fr\/wp-json\/wp\/v2\/posts"}],"about":[{"href":"https:\/\/www.europesays.com\/fr\/wp-json\/wp\/v2\/types\/post"}],"author":[{"embeddable":true,"href":"https:\/\/www.europesays.com\/fr\/wp-json\/wp\/v2\/users\/2"}],"replies":[{"embeddable":true,"href":"https:\/\/www.europesays.com\/fr\/wp-json\/wp\/v2\/comments?post=557324"}],"version-history":[{"count":0,"href":"https:\/\/www.europesays.com\/fr\/wp-json\/wp\/v2\/posts\/557324\/revisions"}],"wp:featuredmedia":[{"embeddable":true,"href":"https:\/\/www.europesays.com\/fr\/wp-json\/wp\/v2\/media\/557325"}],"wp:attachment":[{"href":"https:\/\/www.europesays.com\/fr\/wp-json\/wp\/v2\/media?parent=557324"}],"wp:term":[{"taxonomy":"category","embeddable":true,"href":"https:\/\/www.europesays.com\/fr\/wp-json\/wp\/v2\/categories?post=557324"},{"taxonomy":"post_tag","embeddable":true,"href":"https:\/\/www.europesays.com\/fr\/wp-json\/wp\/v2\/tags?post=557324"}],"curies":[{"name":"wp","href":"https:\/\/api.w.org\/{rel}","templated":true}]}}