{"id":557329,"date":"2025-11-25T09:39:18","date_gmt":"2025-11-25T09:39:18","guid":{"rendered":"https:\/\/www.europesays.com\/fr\/557329\/"},"modified":"2025-11-25T09:39:18","modified_gmt":"2025-11-25T09:39:18","slug":"la-violence-numerique-est-une-vraie-violence-declare-la-directrice-donu-femmes-europe-a-euronews","status":"publish","type":"post","link":"https:\/\/www.europesays.com\/fr\/557329\/","title":{"rendered":"La violence num\u00e9rique est une vraie violence\u00a0\u00bb, d\u00e9clare la directrice d&rsquo;ONU Femmes Europe \u00e0 Euronews"},"content":{"rendered":"<p>La haine en ligne contre les femmes augmente et amplifie les tensions entre les sexes dans la vie r\u00e9elle, a d\u00e9clar\u00e9 \u00e0 <strong>Euronews<\/strong> la directrice de la division des Nations Unies pour les femmes en Europe, qui a mis en garde contre un environnement de plus en plus hostile pour les jeunes filles et les femmes.<\/p>\n<p>\u00ab\u00a0La violence num\u00e9rique est une violence r\u00e9elle \u00ab\u00a0, a insist\u00e9 Bel\u00e9n Sanz, directrice d&rsquo;ONU Femmes pour l&rsquo;Europe et l&rsquo;Asie centrale. \u00ab\u00a0Les femmes et les filles en font l&rsquo;exp\u00e9rience, et cela a des cons\u00e9quences \u00e9normes parce que cela prive les femmes de leur voix, de leurs droits et de leurs choix\u00a0\u00bb, a-t-elle ajout\u00e9.<\/p>\n<p>Selon une \u00e9tude r\u00e9alis\u00e9e en 2021 par l&rsquo;Economist Intelligence Unit, 74 % des femmes en Europe ont subi elles-m\u00eames des violences en ligne ou en ont \u00e9t\u00e9 t\u00e9moins \u00e0 l&rsquo;encontre d&rsquo;une autre femme.<\/p>\n<p>\u00ab\u00a0Il est essentiel de r\u00e9glementer le d\u00e9veloppement et l&rsquo;utilisation de l&rsquo;intelligence artificielle et des technologies num\u00e9riques\u00a0\u00bb, a d\u00e9clar\u00e9 Sanz, ajoutant qu&rsquo;il est \u00e9galement important de veiller \u00e0 ce que les personnes, en particulier les jeunes gar\u00e7ons et les jeunes filles, puissent discerner les informations qu&rsquo;ils re\u00e7oivent.<\/p>\n<p>Parmi les formes les plus nocivesd&rsquo;abus en ligne, on trouve la pornographie deepfake, qui utilise le visage des femmes pour simuler des actes sexuels sans leur consentement.<\/p>\n<p>Selon un rapport publi\u00e9 en 2023 par la soci\u00e9t\u00e9 de cybers\u00e9curit\u00e9 Home Security Heroes, les deepfakes pornographiques repr\u00e9sente environ 98 % de toutes les vid\u00e9os deepfake en ligne, et 99 % des cibles sont des femmes.<\/p>\n<p>En r\u00e9ponse, la campagne annuelle des Nations unies\u00a0\u00bb16 jours d&rsquo;activisme contre la violence bas\u00e9e sur le genre\u00a0\u00bb vise \u00e0 mettre fin \u00e0 la violence num\u00e9rique \u00e0 l&rsquo;encontre de toutes les femmes et les filles. La campagne sera lanc\u00e9e dans le monde entier mardi.<\/p>\n<p>\u00ab\u00a0Il est important que nous comprenions, en tant que soci\u00e9t\u00e9, que cette forme de violence ne doit pas rester impunie\u00a0\u00bb, a d\u00e9clar\u00e9 Bel\u00e9n Sanz \u00e0 <strong>Euronews<\/strong>.<\/p>\n<p><strong>Le monde num\u00e9rique est le miroir de la r\u00e9alit\u00e9<\/strong><\/p>\n<p>Pour Sanz, la violence en ligne refl\u00e9tait la violence physique et sexuelle \u00e0 laquelle les femmes et les filles sont de plus en plus nombreuses \u00e0 \u00eatre confront\u00e9es dans la vie de tous les jours.<\/p>\n<p>Selon l&rsquo;Institut europ\u00e9en pour l&rsquo;\u00e9galit\u00e9 entre les hommes et les femmes, <a href=\"https:\/\/fr.euronews.com\/2024\/11\/25\/une-femme-sur-3-dans-lue-a-deja-subi-des-violences-sexistes\" target=\"_blank\" rel=\"noopener\"><strong>une femme sur trois dans l&rsquo;Union europ\u00e9enne<\/strong><\/a><a href=\"https:\/\/fr.euronews.com\/2024\/11\/25\/une-femme-sur-3-dans-lue-a-deja-subi-des-violences-sexistes\" target=\"_blank\" rel=\"noopener\"> <\/a>a subi une forme ou une autre de violence physique ou sexuelle au cours de sa vie.<\/p>\n<p>Entre 2014 et 2024, le pourcentage de femmes \u00e2g\u00e9es de 18 \u00e0 74 ans ayant subi une forme de violence fond\u00e9e sur le genre ne s&rsquo;est pas am\u00e9lior\u00e9, diminuant de moins d&rsquo;un point de pourcentage en dix ans (de 31,4 % \u00e0 30,7 %) et refl\u00e9tant des comportements sexistes profond\u00e9ment enracin\u00e9s.<\/p>\n<p>\u00ab\u00a0Il est tr\u00e8s clair que les progr\u00e8s ne sont pas lin\u00e9aires et qu&rsquo;ils n\u00e9cessitent un effort et un soutien soutenus de la part des pays \u00e0 tous les niveaux pour garantir que les progr\u00e8s que nous avons constat\u00e9s ces derni\u00e8res ann\u00e9es dans ces domaines ne r\u00e9gressent pas\u00a0\u00bb, rel\u00e8ve Bel\u00e9n Sanz.<\/p>\n<p>Toutefois, elle a mis en garde contre un r\u00e9cent retour de b\u00e2ton dans la soci\u00e9t\u00e9, tant politique que social, aliment\u00e9 par une d\u00e9sinformation croissante qui affecte directementla fa\u00e7on dont la soci\u00e9t\u00e9 comprend les progr\u00e8s des femmes.<\/p>\n<p>\u00ab\u00a0Nous voyons de jeunes g\u00e9n\u00e9rations d&rsquo;hommes remettre en question l&rsquo;\u00e9galit\u00e9 des sexes, comme si l&rsquo;aiguille \u00e9tait all\u00e9e trop loin pour les femmes et comme si cela mettait les hommes dans une situation risqu\u00e9e\u00a0\u00bb, reconna\u00eet Sanz.<\/p>\n<p>Une \u00e9tude r\u00e9alis\u00e9e en 2025 aupr\u00e8s de plus de 24 000 personnes dans 30 pays a r\u00e9v\u00e9l\u00e9 que 57 % des hommes de la g\u00e9n\u00e9ration Z et 56 % des hommes du mill\u00e9naire estimaient que leur pays \u00e9tait all\u00e9 trop loin dans la promotion de l&rsquo;\u00e9galit\u00e9 des femmes. La g\u00e9n\u00e9ration Z d\u00e9signe les adultes n\u00e9s entre 1997 et 2012.<\/p>\n<p>La directrice d&rsquo;ONU Femmes a not\u00e9 que cette perception n&rsquo;est pas n\u00e9cessairement li\u00e9e aux progr\u00e8s r\u00e9els, mais refl\u00e8te des d\u00e9fis soci\u00e9taux plus larges, notamment l&rsquo;acc\u00e8s \u00e0 l&#8217;emploi et l&rsquo;instabilit\u00e9 \u00e9conomique.<\/p>\n<p>Les femmes dans la sph\u00e8re publique face \u00e0 plus de violence<\/p>\n<p>Les d\u00e9bats sur les politiques d&rsquo;\u00e9galit\u00e9 des sexes et le r\u00f4le des femmes affectent \u00e9galement la participation des femmes \u00e0 la vie publique.<\/p>\n<p>La repr\u00e9sentation des femmes en politique a lentement augment\u00e9 au cours de la derni\u00e8re d\u00e9cennie. Dans l&rsquo;UE, les femmes repr\u00e9senteront 33,4 % des si\u00e8ges des parlements nationaux en 2024, soit une augmentation d&rsquo;environ neuf points de pourcentage depuis 2010.<\/p>\n<p>Toutefois, la repr\u00e9sentation des femmes au niveau local reste faible et in\u00e9gale, allant de 25 % \u00e0 43 % selon les pays.<\/p>\n<p>Outre les obstacles traditionnels \u00e0 l&rsquo;acc\u00e8s des femmes \u00e0 la politique, tels que les st\u00e9r\u00e9otypes li\u00e9s aux r\u00f4les politiques et les difficult\u00e9s \u00e0 concilier vie professionnelle et vie priv\u00e9e, les femmes exer\u00e7ant des fonctions de service public sont confront\u00e9es \u00e0 des <a href=\"https:\/\/www.europarl.europa.eu\/thinktank\/en\/document\/EPRS%5FBRI%282024%29759600\" target=\"_blank\" rel=\"noreferrer noopener\">niveaux de violence disproportionn\u00e9s<\/a><strong>.<\/strong><\/p>\n<p>\u00ab\u00a0Les femmes qui subissent le plus de discriminations et d&rsquo;agressions sont celles qui ont un r\u00f4le public\u00a0\u00bb, a d\u00e9clar\u00e9 Sanz, ajoutant que les femmes politiques sont beaucoup plus surveill\u00e9es et soumises \u00e0 des normes plus strictes que leurs homologues masculins.<\/p>\n<p>Environ 32 % des femmes politiques en Europe d\u00e9clarent avoir subi des violences, et pr\u00e8s d&rsquo;une sur trois est confront\u00e9e \u00e0 la cyberviolence, y compris les menaces, le harc\u00e8lement et les abus sur les plateformes num\u00e9riques, selon les donn\u00e9es du Conseil des communes et r\u00e9gions d&rsquo;Europe.<\/p>\n<p>\u00ab\u00a0Une d\u00e9mocratie forte, c&rsquo;est une d\u00e9mocratie o\u00f9 il y a plus de femmes aux postes de d\u00e9cision\u00a0\u00bb, insiste Bel\u00e9n Sanz, ajoutant : \u00ab\u00a0Pour y parvenir, nous devons veiller \u00e0 ce qu&rsquo;elles soient prot\u00e9g\u00e9es, comme tout le monde devrait l&rsquo;\u00eatre lorsqu&rsquo;il s&rsquo;agit d&rsquo;exercer son droit de participer \u00e0 la vie publique\u00a0\u00bb.<\/p>\n","protected":false},"excerpt":{"rendered":"La haine en ligne contre les femmes augmente et amplifie les tensions entre les sexes dans la vie&hellip;\n","protected":false},"author":2,"featured_media":557330,"comment_status":"","ping_status":"","sticky":false,"template":"","format":"standard","meta":{"footnotes":""},"categories":[1586],"tags":[11,44427,1777,674,1011,27,12,3521,25,364,15875],"class_list":{"0":"post-557329","1":"post","2":"type-post","3":"status-publish","4":"format-standard","5":"has-post-thumbnail","7":"category-europe","8":"tag-actualites","9":"tag-egalite-des-sexes","10":"tag-eu","11":"tag-europe","12":"tag-fr","13":"tag-france","14":"tag-news","15":"tag-onu","16":"tag-republique-francaise","17":"tag-union-europeenne","18":"tag-violence-contre-les-femmes"},"share_on_mastodon":{"url":"https:\/\/pubeurope.com\/@fr\/115609676363745776","error":""},"_links":{"self":[{"href":"https:\/\/www.europesays.com\/fr\/wp-json\/wp\/v2\/posts\/557329","targetHints":{"allow":["GET"]}}],"collection":[{"href":"https:\/\/www.europesays.com\/fr\/wp-json\/wp\/v2\/posts"}],"about":[{"href":"https:\/\/www.europesays.com\/fr\/wp-json\/wp\/v2\/types\/post"}],"author":[{"embeddable":true,"href":"https:\/\/www.europesays.com\/fr\/wp-json\/wp\/v2\/users\/2"}],"replies":[{"embeddable":true,"href":"https:\/\/www.europesays.com\/fr\/wp-json\/wp\/v2\/comments?post=557329"}],"version-history":[{"count":0,"href":"https:\/\/www.europesays.com\/fr\/wp-json\/wp\/v2\/posts\/557329\/revisions"}],"wp:featuredmedia":[{"embeddable":true,"href":"https:\/\/www.europesays.com\/fr\/wp-json\/wp\/v2\/media\/557330"}],"wp:attachment":[{"href":"https:\/\/www.europesays.com\/fr\/wp-json\/wp\/v2\/media?parent=557329"}],"wp:term":[{"taxonomy":"category","embeddable":true,"href":"https:\/\/www.europesays.com\/fr\/wp-json\/wp\/v2\/categories?post=557329"},{"taxonomy":"post_tag","embeddable":true,"href":"https:\/\/www.europesays.com\/fr\/wp-json\/wp\/v2\/tags?post=557329"}],"curies":[{"name":"wp","href":"https:\/\/api.w.org\/{rel}","templated":true}]}}