{"id":557336,"date":"2025-11-25T09:43:17","date_gmt":"2025-11-25T09:43:17","guid":{"rendered":"https:\/\/www.europesays.com\/fr\/557336\/"},"modified":"2025-11-25T09:43:17","modified_gmt":"2025-11-25T09:43:17","slug":"mobilisation-internationale-de-la-france-et-critiques-de-lfi","status":"publish","type":"post","link":"https:\/\/www.europesays.com\/fr\/557336\/","title":{"rendered":"mobilisation internationale de la France et critiques de LFI"},"content":{"rendered":"<p style=\"text-align:justify;\">AA \/ Istanbul \/ Seyma Erkul Dayanc<\/p>\n<p data-end=\"1091\" data-start=\"658\" style=\"text-align:justify;\">\u00c0 l\u2019occasion de la Journ\u00e9e internationale pour l\u2019\u00e9limination de la violence \u00e0 l\u2019\u00e9gard des femmes, mardi 25 novembre 2025, la France r\u00e9affirme son engagement contre toutes formes de violences envers les femmes et les filles. Selon ONU-Femmes, une femme sur trois dans le monde a \u00e9t\u00e9 victime de violences physiques ou sexuelles au cours de sa vie, commises par un partenaire, un membre de sa famille ou une autre personne.<\/p>\n<p data-end=\"1737\" data-start=\"816\" style=\"text-align:justify;\">En France, le d\u00e9bat reste vif sur l\u2019efficacit\u00e9 des mesures mises en place. La France insoumise (LFI) d\u00e9nonce ce qu\u2019elle consid\u00e8re comme une \u00ab\u202finsuffisance\u202f\u00bb de l\u2019engagement de l\u2019\u00c9tat. Dans un communiqu\u00e9 de sa d\u00e9l\u00e9gation aux droits des femmes, le parti critique l\u2019absence de priorit\u00e9 accord\u00e9e \u00e0 la lutte contre les violences sexistes et sexuelles dans le budget 2026. Selon LFI, un viol ou une tentative de viol se produirait toutes les deux minutes trente, et un f\u00e9minicide ou une tentative par un (ex-)conjoint toutes les sept heures, avec d\u00e9j\u00e0 151 f\u00e9minicides recens\u00e9s depuis le d\u00e9but de l\u2019ann\u00e9e. Le parti pointe \u00e9galement la vuln\u00e9rabilit\u00e9 accrue des femmes subissant des discriminations multiples : les femmes en situation de handicap sont quatre fois plus expos\u00e9es aux violences sexuelles que la moyenne, tandis que les demandeuses d\u2019asile courent un risque de viol jusqu\u2019\u00e0 18 fois sup\u00e9rieur \u00e0 celui des Fran\u00e7aises.<\/p>\n<p data-end=\"2263\" data-start=\"1739\" style=\"text-align:justify;\">Pour LFI, le budget consacr\u00e9 \u00e0 ces violences \u2014 moins de 200 millions d\u2019euros pour 2026 \u2014 est \u00ab\u202fd\u00e9risoire\u202f\u00bb par rapport aux besoins. Le financement de l\u2019\u00e9ducation \u00e0 la vie affective, relationnelle et sexuelle (EVARS) est, selon le parti, \u00ab\u202fpr\u00e8s de cent fois inf\u00e9rieur\u202f\u00bb aux besoins pour assurer les trois s\u00e9ances annuelles l\u00e9gales par \u00e9l\u00e8ve. Par ailleurs, 71\u202f% des associations f\u00e9ministes d\u00e9clarent une situation financi\u00e8re d\u00e9grad\u00e9e, les contraignant \u00e0 r\u00e9duire ou abandonner l\u2019accompagnement des femmes et enfants victimes.<\/p>\n<p data-end=\"3013\" data-start=\"2265\" style=\"text-align:justify;\">Le parti r\u00e9clame un budget minimal de 2,7 milliards d\u2019euros, en accord avec les demandes des associations, ainsi que la reprise de plusieurs amendements au projet de loi de finances, notamment le financement de 10\u202f000 nouvelles places d\u2019h\u00e9bergement d\u2019urgence. LFI appelle \u00e9galement \u00e0 un renforcement du traitement judiciaire et policier des violences et propose la cr\u00e9ation d\u2019une commission d\u2019enqu\u00eate sur les agressions commises par des agents des forces de l\u2019ordre, \u00e0 la suite du mouvement #Metoopolice et des r\u00e9v\u00e9lations de Disclose. Le parti d\u00e9nonce enfin \u00ab\u202fl\u2019impunit\u00e9 politique\u202f\u00bb des auteurs de f\u00e9minicides et souhaite inscrire en janvier 2026 une r\u00e9solution transpartisane \u00e0 l\u2019Assembl\u00e9e nationale pour enqu\u00eater sur les manquements de l\u2019\u00c9tat.<\/p>\n<p data-end=\"3714\" data-start=\"3015\" style=\"text-align:justify;\">Face \u00e0 cette situation, le gouvernement met en avant ses dispositifs. Aurore Berg\u00e9, ministre charg\u00e9e de l\u2019\u00c9galit\u00e9 entre les femmes et les hommes, a rappel\u00e9 l\u2019importance du \u00ab\u202fPack Nouveau D\u00e9part\u202f\u00bb, destin\u00e9 \u00e0 accompagner rapidement les victimes de violences conjugales lors de leur s\u00e9paration. Exp\u00e9riment\u00e9 depuis 2023 dans cinq d\u00e9partements, le dispositif sera \u00e9tendu \u00e0 sept nouveaux territoires \u2014 Vend\u00e9e, Seine-Maritime, Loiret, Oise, Nord, Aube et Doubs \u2014 et vise une g\u00e9n\u00e9ralisation \u00e0 l\u2019ensemble du territoire d\u2019ici fin 2025 ou d\u00e9but 2026. Il permet de d\u00e9bloquer rapidement aides professionnelles, prestations sociales et h\u00e9bergement afin de lever les obstacles rencontr\u00e9s par les femmes victimes.<\/p>\n<p data-end=\"3760\" data-start=\"3716\" style=\"text-align:justify;\"><strong data-end=\"3758\" data-start=\"3716\">Une mobilisation diplomatique mondiale<\/strong><\/p>\n<p data-end=\"4319\" data-start=\"3762\" style=\"text-align:justify;\">Parall\u00e8lement, le minist\u00e8re de l\u2019Europe et des Affaires \u00e9trang\u00e8res souligne que la France agit \u00e9galement \u00e0 l\u2019international. \u00c0 l\u2019occasion de cette journ\u00e9e, le minist\u00e8re rappelle la mobilisation de la diplomatie fran\u00e7aise partout dans le monde. Le 23 octobre 2025, \u00e0 l\u2019issue de la 4\u1d49 Conf\u00e9rence minist\u00e9rielle des diplomaties f\u00e9ministes organis\u00e9e \u00e0 Paris, la France et 30 autres pays ont sign\u00e9 une d\u00e9claration politique pour renforcer leur action contre les violences fond\u00e9es sur le genre, notamment en situation de conflit et dans l\u2019environnement num\u00e9rique.<\/p>\n<p data-end=\"5181\" data-start=\"4321\" style=\"text-align:justify;\">En partenariat avec ONU-Femmes et le Fonds des Nations unies pour la population (FNUAP), la France soutient des programmes de protection pour les femmes victimes et lutte contre l\u2019impunit\u00e9 des violences sexuelles en temps de conflits. Le pays appuie \u00e9galement la soci\u00e9t\u00e9 civile sur le terrain via le projet \u00ab\u202fFeminist Opportunities Now\u202f\u00bb, qui accompagne 180 associations \u00e0 travers le monde, et le Laboratoire pour les droits des femmes en ligne, lanc\u00e9 en 2024, qui soutient des initiatives concr\u00e8tes contre les violences num\u00e9riques. Sur le plan normatif, la France fait de l\u2019universalisation de la Convention d\u2019Istanbul une priorit\u00e9 diplomatique. Le minist\u00e8re renforce aussi son action pour prot\u00e9ger les Fran\u00e7aises \u00e0 l\u2019\u00e9tranger, avec la formation de 200 agents consulaires d\u00e8s 2026 et une plateforme de soutien en partenariat avec l\u2019association \u00ab\u202fSave You\u202f\u00bb.<\/p>\n<p data-end=\"5211\" data-start=\"5183\" style=\"text-align:justify;\"><strong data-end=\"5209\" data-start=\"5183\">Des chiffres alarmants<\/strong><\/p>\n<p data-end=\"5686\" data-start=\"5213\" style=\"text-align:justify;\">Les chiffres officiels confirment l\u2019ampleur du probl\u00e8me. En 2024, les services de police et de gendarmerie ont recens\u00e9 272\u202f400 victimes de violences conjugales, tandis que les plaintes pour viol ont tripl\u00e9 entre 2016 et 2024, passant de 7\u202f169 \u00e0 22\u202f352. \u00c0 l\u2019\u00e9chelle mondiale, l\u2019ONU indique qu\u2019en 2024, quelque 50\u202f000 femmes et filles ont \u00e9t\u00e9 tu\u00e9es par un proche, soit une toutes les dix minutes, illustrant l\u2019urgence de la lutte contre les violences sexistes et sexuelles.<\/p>\n<p>                            &#13;<br \/>\n                                <a href=\"https:\/\/www.aa.com.tr\/fr\/p\/abonnement\/1001\" target=\"_blank\" style=\"font-size:12px; color:#444; text-decoration:none;\" rel=\"noopener\">&#13;<br \/>\n                                    Seulement une partie des d\u00e9p\u00eaches, que l&rsquo;Agence Anadolu diffuse \u00e0 ses abonn\u00e9s via le Syst\u00e8me de Diffusion interne (HAS), est diffus\u00e9e sur le site de l&rsquo;AA, de mani\u00e8re r\u00e9sum\u00e9e. <b style=\"color:#1897F7\">Contactez-nous s&rsquo;il vous pla\u00eet pour vous abonner.<\/b>&#13;<br \/>\n                                <\/a>&#13;<\/p>\n","protected":false},"excerpt":{"rendered":"AA \/ Istanbul \/ Seyma Erkul Dayanc \u00c0 l\u2019occasion de la Journ\u00e9e internationale pour l\u2019\u00e9limination de la violence&hellip;\n","protected":false},"author":2,"featured_media":557337,"comment_status":"","ping_status":"","sticky":false,"template":"","format":"standard","meta":{"footnotes":""},"categories":[4],"tags":[11,1785,67470,1011,27,1023,12,25,7434],"class_list":{"0":"post-557336","1":"post","2":"type-post","3":"status-publish","4":"format-standard","5":"has-post-thumbnail","7":"category-france","8":"tag-actualites","9":"tag-anadolu-ajansi","10":"tag-aurore-berg","11":"tag-fr","12":"tag-france","13":"tag-la-france-insoumise-lfi","14":"tag-news","15":"tag-republique-francaise","16":"tag-violences-sexuelles-et-sexistes"},"share_on_mastodon":{"url":"https:\/\/pubeurope.com\/@fr\/115609691955523014","error":""},"_links":{"self":[{"href":"https:\/\/www.europesays.com\/fr\/wp-json\/wp\/v2\/posts\/557336","targetHints":{"allow":["GET"]}}],"collection":[{"href":"https:\/\/www.europesays.com\/fr\/wp-json\/wp\/v2\/posts"}],"about":[{"href":"https:\/\/www.europesays.com\/fr\/wp-json\/wp\/v2\/types\/post"}],"author":[{"embeddable":true,"href":"https:\/\/www.europesays.com\/fr\/wp-json\/wp\/v2\/users\/2"}],"replies":[{"embeddable":true,"href":"https:\/\/www.europesays.com\/fr\/wp-json\/wp\/v2\/comments?post=557336"}],"version-history":[{"count":0,"href":"https:\/\/www.europesays.com\/fr\/wp-json\/wp\/v2\/posts\/557336\/revisions"}],"wp:featuredmedia":[{"embeddable":true,"href":"https:\/\/www.europesays.com\/fr\/wp-json\/wp\/v2\/media\/557337"}],"wp:attachment":[{"href":"https:\/\/www.europesays.com\/fr\/wp-json\/wp\/v2\/media?parent=557336"}],"wp:term":[{"taxonomy":"category","embeddable":true,"href":"https:\/\/www.europesays.com\/fr\/wp-json\/wp\/v2\/categories?post=557336"},{"taxonomy":"post_tag","embeddable":true,"href":"https:\/\/www.europesays.com\/fr\/wp-json\/wp\/v2\/tags?post=557336"}],"curies":[{"name":"wp","href":"https:\/\/api.w.org\/{rel}","templated":true}]}}