{"id":557351,"date":"2025-11-25T09:57:18","date_gmt":"2025-11-25T09:57:18","guid":{"rendered":"https:\/\/www.europesays.com\/fr\/557351\/"},"modified":"2025-11-25T09:57:18","modified_gmt":"2025-11-25T09:57:18","slug":"les-spice-girls-de-retour-sur-scene-je-suis-optimiste","status":"publish","type":"post","link":"https:\/\/www.europesays.com\/fr\/557351\/","title":{"rendered":"Les Spice Girls de retour sur sc\u00e8ne\u00a0?\u00a0: \u00ab\u00a0Je suis optimiste\u00a0\u00bb"},"content":{"rendered":"<p class=\"ap-StoryElement ap-StoryElement--mb ap-StoryText\">Avec pr\u00e8s de 100 millions d&rsquo;albums vendus \u00e0 travers le monde, les Spice Girls ont battu de nombreux records et ont de nombreux fans. Malheureusement, elles n&rsquo;ont plus \u00e9t\u00e9 toutes ensemble sur sc\u00e8ne depuis 2012 et la c\u00e9r\u00e9monie de cl\u00f4ture des jeux olympiques. Le fait que le groupe f\u00eate ses 30 ans donne de nombreux espoirs pour que les Spice Girls se reforment et se r\u00e9unissent de nouveau sur sc\u00e8ne.<\/p>\n<p><a href=\"https:\/\/www.lalibre.be\/lifestyle\/people\/2017\/04\/05\/le-temoignage-terrifiant-de-mel-b-ex-spice-girls-battue-trompee-DYMDJDL3JRGMFJTDHZW6SRQWFQ\/\" target=\"_self\" class=\"ap-StoryInterstitialLink ap-StoryElement ap-StoryElement--mb\" rel=\"noopener\">Le t\u00e9moignage terrifiant de Mel B (ex Spice Girls), battue, tromp\u00e9e&#8230;<\/a><\/p>\n<p class=\"ap-StoryElement ap-StoryElement--mb ap-StoryText\">N\u00e9anmoins, un point s\u00e8me le doute, celui de la pr\u00e9sence de <a href=\"https:\/\/www.lalibre.be\/lifestyle\/people\/2023\/10\/22\/victoria-beckham-control-chic-5QFBIHOIBFGRHNJDKUUT444XNE\/\" target=\"_self\" rel=\"noopener\">Victoria Beckham<\/a>. Mel C invite d&rsquo;ailleurs la Posh Spice \u00e0 revenir sur sc\u00e8ne en \u00e9voquant le groupe Oasis : \u00ab\u00a0Je suis tellement heureuse pour les gar\u00e7ons d&rsquo;Oasis, ils ont v\u00e9cu un moment incroyable cette ann\u00e9e et c&rsquo;est vraiment nostalgique. Nous repensons tous \u00e0 cette \u00e9poque et nous adorons ces chansons, c&rsquo;est g\u00e9nial de les voir ensemble sur sc\u00e8ne. Ils sont meilleurs que jamais, et les Spice Girls peuvent vivre ce moment \u2013 c&rsquo;est ce que nous avons fait en 2019. C&rsquo;\u00e9tait incroyable, mais Victoria n&rsquo;\u00e9tait pas l\u00e0, et elle a rat\u00e9 quelque chose. Donc oui, elle doit se reprendre et revenir avec nous.\u00a0\u00bb<\/p>\n<p class=\"ap-StoryElement ap-StoryElement--mb ap-StoryText\">Victoria Beckham, d\u00e9sormais styliste, a cr\u00e9\u00e9 sa propre marque et a une belle carri\u00e8re dans la mode. Au vu de cette nouvelle passion, elle ne semble pas press\u00e9e de revenir dans le monde de la musique. Et pourtant\u2026 il y a quelques jours, elle a publi\u00e9 une vid\u00e9o o\u00f9 elle reprend \u00ab\u00a0Viva Forever\u00a0\u00bb avec son fils, Cruz Beckham. De quoi alimenter les rumeurs\u2026<\/p>\n<p><a href=\"https:\/\/www.lalibre.be\/lifestyle\/magazine\/2016\/07\/06\/wannabe-des-spice-girls-soffre-une-nouvelle-jeunesse-inspirante-EKYWL2A67BHSJECPQ3VUWMNZ2M\/\" target=\"_self\" class=\"ap-StoryInterstitialLink ap-StoryElement ap-StoryElement--mb\" rel=\"noopener\">\u00ab\u00a0Wannabe\u00a0\u00bb des Spice Girls s&rsquo;offre une nouvelle jeunesse inspirante<\/a><\/p>\n","protected":false},"excerpt":{"rendered":"Avec pr\u00e8s de 100 millions d&rsquo;albums vendus \u00e0 travers le monde, les Spice Girls ont battu de nombreux&hellip;\n","protected":false},"author":2,"featured_media":557352,"comment_status":"","ping_status":"","sticky":false,"template":"","format":"standard","meta":{"footnotes":""},"categories":[1355],"tags":[6516,58,59,16686,1011,27,1361,873,16865,20008],"class_list":{"0":"post-557351","1":"post","2":"type-post","3":"status-publish","4":"format-standard","5":"has-post-thumbnail","7":"category-musique","8":"tag-award","9":"tag-divertissement","10":"tag-entertainment","11":"tag-fbl","12":"tag-fr","13":"tag-france","14":"tag-music","15":"tag-musique","16":"tag-royals","17":"tag-vertical"},"share_on_mastodon":{"url":"https:\/\/pubeurope.com\/@fr\/115609747186114033","error":""},"_links":{"self":[{"href":"https:\/\/www.europesays.com\/fr\/wp-json\/wp\/v2\/posts\/557351","targetHints":{"allow":["GET"]}}],"collection":[{"href":"https:\/\/www.europesays.com\/fr\/wp-json\/wp\/v2\/posts"}],"about":[{"href":"https:\/\/www.europesays.com\/fr\/wp-json\/wp\/v2\/types\/post"}],"author":[{"embeddable":true,"href":"https:\/\/www.europesays.com\/fr\/wp-json\/wp\/v2\/users\/2"}],"replies":[{"embeddable":true,"href":"https:\/\/www.europesays.com\/fr\/wp-json\/wp\/v2\/comments?post=557351"}],"version-history":[{"count":0,"href":"https:\/\/www.europesays.com\/fr\/wp-json\/wp\/v2\/posts\/557351\/revisions"}],"wp:featuredmedia":[{"embeddable":true,"href":"https:\/\/www.europesays.com\/fr\/wp-json\/wp\/v2\/media\/557352"}],"wp:attachment":[{"href":"https:\/\/www.europesays.com\/fr\/wp-json\/wp\/v2\/media?parent=557351"}],"wp:term":[{"taxonomy":"category","embeddable":true,"href":"https:\/\/www.europesays.com\/fr\/wp-json\/wp\/v2\/categories?post=557351"},{"taxonomy":"post_tag","embeddable":true,"href":"https:\/\/www.europesays.com\/fr\/wp-json\/wp\/v2\/tags?post=557351"}],"curies":[{"name":"wp","href":"https:\/\/api.w.org\/{rel}","templated":true}]}}