{"id":557353,"date":"2025-11-25T09:58:15","date_gmt":"2025-11-25T09:58:15","guid":{"rendered":"https:\/\/www.europesays.com\/fr\/557353\/"},"modified":"2025-11-25T09:58:15","modified_gmt":"2025-11-25T09:58:15","slug":"james-cameron-voulait-faire-le-film-en-mode-aliens-avec-des-dinosaures","status":"publish","type":"post","link":"https:\/\/www.europesays.com\/fr\/557353\/","title":{"rendered":"James Cameron voulait faire le film en mode \u00ab\u00a0Aliens avec des dinosaures\u00a0\u00bb"},"content":{"rendered":"<p><strong>Apr\u00e8s son grand film de science-fiction Abyss, <a href=\"https:\/\/www.ecranlarge.com\/personnalite\/652848-james-cameron-i\" data-type=\"people\" data-id=\"304972\" target=\"_blank\" rel=\"noopener\">James Cameron<\/a> a failli encha\u00eener avec un certain <a href=\"https:\/\/www.ecranlarge.com\/films\/838944-jurassic-park\" data-type=\"films\" data-id=\"654373\" target=\"_blank\" rel=\"noopener\">Jurassic Park<\/a>\u2026 version horrifique.<\/strong><\/p>\n<p>Seize ans apr\u00e8s la sortie d\u2019<strong>Avatar <\/strong>et trois ans apr\u00e8s celle d\u2019<strong>Avatar : La voie de l\u2019eau<\/strong>, James Cameron s\u2019appr\u00eate enfin \u00e0 conclure l\u2019arc des Sully avec <strong>Avatar : De feu et de cendres<\/strong>, le troisi\u00e8me volet des aventures Na\u2019vis. Cet univers, il l\u2019a imagin\u00e9 d\u00e8s les ann\u00e9es 1990 et, plus pr\u00e9cis\u00e9ment, un premier sc\u00e9nario \u00e9tait d\u00e9j\u00e0 sur la table en 1994. Quelques ann\u00e9es avant le tournage de <strong>Titanic<\/strong>, c\u2019\u00e9tait trop t\u00f4t pour lui qui pr\u00e9f\u00e9rait attendre que les technologies ad\u00e9quates existent pour concr\u00e9tiser sa vision de Pandora.<\/p>\n<p>En attendant, il a donc failli r\u00e9aliser plusieurs autres projets \u00e0 l\u2019image de <strong>Point Break<\/strong> et <strong>Strange Days <\/strong>(finalement tomb\u00e9 dans l\u2019escarcelle de Kathryn Bigelow), une adaptation de <strong>La Momie<\/strong> d\u2019Anne Rice (rien \u00e0 voir avec le film culte avec Brendan Fraser), un film <strong>Donjons et Dragons <\/strong>ou encore un Spider-Man (bien avant ceux de Sam Raimi). Mais parmi eux, tous les films qui lui sont pass\u00e9s sous le nez durant les 90s, <strong>on compte aussi le c\u00e9l\u00e8bre Jurassic Park sur lequel James Cameron est justement revenu.<\/strong><\/p>\n<p>                    <img decoding=\"async\" alt=\"\" class=\"wp-image-518375\" style=\"object-fit:cover;width:25px;height:25px\" src=\"https:\/\/www.ecranlarge.com\/content\/uploads\/2023\/09\/arrow-right-circle.svg\"\/><\/p>\n<p><a href=\"https:\/\/www.ecranlarge.com\/content\/uploads\/2020\/11\/jurassic-park-photo-1355715.jpg\" target=\"_blank\" rel=\"noopener\"><img loading=\"lazy\" decoding=\"async\" alt=\"Jurassic Park : photo\" class=\"wp-image-223754\" src=\"https:\/\/www.europesays.com\/fr\/wp-content\/uploads\/2025\/07\/jurassic-park-photo-1355715-630x339.jpg\" width=\"630\" height=\"339\"  \/><\/a>La sc\u00e8ne qui a failli faire tout basculeraliens park<\/p>\n<p>Le premier<strong> Jurassic Park<\/strong> et globalement l\u2019int\u00e9gralit\u00e9 de la saga (oui, m\u00eame les World) sont in\u00e9vitablement li\u00e9s \u00e0 <a href=\"https:\/\/www.ecranlarge.com\/personnalite\/654722-steven-spielberg\" data-type=\"people\" data-id=\"306656\" target=\"_blank\" rel=\"noopener\">Steven Spielberg<\/a>. Il est difficile, voire impossible, d\u2019imaginer quelqu\u2019un d\u2019autre aux commandes du premier volet, tant la patte du cin\u00e9aste des<strong> Dents de la mer<\/strong> a marqu\u00e9 le 7e art \u00e0 jamais avec ces dinos. Pourtant, comme James Cameron l\u2019a encore racont\u00e9 \u00e0 Empire dans une sorte de \u00ab\u00a0R\u00e9ponse au courrier des lecteurs\u00a0\u00bb, les choses ont failli \u00eatre tr\u00e8s diff\u00e9rentes :<\/p>\n<blockquote class=\"wp-block-quote is-layout-flow wp-block-quote-is-layout-flow\">\n<p><strong>\u00ab\u00a0On m\u2019a envoy\u00e9 Jurassic Park, le roman de Michael Crichton. Il est arriv\u00e9 un vendredi apr\u00e8s-midi et je l\u2019avais d\u00e9j\u00e0 lu \u00e0 moiti\u00e9 le samedi. Je suis arriv\u00e9 \u00e0 la sc\u00e8ne o\u00f9 les enfants sont dans la Jeep, qui se renverse et les pi\u00e8ge \u00e0 l\u2019int\u00e9rieur, et o\u00f9 le tyrannosaure s\u2019approche et l\u00e8che le pare-brise parce qu\u2019il peut les sentir \u00e0 l\u2019int\u00e9rieur. Quand je suis arriv\u00e9 \u00e0 cette sc\u00e8ne, je me suis dit : \u00ab Je vais faire ce film \u00bb. J\u2019ai donc appel\u00e9 l\u2019agent et je lui ai dit : \u00ab J\u2019ach\u00e8te le livre [comprendre les droits, ndlr] ! \u00bb, et il m\u2019a r\u00e9pondu : \u00ab Trop tard, Steven Spielberg vient de l\u2019acheter \u00bb.<\/strong><\/p>\n<p><strong>Et j\u2019ai alors r\u00e9alis\u00e9 deux choses : l\u2019une sur le moment, l\u2019autre beaucoup plus tard. La premi\u00e8re, c\u2019est que j\u2019avais servi de pr\u00eate-nom pour pr\u00e9cipiter la conclusion de l\u2019accord avec Steven, qui avait probablement lu le livre deux semaines plus t\u00f4t. C\u2019est Hollywood, n\u2019est-ce pas ? La deuxi\u00e8me chose, je l\u2019ai comprise quand j\u2019ai vu le film : c\u2019\u00e9tait lui le bon choix pour le r\u00e9aliser.\u00a0\u00bb<\/strong><\/p>\n<\/blockquote>\n<p>Une anecdote amusante qui a amen\u00e9 le r\u00e9alisateur a expliqu\u00e9 pourquoi il n\u2019\u00e9tait pas forc\u00e9ment le meilleur choix pour faire ce fameux <strong>Jurassic Park<\/strong>. Il l\u2019avait d\u00e9j\u00e0 racont\u00e9 \u00e0 Huffington Post<strong> <\/strong>en 2012 mais c\u2019est toujours dr\u00f4le d\u2019en obtenir quelques d\u00e9tails suppl\u00e9mentaires :<\/p>\n<blockquote class=\"wp-block-quote is-layout-flow wp-block-quote-is-layout-flow\">\n<p><strong>\u00ab\u00a0Pas moi, parce que je l\u2019aurais rendu trop terrifiant. Il aurait \u00e9t\u00e9 class\u00e9 R. \u00c7a aurait \u00e9t\u00e9 comme Aliens avec des dinosaures. Ce qui aurait pu \u00eatre super cool, mais Spielberg a fait la version qui m\u2019aurait plu quand j\u2019avais huit ans, quand je pensais que les dinosaures \u00e9taient la chose la plus cool au monde. Et c\u2019est le film qui devait \u00eatre fait.\u00a0\u00bb<\/strong><\/p>\n<\/blockquote>\n<p>Une version des dinosaures mode horreur bien v\u00e9n\u00e8re ? On aurait pay\u00e9 pour voir \u00e7a, mais pas s\u00fbr que le grand public aspirait \u00e0 cette ambiance \u00e0 l\u2019\u00e9poque, surtout pour le voir en famille. Et on se doute que le studio Universal ne regrette rien vu les scores de <strong>Jurassic Park <\/strong>au cin\u00e9ma : 978 millions de dollars r\u00e9colt\u00e9s au box-office mondial pour environ 60 millions de budget, devenant le plus gros succ\u00e8s de tous les temps au cin\u00e9ma \u00e0 l\u2019\u00e9poque avant d\u2019\u00eatre d\u00e9pass\u00e9 par\u2026 <strong>Titanic <\/strong>de James Cameron en 1997. \u00c0 croire que le N\u00e9o-Z\u00e9landais voulait sa revanche inconsciemment.<\/p>\n","protected":false},"excerpt":{"rendered":"Apr\u00e8s son grand film de science-fiction Abyss, James Cameron a failli encha\u00eener avec un certain Jurassic Park\u2026 version&hellip;\n","protected":false},"author":2,"featured_media":557354,"comment_status":"","ping_status":"","sticky":false,"template":"","format":"standard","meta":{"footnotes":""},"categories":[1354],"tags":[58,59,1346,1011,27,1360],"class_list":{"0":"post-557353","1":"post","2":"type-post","3":"status-publish","4":"format-standard","5":"has-post-thumbnail","7":"category-films","8":"tag-divertissement","9":"tag-entertainment","10":"tag-films","11":"tag-fr","12":"tag-france","13":"tag-movies"},"share_on_mastodon":{"url":"https:\/\/pubeurope.com\/@fr\/115609753063910648","error":""},"_links":{"self":[{"href":"https:\/\/www.europesays.com\/fr\/wp-json\/wp\/v2\/posts\/557353","targetHints":{"allow":["GET"]}}],"collection":[{"href":"https:\/\/www.europesays.com\/fr\/wp-json\/wp\/v2\/posts"}],"about":[{"href":"https:\/\/www.europesays.com\/fr\/wp-json\/wp\/v2\/types\/post"}],"author":[{"embeddable":true,"href":"https:\/\/www.europesays.com\/fr\/wp-json\/wp\/v2\/users\/2"}],"replies":[{"embeddable":true,"href":"https:\/\/www.europesays.com\/fr\/wp-json\/wp\/v2\/comments?post=557353"}],"version-history":[{"count":0,"href":"https:\/\/www.europesays.com\/fr\/wp-json\/wp\/v2\/posts\/557353\/revisions"}],"wp:featuredmedia":[{"embeddable":true,"href":"https:\/\/www.europesays.com\/fr\/wp-json\/wp\/v2\/media\/557354"}],"wp:attachment":[{"href":"https:\/\/www.europesays.com\/fr\/wp-json\/wp\/v2\/media?parent=557353"}],"wp:term":[{"taxonomy":"category","embeddable":true,"href":"https:\/\/www.europesays.com\/fr\/wp-json\/wp\/v2\/categories?post=557353"},{"taxonomy":"post_tag","embeddable":true,"href":"https:\/\/www.europesays.com\/fr\/wp-json\/wp\/v2\/tags?post=557353"}],"curies":[{"name":"wp","href":"https:\/\/api.w.org\/{rel}","templated":true}]}}