{"id":557357,"date":"2025-11-25T10:00:16","date_gmt":"2025-11-25T10:00:16","guid":{"rendered":"https:\/\/www.europesays.com\/fr\/557357\/"},"modified":"2025-11-25T10:00:16","modified_gmt":"2025-11-25T10:00:16","slug":"xabi-alonso-en-danger-avec-le-real-madrid-c1-j5-olympiakos-real-madrid","status":"publish","type":"post","link":"https:\/\/www.europesays.com\/fr\/557357\/","title":{"rendered":"Xabi Alonso en danger avec le Real Madrid ? &#8211; C1 &#8211; J5 &#8211; Olympiakos-Real Madrid"},"content":{"rendered":"<p>Il y a des hauts et des Valdebebas !<\/p>\n<p>Selon plusieurs m\u00e9dias espagnols, Xabi Alonso serait dans la panade. Apr\u00e8s le <a target=\"_blank\" href=\"https:\/\/www.sofoot.com\/breves\/liga-le-real-madrid-cale-a-elche-et-perd-de-lavance-par-rapport-au-fc-barcelone\" rel=\"noopener\">match nul contre Elche ce week-end (2-2)<\/a>, l\u2019entra\u00eeneur du Real Madrid est mis en cause pour des performances pas au top depuis la <a target=\"_blank\" href=\"https:\/\/www.sofoot.com\/articles\/liga-le-real-madrid-simpose-face-a-un-faible-fc-barcelone\" rel=\"noopener\">victoire contre Barcelone (2-1)<\/a>, fin octobre. L\u2019entra\u00eeneur f\u00eate ses 44 ans ce mardi, et aurait bien besoin d\u2019une victoire au Pir\u00e9e pour gagner du cr\u00e9dit. <strong>Le Real reste sur trois matchs sans victoire<\/strong>, en comptant notamment son <a target=\"_blank\" href=\"https:\/\/www.sofoot.com\/articles\/ligue-des-champions-le-liverpool-de-szoboszlai-finit-par-faire-craquer-le-real-madrid-de-courtois\" rel=\"noopener\">revers en Ligue des champions contre Liverpool (0-1)<\/a>. La culture de l\u2019instant ?<\/p>\n<p>Vin\u00edcius voudrait partir ?<\/p>\n<p><a target=\"_blank\" href=\"https:\/\/as.com\/opinion\/silla-de-montar-caliente-f202511-n\/\" rel=\"noopener\">As<\/a>, d\u2019un c\u00f4t\u00e9, dit litt\u00e9ralement qu\u2019il est sur \u00ab\u00a0la sellette\u202f\u00bb, <strong>pointant des bouderies et des comportements irrespectueux dans le vestiaire.<\/strong> \u00ab\u202fL\u2019\u00e9quipe a sembl\u00e9 d\u00e9concentr\u00e9e, ses passes d\u00e9sordonn\u00e9es, et elle manquait cruellement de flamme\u202f\u00bb, peut-on y lire, ainsi que des critiques sur les performances de Federico Valverde, Eduardo Camavinga et Vin\u00edcius. <a target=\"_blank\" href=\"https:\/\/www.marca.com\/futbol\/real-madrid\/opinion\/2025\/11\/24\/real-madrid-dia-noche.html\" rel=\"noopener\">Marca<\/a>, de l\u2019autre, parle de \u00ab\u202fd\u00e9sastre\u202f\u00bb, et \u00ab\u202fd\u2019absence de strat\u00e9gie offensive coh\u00e9rente\u00a0\u00bb. <a target=\"_blank\" href=\"https:\/\/www.nytimes.com\/athletic\/6814027\/2025\/11\/24\/vinicius-jr-real-madrid-alonso-contract\/\" rel=\"noopener\">The Athletic<\/a>\u00a0informe \u00e9galement que Vin\u00edcius a li\u00e9 son avenir \u00e0 celui de l\u2019ancien entra\u00eeneur du Bayer Leverkusen. Selon le m\u00e9dia anglophone, les tensions entre les deux ne feraient que cro\u00eetre.<\/p>\n<p>Xabi, son \u0153uvre.<\/p>\n<p>\t\t\t\t\t\t\t\t\t\t<a class=\"lien-connexe\" href=\"https:\/\/www.sofoot.com\/breves\/vinicius-junior-bloque-totalement-sa-prolongation-au-real\" target=\"_blank\" rel=\"noopener\">\u00c7a sent la rupture entre Vin\u00edcius J\u00fanior et le Real Madrid<\/a>\t\t\t\t\t<\/p>\n","protected":false},"excerpt":{"rendered":"Il y a des hauts et des Valdebebas ! Selon plusieurs m\u00e9dias espagnols, Xabi Alonso serait dans la&hellip;\n","protected":false},"author":2,"featured_media":557358,"comment_status":"","ping_status":"","sticky":false,"template":"","format":"standard","meta":{"footnotes":""},"categories":[9],"tags":[47,61,69,65,64,63,1011,27,68,66,62,70,67,60],"class_list":{"0":"post-557357","1":"post","2":"type-post","3":"status-publish","4":"format-standard","5":"has-post-thumbnail","7":"category-sports","8":"tag-actualite","9":"tag-actus-football","10":"tag-bundesliga","11":"tag-championnats-europeens","12":"tag-equipe-de-france","13":"tag-football","14":"tag-fr","15":"tag-france","16":"tag-ligua","17":"tag-ligue-1","18":"tag-news-foot","19":"tag-premier-league","20":"tag-serie-a","21":"tag-sports"},"share_on_mastodon":{"url":"https:\/\/pubeurope.com\/@fr\/115609758797593912","error":""},"_links":{"self":[{"href":"https:\/\/www.europesays.com\/fr\/wp-json\/wp\/v2\/posts\/557357","targetHints":{"allow":["GET"]}}],"collection":[{"href":"https:\/\/www.europesays.com\/fr\/wp-json\/wp\/v2\/posts"}],"about":[{"href":"https:\/\/www.europesays.com\/fr\/wp-json\/wp\/v2\/types\/post"}],"author":[{"embeddable":true,"href":"https:\/\/www.europesays.com\/fr\/wp-json\/wp\/v2\/users\/2"}],"replies":[{"embeddable":true,"href":"https:\/\/www.europesays.com\/fr\/wp-json\/wp\/v2\/comments?post=557357"}],"version-history":[{"count":0,"href":"https:\/\/www.europesays.com\/fr\/wp-json\/wp\/v2\/posts\/557357\/revisions"}],"wp:featuredmedia":[{"embeddable":true,"href":"https:\/\/www.europesays.com\/fr\/wp-json\/wp\/v2\/media\/557358"}],"wp:attachment":[{"href":"https:\/\/www.europesays.com\/fr\/wp-json\/wp\/v2\/media?parent=557357"}],"wp:term":[{"taxonomy":"category","embeddable":true,"href":"https:\/\/www.europesays.com\/fr\/wp-json\/wp\/v2\/categories?post=557357"},{"taxonomy":"post_tag","embeddable":true,"href":"https:\/\/www.europesays.com\/fr\/wp-json\/wp\/v2\/tags?post=557357"}],"curies":[{"name":"wp","href":"https:\/\/api.w.org\/{rel}","templated":true}]}}