{"id":557362,"date":"2025-11-25T10:04:18","date_gmt":"2025-11-25T10:04:18","guid":{"rendered":"https:\/\/www.europesays.com\/fr\/557362\/"},"modified":"2025-11-25T10:04:18","modified_gmt":"2025-11-25T10:04:18","slug":"faut-il-plus-taxer-le-gaz-que-le-fioul-lamendement-polemique-qui-met-le-senat-en-ebullition","status":"publish","type":"post","link":"https:\/\/www.europesays.com\/fr\/557362\/","title":{"rendered":"Faut-il plus taxer le gaz que le fioul ? L&rsquo;amendement pol\u00e9mique qui met le S\u00e9nat en \u00e9bullition"},"content":{"rendered":"<p>              <img decoding=\"async\" class=\"article-author__picture webp\" src=\"https:\/\/www.europesays.com\/fr\/wp-content\/uploads\/2025\/08\/lucas-villiard.jpg.webp\" alt=\"Lucas Villiard\"\/><\/p>\n<p class=\"article-author__info--name\"> Par<br \/>\n                      <a href=\"https:\/\/selectra.info\/equipe\/lucas-villard\" target=\"_blank\" rel=\"noopener author\"> Lucas Villiard <\/a><\/p>\n<p class=\"article-author__info--description\"> R\u00e9dacteur \u00e9nergie <\/p>\n<p>        Publi\u00e9 le<\/p>\n<p>                                25\/11\/2025<\/p>\n<p>            min de lecture\n        <\/p>\n<p>Sauf indication contraire, tous les prix pr\u00e9sent\u00e9s sur cette page sont TTC.<\/p>\n<p class=\"title\">L&rsquo;INFO QUI FAIT BAISSER VOTRE FACTURE<\/p>\n<ul class=\"list--check\">\n<li><strong>Alertes Baisse des Prix<\/strong> en temps r\u00e9el<\/li>\n<li><strong>Nouvelles Aides de l&rsquo;\u00c9tat<\/strong> d\u00e9crypt\u00e9es pour vous<\/li>\n<li><strong>Bons Plans Exclusifs<\/strong> de nos experts<\/li>\n<\/ul>\n<p style=\"margin-top:15px;\">Rejoignez des milliers de Fran\u00e7ais et recevez gratuitement l&rsquo;essentiel de l&rsquo;actu \u00e9nergie sur votre canal pr\u00e9f\u00e9r\u00e9.<\/p>\n<p class=\"intro\">Aujourd&rsquo;hui, 25 novembre 2025, RTE revoit ses pr\u00e9visions et douche les espoirs d&rsquo;une explosion de la consommation d&rsquo;\u00e9lectricit\u00e9 : la demande en 2035 sera jusqu&rsquo;\u00e0 9 % inf\u00e9rieure aux estimations pr\u00e9c\u00e9dentes. Une nouvelle qui interroge la strat\u00e9gie \u00e9nerg\u00e9tique fran\u00e7aise, alors qu&rsquo;au S\u00e9nat, un amendement pol\u00e9mique propose d&rsquo;augmenter la fiscalit\u00e9 sur le gaz plut\u00f4t que sur le fioul. Pendant ce temps, le gouvernement continue de serrer la vis sur les fraudes aux CEE, et en Europe, les banques assouplissent leurs conditions pour relancer un march\u00e9 des renouvelables en difficult\u00e9. Selectra d\u00e9crypte une journ\u00e9e o\u00f9 les pr\u00e9visions de long terme rebattent les cartes.<\/p>\n<p>France : la demande d&rsquo;\u00e9lectricit\u00e9 revue \u00e0 la baisse, la fiscalit\u00e9 en d\u00e9bat<\/p>\n<ul class=\"list--check\">\n<li><strong>RTE revoit \u00e0 la baisse la demande d&rsquo;\u00e9lectricit\u00e9 pour 2035, jusqu&rsquo;\u00e0 -9 %<\/strong> : Le gestionnaire du r\u00e9seau a abaiss\u00e9 ses pr\u00e9visions de consommation \u00e0 505-580 TWh, prenant en compte le d\u00e9veloppement plus lent de certains usages. Une r\u00e9vision qui pourrait impacter la planification des futures capacit\u00e9s de production. <a href=\"https:\/\/montelnews.com\/news\/f8a74bc5-337b-4757-8c84-5c4a80719e02\/french-tso-to-cut-2035-power-demand-estimates-by-up-to-9\" target=\"_blank\" rel=\"noopener noreferrer\">Plus d&rsquo;infos<\/a><\/li>\n<li><strong>Faut-il plus taxer le gaz que le fioul ? L&rsquo;amendement pol\u00e9mique d&rsquo;un s\u00e9nateur<\/strong> : Jean-Fran\u00e7ois Husson propose d&rsquo;augmenter la fiscalit\u00e9 sur le gaz plut\u00f4t que sur le fioul, bien que ce dernier \u00e9mette 30 % de CO2 en plus. Un amendement qui va \u00e0 contre-courant des objectifs climatiques. <a href=\"https:\/\/www.senat.fr\/amendements\/2025-2026\/138\/Amdt_I-11.html\" target=\"_blank\" rel=\"noopener noreferrer\">Plus d&rsquo;infos<\/a><\/li>\n<\/ul>\n<p>\u00c9conomies d&rsquo;\u00e9nergie : le gouvernement serre la vis sur les CEE<\/p>\n<ul class=\"list--check\">\n<li><strong>Le gouvernement continue la chasse aux abus sur les CEE<\/strong> : Deux projets d&rsquo;arr\u00eat\u00e9s visent \u00e0 mieux encadrer les aides pour les syst\u00e8mes solaires combin\u00e9s et \u00e0 limiter les bonifications pour les industries. Des contr\u00f4les obligatoires sur site et un plafonnement des aides sont pr\u00e9vus. <a href=\"https:\/\/www.contexte.com\/fr\/actualite\/energie\/cee-la-chasse-aux-abus-se-poursuit_246751?go-back-to-briefitem=246751\" target=\"_blank\" rel=\"noopener noreferrer\">Plus d&rsquo;infos<\/a><\/li>\n<li><strong>La r\u00e9novation de l&rsquo;\u00e9clairage ext\u00e9rieur r\u00e9serv\u00e9e aux collectivit\u00e9s<\/strong> : Un arr\u00eat\u00e9 restreint la fiche CEE pour l&rsquo;\u00e9clairage public aux seules collectivit\u00e9s et \u00e9tablissements publics, et supprime la bonification pour les actions dans les zones non interconnect\u00e9es. <a href=\"https:\/\/www.legifrance.gouv.fr\/jorf\/id\/JORFTEXT000052835992\" target=\"_blank\" rel=\"noopener noreferrer\">Plus d&rsquo;infos<\/a><\/li>\n<\/ul>\n<p>Europe : entre sanctions sur le gaz russe et relance des renouvelables<\/p>\n<ul class=\"list--check\">\n<li><strong>Les contrats de gaz russe pourraient \u00eatre interdits d\u00e8s avril 2026<\/strong> : Les discussions au sein de l&rsquo;UE s&rsquo;acc\u00e9l\u00e8rent pour interdire les contrats \u00e0 court terme de GNL russe d\u00e8s le printemps prochain. Les modalit\u00e9s pour les contrats \u00e0 long terme restent \u00e0 d\u00e9finir. <a href=\"https:\/\/www.contexte.com\/fr\/actualite\/energie\/document-interdiction-du-gaz-russe-les-contrats-a-court-terme-existants-pourraient-etre-interdits-des-avril-au-lieu-de-juin_246903?go-back-to-briefitem=246903\" target=\"_blank\" rel=\"noopener noreferrer\">Plus d&rsquo;infos<\/a><\/li>\n<li><strong>Les banques europ\u00e9ennes \u00e0 la rescousse des petits producteurs d&rsquo;EnR<\/strong> : Pour relancer un march\u00e9 en difficult\u00e9, les banques assouplissent leurs conditions de financement pour les contrats d&rsquo;achat d&rsquo;\u00e9lectricit\u00e9 (PPA), en partageant mieux les risques et en facilitant l&rsquo;acc\u00e8s au cr\u00e9dit pour les nouveaux projets verts. <a href=\"https:\/\/montelnews.com\/news\/daab592d-2c54-4918-9f20-930ebae05d14\/banks-shift-from-vanilla-ppas-in-bid-to-buoy-struggling-sector\" target=\"_blank\" rel=\"noopener noreferrer\">Plus d&rsquo;infos<\/a><\/li>\n<li><strong>Les importations de GNL en baisse de 11 % la semaine derni\u00e8re<\/strong> : Apr\u00e8s un pic, les livraisons de GNL en Europe ont recul\u00e9, en raison de prix moins attractifs et d&rsquo;une production am\u00e9ricaine en l\u00e9g\u00e8re baisse. Elles devraient cependant repartir \u00e0 la hausse prochainement. <a href=\"https:\/\/montelnews.com\/fr\/news\/6644fb81-1ee6-4a12-a4d3-9c3a1db5e9cb\/les-importations-europeennes-de-gnl-reculent-de-11\" target=\"_blank\" rel=\"noopener noreferrer\">Plus d&rsquo;infos<\/a><\/li>\n<li><strong>L&rsquo;Europe veut acc\u00e9l\u00e9rer l&rsquo;approbation des m\u00e9canismes de capacit\u00e9<\/strong> : L&rsquo;ACER va r\u00e9viser sa m\u00e9thodologie d&rsquo;\u00e9valuation des r\u00e9seaux (ERAA) pour permettre aux \u00c9tats membres de r\u00e9agir plus vite en cas de risque de p\u00e9nurie, en autorisant plus facilement de nouvelles centrales ou des batteries. <a href=\"https:\/\/www.acer.europa.eu\/news\/acer-decide-amending-european-resource-adequacy-assessment-methodology-streamline-approval-capacity-mechanisms\" target=\"_blank\" rel=\"noopener noreferrer\">Plus d&rsquo;infos<\/a><\/li>\n<\/ul>\n<p class=\"title\">L&rsquo;INFO QUI FAIT BAISSER VOTRE FACTURE<\/p>\n<ul class=\"list--check\">\n<li><strong>Alertes Baisse des Prix<\/strong> en temps r\u00e9el<\/li>\n<li><strong>Nouvelles Aides de l&rsquo;\u00c9tat<\/strong> d\u00e9crypt\u00e9es pour vous<\/li>\n<li><strong>Bons Plans Exclusifs<\/strong> de nos experts<\/li>\n<\/ul>\n<p style=\"margin-top:15px;\">Rejoignez des milliers de Fran\u00e7ais et recevez gratuitement l&rsquo;essentiel de l&rsquo;actu \u00e9nergie sur votre canal pr\u00e9f\u00e9r\u00e9.<\/p>\n<p>      Avez-vous trouv\u00e9 cet article utile ?<\/p>\n<p>100% des 1 votes trouvent l&rsquo;information utile.<\/p>\n","protected":false},"excerpt":{"rendered":"Par Lucas Villiard R\u00e9dacteur \u00e9nergie Publi\u00e9 le 25\/11\/2025 min de lecture Sauf indication contraire, tous les prix pr\u00e9sent\u00e9s&hellip;\n","protected":false},"author":2,"featured_media":253666,"comment_status":"","ping_status":"","sticky":false,"template":"","format":"standard","meta":{"footnotes":""},"categories":[6],"tags":[35,33,34,1011,27],"class_list":{"0":"post-557362","1":"post","2":"type-post","3":"status-publish","4":"format-standard","5":"has-post-thumbnail","7":"category-economie","8":"tag-business","9":"tag-economie","10":"tag-economy","11":"tag-fr","12":"tag-france"},"share_on_mastodon":{"url":"https:\/\/pubeurope.com\/@fr\/115609774718818288","error":""},"_links":{"self":[{"href":"https:\/\/www.europesays.com\/fr\/wp-json\/wp\/v2\/posts\/557362","targetHints":{"allow":["GET"]}}],"collection":[{"href":"https:\/\/www.europesays.com\/fr\/wp-json\/wp\/v2\/posts"}],"about":[{"href":"https:\/\/www.europesays.com\/fr\/wp-json\/wp\/v2\/types\/post"}],"author":[{"embeddable":true,"href":"https:\/\/www.europesays.com\/fr\/wp-json\/wp\/v2\/users\/2"}],"replies":[{"embeddable":true,"href":"https:\/\/www.europesays.com\/fr\/wp-json\/wp\/v2\/comments?post=557362"}],"version-history":[{"count":0,"href":"https:\/\/www.europesays.com\/fr\/wp-json\/wp\/v2\/posts\/557362\/revisions"}],"wp:featuredmedia":[{"embeddable":true,"href":"https:\/\/www.europesays.com\/fr\/wp-json\/wp\/v2\/media\/253666"}],"wp:attachment":[{"href":"https:\/\/www.europesays.com\/fr\/wp-json\/wp\/v2\/media?parent=557362"}],"wp:term":[{"taxonomy":"category","embeddable":true,"href":"https:\/\/www.europesays.com\/fr\/wp-json\/wp\/v2\/categories?post=557362"},{"taxonomy":"post_tag","embeddable":true,"href":"https:\/\/www.europesays.com\/fr\/wp-json\/wp\/v2\/tags?post=557362"}],"curies":[{"name":"wp","href":"https:\/\/api.w.org\/{rel}","templated":true}]}}