{"id":557363,"date":"2025-11-25T10:05:15","date_gmt":"2025-11-25T10:05:15","guid":{"rendered":"https:\/\/www.europesays.com\/fr\/557363\/"},"modified":"2025-11-25T10:05:15","modified_gmt":"2025-11-25T10:05:15","slug":"la-cour-de-justice-de-lunion-europeenne-impose-la-reconnaissance-entre-etats-membres","status":"publish","type":"post","link":"https:\/\/www.europesays.com\/fr\/557363\/","title":{"rendered":"la Cour de justice de l\u2019Union europ\u00e9enne impose la reconnaissance entre Etats membres"},"content":{"rendered":"\n<p class=\"article__paragraph  \">Tout pays de l\u2019Union europ\u00e9enne (UE) est tenu de reconna\u00eetre le mariage de deux citoyens de m\u00eame sexe l\u00e9galement conclu dans un autre Etat membre, selon un arr\u00eat de la Cour de justice de l\u2019UE (CJUE) publi\u00e9 mardi 25\u00a0novembre. La cour avait \u00e9t\u00e9 saisie par deux Polonais mari\u00e9s en Allemagne et qui se sont vu refuser la transcription de leur acte de mariage dans leur pays d\u2019origine, o\u00f9 l\u2019union entre personnes de m\u00eame sexe n\u2019est pas autoris\u00e9e.<\/p>\n<p class=\"article__paragraph  \">Ce refus \u00ab\u00a0est contraire au droit\u00a0\u00bb europ\u00e9en en ce qu\u2019il constitue une entrave \u00e0 la libert\u00e9 des citoyens concern\u00e9s de circuler d\u2019un pays \u00e0 l\u2019autre, tout en jouissant de leurs droits acquis au sein de l\u2019Union. Il \u00ab\u00a0porte atteinte \u00e0 cette libert\u00e9 ainsi qu\u2019au droit au respect de la vie priv\u00e9e et familiale\u00a0\u00bb, estime la CJUE.<\/p>\n<p class=\"article__paragraph  \">\u00ab\u00a0Les Etats membres sont donc oblig\u00e9s de reconna\u00eetre, aux fins de l\u2019exercice des droits conf\u00e9r\u00e9s par le droit de l\u2019Union, le statut marital acquis l\u00e9galement dans un autre Etat membre\u00a0\u00bb, ajoute la cour. Elle pr\u00e9cise que, pour autant, la Pologne n\u2019est pas tenue d\u2019introduire le mariage entre personnes du m\u00eame sexe dans son droit national.<\/p>\n<p>   Lire plus tard  <\/p>\n<p class=\"article__paragraph  \">Plus d\u2019informations \u00e0 venir.<\/p>\n<p class=\"author__detail\">  Le Monde avec AFP  <\/p>\n<p>L\u2019espace des contributions est r\u00e9serv\u00e9 aux abonn\u00e9s.<\/p>\n<p>Abonnez-vous pour acc\u00e9der \u00e0 cet espace d\u2019\u00e9change et contribuer \u00e0 la discussion.<\/p>\n<p>    <a href=\"https:\/\/abo.lemonde.fr\/?edi_medium=BOUTONS_LMFR&amp;edi_campaign=CONTRIBUTION_ARTICLE\" class=\"btn btn--premium js-btn-premium\" target=\"_blank\" rel=\"noopener\">S\u2019abonner<\/a>              <a href=\"https:\/\/www.lemonde.fr\/syndication\/\" class=\"reuse__content\" title=\"R\u00e9utiliser ce contenu\" target=\"_blank\" rel=\"noopener\">R\u00e9utiliser ce contenu<\/a>      <\/p>\n","protected":false},"excerpt":{"rendered":"Tout pays de l\u2019Union europ\u00e9enne (UE) est tenu de reconna\u00eetre le mariage de deux citoyens de m\u00eame sexe&hellip;\n","protected":false},"author":2,"featured_media":557364,"comment_status":"","ping_status":"","sticky":false,"template":"","format":"standard","meta":{"footnotes":""},"categories":[5],"tags":[11,1011,27,14,12,28],"class_list":{"0":"post-557363","1":"post","2":"type-post","3":"status-publish","4":"format-standard","5":"has-post-thumbnail","7":"category-international","8":"tag-actualites","9":"tag-fr","10":"tag-france","11":"tag-international","12":"tag-news","13":"tag-world"},"share_on_mastodon":{"url":"https:\/\/pubeurope.com\/@fr\/115609778578274397","error":""},"_links":{"self":[{"href":"https:\/\/www.europesays.com\/fr\/wp-json\/wp\/v2\/posts\/557363","targetHints":{"allow":["GET"]}}],"collection":[{"href":"https:\/\/www.europesays.com\/fr\/wp-json\/wp\/v2\/posts"}],"about":[{"href":"https:\/\/www.europesays.com\/fr\/wp-json\/wp\/v2\/types\/post"}],"author":[{"embeddable":true,"href":"https:\/\/www.europesays.com\/fr\/wp-json\/wp\/v2\/users\/2"}],"replies":[{"embeddable":true,"href":"https:\/\/www.europesays.com\/fr\/wp-json\/wp\/v2\/comments?post=557363"}],"version-history":[{"count":0,"href":"https:\/\/www.europesays.com\/fr\/wp-json\/wp\/v2\/posts\/557363\/revisions"}],"wp:featuredmedia":[{"embeddable":true,"href":"https:\/\/www.europesays.com\/fr\/wp-json\/wp\/v2\/media\/557364"}],"wp:attachment":[{"href":"https:\/\/www.europesays.com\/fr\/wp-json\/wp\/v2\/media?parent=557363"}],"wp:term":[{"taxonomy":"category","embeddable":true,"href":"https:\/\/www.europesays.com\/fr\/wp-json\/wp\/v2\/categories?post=557363"},{"taxonomy":"post_tag","embeddable":true,"href":"https:\/\/www.europesays.com\/fr\/wp-json\/wp\/v2\/tags?post=557363"}],"curies":[{"name":"wp","href":"https:\/\/api.w.org\/{rel}","templated":true}]}}