{"id":557369,"date":"2025-11-25T10:08:25","date_gmt":"2025-11-25T10:08:25","guid":{"rendered":"https:\/\/www.europesays.com\/fr\/557369\/"},"modified":"2025-11-25T10:08:25","modified_gmt":"2025-11-25T10:08:25","slug":"saint-etienne-cv-entretiens-formations-le-centre-commercial-centre-deux-ouvre-un-espace-emploi","status":"publish","type":"post","link":"https:\/\/www.europesays.com\/fr\/557369\/","title":{"rendered":"Saint-\u00c9tienne. CV, entretiens, formations\u2026 Le centre commercial Centre Deux ouvre un espace emploi"},"content":{"rendered":"<p>L\u2019initiative est plut\u00f4t originale et inattendue\u00a0: un lieu d\u00e9di\u00e9 \u00e0 l\u2019emploi au c\u0153ur d\u2019un temple du shopping qui accueille quelque 7\u00a0millions de visiteurs par an.<\/p>\n<p>Le \u00ab\u00a0Pont vers l\u2019emploi\u00a0\u00bb a ouvert ses portes le 5\u00a0novembre dernier, au deuxi\u00e8me \u00e9tage du centre commercial Centre Deux, dans les anciens locaux de BodyMinute, juste en face de l\u2019entr\u00e9e d\u2019Auchan.<\/p>\n<p>\u00ab\u00a0Depuis trois ans, on organise au sein du centre un forum de l\u2019emploi en partenariat avec France Travail, avec \u00e0 la fois des&#8230;<\/p>\n","protected":false},"excerpt":{"rendered":"L\u2019initiative est plut\u00f4t originale et inattendue\u00a0: un lieu d\u00e9di\u00e9 \u00e0 l\u2019emploi au c\u0153ur d\u2019un temple du shopping qui&hellip;\n","protected":false},"author":2,"featured_media":557370,"comment_status":"","ping_status":"","sticky":false,"template":"","format":"standard","meta":{"footnotes":""},"categories":[9653],"tags":[1111,11,2430,7539,341,1777,674,1011,27,12,25,4001,7538,801],"class_list":{"0":"post-557369","1":"post","2":"type-post","3":"status-publish","4":"format-standard","5":"has-post-thumbnail","7":"category-saint-etienne","8":"tag-actu","9":"tag-actualites","10":"tag-auvergne-rhone-alpes","11":"tag-edition-loire-sud","12":"tag-emploi","13":"tag-eu","14":"tag-europe","15":"tag-fr","16":"tag-france","17":"tag-news","18":"tag-republique-francaise","19":"tag-saint-etienne","20":"tag-saint-etienne-ville","21":"tag-social"},"share_on_mastodon":{"url":"https:\/\/pubeurope.com\/@fr\/115609790454655699","error":""},"_links":{"self":[{"href":"https:\/\/www.europesays.com\/fr\/wp-json\/wp\/v2\/posts\/557369","targetHints":{"allow":["GET"]}}],"collection":[{"href":"https:\/\/www.europesays.com\/fr\/wp-json\/wp\/v2\/posts"}],"about":[{"href":"https:\/\/www.europesays.com\/fr\/wp-json\/wp\/v2\/types\/post"}],"author":[{"embeddable":true,"href":"https:\/\/www.europesays.com\/fr\/wp-json\/wp\/v2\/users\/2"}],"replies":[{"embeddable":true,"href":"https:\/\/www.europesays.com\/fr\/wp-json\/wp\/v2\/comments?post=557369"}],"version-history":[{"count":0,"href":"https:\/\/www.europesays.com\/fr\/wp-json\/wp\/v2\/posts\/557369\/revisions"}],"wp:featuredmedia":[{"embeddable":true,"href":"https:\/\/www.europesays.com\/fr\/wp-json\/wp\/v2\/media\/557370"}],"wp:attachment":[{"href":"https:\/\/www.europesays.com\/fr\/wp-json\/wp\/v2\/media?parent=557369"}],"wp:term":[{"taxonomy":"category","embeddable":true,"href":"https:\/\/www.europesays.com\/fr\/wp-json\/wp\/v2\/categories?post=557369"},{"taxonomy":"post_tag","embeddable":true,"href":"https:\/\/www.europesays.com\/fr\/wp-json\/wp\/v2\/tags?post=557369"}],"curies":[{"name":"wp","href":"https:\/\/api.w.org\/{rel}","templated":true}]}}