{"id":557371,"date":"2025-11-25T10:09:14","date_gmt":"2025-11-25T10:09:14","guid":{"rendered":"https:\/\/www.europesays.com\/fr\/557371\/"},"modified":"2025-11-25T10:09:14","modified_gmt":"2025-11-25T10:09:14","slug":"des-amendes-jusqua-500-euros","status":"publish","type":"post","link":"https:\/\/www.europesays.com\/fr\/557371\/","title":{"rendered":"des amendes jusqu&rsquo;\u00e0 500 euros"},"content":{"rendered":"<p>                    Par<br \/>\n        <strong><br \/>\n            <a href=\"https:\/\/actu.fr\/auteur\/mathias-souteyrat\" title=\"Consulter tous les articles de Mathias Souteyrat\" target=\"_blank\" rel=\"noopener\">Mathias Souteyrat<\/a><br \/>\n                    <\/strong><\/p>\n<p>        Publi\u00e9 le<\/p>\n<p>            25 nov. 2025 \u00e0 10h59        <\/p>\n<p>Les taxis VTC ont \u00e9t\u00e9 contr\u00f4l\u00e9s lundi 24 novembre dans l\u2019apr\u00e8s-midi dans le secteur de la gare SNCF de <a href=\"https:\/\/actu.fr\/tag\/gare-de-saint-etienne-chateaucreux\" target=\"_blank\" rel=\"noopener\">Chateaucreux \u00e0 Saint-Etienne<\/a>\u00a0(Loire).<\/p>\n<p class=\" wall-content\">Sur les 12 v\u00e9hicules arr\u00eat\u00e9s, trois infractions ont \u00e9t\u00e9 relev\u00e9es par la police de la Loire.<\/p>\n<p>Un professionnel attendait des clients hors de sa base<\/p>\n<p class=\" wall-content\">Dans le d\u00e9tail :<\/p>\n<ul class=\" wall-content\">\n<li>deux d\u00e9fauts d\u2019affichage des cartes professionnelles et des macarons \u00e0 apposer sur le v\u00e9hicule.<\/li>\n<li>un cas de maraude d\u2019un professionnel qui attendait des clients hors de sa base.<\/li>\n<\/ul>\n<p>De 68 \u00e0 500 euros d\u2019amendes<\/p>\n<p class=\" wall-content\">Les contrevenants ont \u00e9cop\u00e9 d\u2019amendes allant de 68 \u00e0 500 euros. Les chauffeurs risquent jusqu\u2019\u00e0 un an de prison avec sursis et le retrait de la carte professionnelle en cas de r\u00e9cidive.<\/p>\n<p>    <img   decoding=\"async\" loading=\"lazy\" src=\"https:\/\/www.europesays.com\/fr\/wp-content\/uploads\/2025\/11\/g6janv8wqaacqlf-960x640.jpg\" alt=\"Les VTC ont \u00e9t\u00e9 contr\u00f4l\u00e9s lundi dans le secteur de la gare SNCF de Chateaucreux \u00e0 Saint-Etienne. \" width=\"960\" height=\"640\"\/><br \/>\n    Les VTC ont \u00e9t\u00e9 contr\u00f4l\u00e9s lundi dans le secteur de la gare SNCF de Chateaucreux \u00e0 Saint-Etienne. (\u00a9Police de la Loire)<\/p>\n<p class=\" wall-content\">D\u2019apr\u00e8s les forces de l\u2019ordre, cela repr\u00e9sente une concurrence d\u00e9loyale pour les taxis en cas de maraude.<\/p>\n<p class=\" wall-content\">Personnalisez votre actualit\u00e9 en ajoutant vos villes et m\u00e9dias en favori avec <a href=\"https:\/\/moncompte.actu.fr\" title=\"D\u00e9couvez Mon Actu\" rel=\"nofollow noopener\" data-trk=\"{&quot;cta&quot;:{&quot;action&quot;:&quot;https:\\\/\\\/moncompte.actu.fr&quot;,&quot;category&quot;:&quot;mon compte&quot;,&quot;from&quot;:&quot;article footer&quot;,&quot;name&quot;:&quot;Mon actu&quot;,&quot;type&quot;:&quot;cta&quot;}}\" target=\"_blank\">Mon Actu<\/a>.<\/p>\n","protected":false},"excerpt":{"rendered":"Par Mathias Souteyrat Publi\u00e9 le 25 nov. 2025 \u00e0 10h59 Les taxis VTC ont \u00e9t\u00e9 contr\u00f4l\u00e9s lundi 24&hellip;\n","protected":false},"author":2,"featured_media":557372,"comment_status":"","ping_status":"","sticky":false,"template":"","format":"standard","meta":{"footnotes":""},"categories":[9653],"tags":[1111,11,7622,2430,1777,674,118,1011,27,31881,12,1072,25,4001],"class_list":{"0":"post-557371","1":"post","2":"type-post","3":"status-publish","4":"format-standard","5":"has-post-thumbnail","7":"category-saint-etienne","8":"tag-actu","9":"tag-actualites","10":"tag-amendes","11":"tag-auvergne-rhone-alpes","12":"tag-eu","13":"tag-europe","14":"tag-faits-divers","15":"tag-fr","16":"tag-france","17":"tag-gare-de-saint-etienne-chateaucreux","18":"tag-news","19":"tag-police","20":"tag-republique-francaise","21":"tag-saint-etienne"},"share_on_mastodon":{"url":"https:\/\/pubeurope.com\/@fr\/115609795261171568","error":""},"_links":{"self":[{"href":"https:\/\/www.europesays.com\/fr\/wp-json\/wp\/v2\/posts\/557371","targetHints":{"allow":["GET"]}}],"collection":[{"href":"https:\/\/www.europesays.com\/fr\/wp-json\/wp\/v2\/posts"}],"about":[{"href":"https:\/\/www.europesays.com\/fr\/wp-json\/wp\/v2\/types\/post"}],"author":[{"embeddable":true,"href":"https:\/\/www.europesays.com\/fr\/wp-json\/wp\/v2\/users\/2"}],"replies":[{"embeddable":true,"href":"https:\/\/www.europesays.com\/fr\/wp-json\/wp\/v2\/comments?post=557371"}],"version-history":[{"count":0,"href":"https:\/\/www.europesays.com\/fr\/wp-json\/wp\/v2\/posts\/557371\/revisions"}],"wp:featuredmedia":[{"embeddable":true,"href":"https:\/\/www.europesays.com\/fr\/wp-json\/wp\/v2\/media\/557372"}],"wp:attachment":[{"href":"https:\/\/www.europesays.com\/fr\/wp-json\/wp\/v2\/media?parent=557371"}],"wp:term":[{"taxonomy":"category","embeddable":true,"href":"https:\/\/www.europesays.com\/fr\/wp-json\/wp\/v2\/categories?post=557371"},{"taxonomy":"post_tag","embeddable":true,"href":"https:\/\/www.europesays.com\/fr\/wp-json\/wp\/v2\/tags?post=557371"}],"curies":[{"name":"wp","href":"https:\/\/api.w.org\/{rel}","templated":true}]}}