{"id":557383,"date":"2025-11-25T10:15:17","date_gmt":"2025-11-25T10:15:17","guid":{"rendered":"https:\/\/www.europesays.com\/fr\/557383\/"},"modified":"2025-11-25T10:15:17","modified_gmt":"2025-11-25T10:15:17","slug":"un-suspect-mis-hors-de-cause","status":"publish","type":"post","link":"https:\/\/www.europesays.com\/fr\/557383\/","title":{"rendered":"un suspect mis hors de cause"},"content":{"rendered":"<p>                    Par<br \/>\n        <strong><br \/>\n            <a href=\"https:\/\/actu.fr\/auteur\/jm-aubert\" title=\"Consulter tous les articles de Jean-Marc Aubert\" target=\"_blank\" rel=\"noopener\">Jean-Marc Aubert<\/a><br \/>\n                    <\/strong><\/p>\n<p>        Publi\u00e9 le<\/p>\n<p>            25 nov. 2025 \u00e0 10h36        <\/p>\n<p>Un homme \u00e2g\u00e9 de 21 ans qui avait \u00e9t\u00e9 interpell\u00e9 dans la nuit de jeudi 20 \u00e0 vendredi 21 novembre 2025, vers 3h30, une heure apr\u00e8s l\u2019<strong>incendie criminel de l\u2019\u00e9picerie de nuit<\/strong> \u00ab\u00a0Alimentation de la Tour\u00a0\u00bb, dans la cit\u00e9 Saint-Martin, \u00e0 <strong>Montpellier <\/strong>o\u00f9 un employ\u00e9 \u00e2g\u00e9 de 19 ans est d\u00e9c\u00e9d\u00e9, a \u00e9t\u00e9 mis hors de cause par les enqu\u00eateurs du <strong>Service interd\u00e9partemental de police judiciaire<\/strong> -SIPJ- de Montpellier. Le <strong>procureur de la R\u00e9publique<\/strong> de Montpellier, Thierry Lescouarc\u2019h a r\u00e9v\u00e9l\u00e9 cette remise en libert\u00e9 par un communiqu\u00e9, ce lundi 24 novembre en soir\u00e9e.<\/p>\n<p class=\" wall-content\">Aucune charge n\u2019a \u00e9t\u00e9 retenue contre le suspect, intercept\u00e9 par un \u00e9quipage de la brigade anticriminalit\u00e9 \u2013 Bac \u2013 au volant de sa voiture dans la rue de l\u2019Abrivado au niveau du quartier Saint-Martin, alors que les sapeurs-pompiers du <strong>Sdis 34<\/strong> venaient de ma\u00eetriser l\u2019\u00e9picerie de nuit et le salon de coiffure mitoyen au rez-de-chauss\u00e9e de la Tour Saint-Martin enti\u00e8rement d\u00e9truits par le feu, allum\u00e9 \u00e0 2h30 par deux individus. \u00c0 moins de 300m de la rue de l\u2019Abrivado.\u00a0<\/p>\n<p>    <a href=\"https:\/\/www.google.com\/maps\/embed?pb=!1m18!1m12!1m3!1d3747.461388365296!2d3.883430622610687!3d43.59221593142813!2m3!1f0!2f0!3f0!3m2!1i1024!2i768!4f13.1!3m3!1m2!1s0x12b6afbfdbf71d0b%3A0x8a0960b9accfa9b0!2s7%20Rue%20du%20Grau%2C%2034070%20Montpellier!5e0!3m2!1sfr!2sfr!4v1764060146461!5m2!1sfr!2sfr\" title=\"Ouvrie le lien\" target=\"_blank\" rel=\"noopener\">Cliquez ici pour visualiser le contenu<\/a><\/p>\n<p class=\" wall-content\">Lors du contr\u00f4le du conducteur \u00e2g\u00e9 de 21 ans, les policiers de la Bac ont retrouv\u00e9 dans le coffre un jerrican de carburant \u00e0 moiti\u00e9 rempli; or, le duo qui a volontairement incendi\u00e9 l\u2019\u00e9picerie de nuit avec propagation au barber shop, a r\u00e9pandu de l\u2019essence, avant de lancer un engin explosif artisanal. Nadir, 19 ans, cousin du g\u00e9rant de l\u2019\u00e9picier, \u00e9tait pi\u00e9g\u00e9 et est d\u00e9c\u00e9d\u00e9 en d\u00e9pit de longs massages cardiaques pratiqu\u00e9s par un m\u00e9decin des pompiers. Il a pos\u00e9 un obstacle m\u00e9dico-l\u00e9gal et comme le confirme le procureur de la R\u00e9publique, une autopsie va \u00eatre pratiqu\u00e9e. La d\u00e9pouille de Nadir sera rendue \u00e0 la famille dans le courant de cette semaine pour organiser ses obs\u00e8ques.<\/p>\n<p>Vid\u00e9o-protection<\/p>\n<p class=\" wall-content\">Plac\u00e9 en garde \u00e0 vue, le suspect a \u00e9t\u00e9 entendu, notamment pour qu\u2019il dise o\u00f9 il se trouvait \u00e0 2h30. Il a fourni un alibi qui a \u00e9t\u00e9 v\u00e9rifi\u00e9 et qui atteste que ce Montpelli\u00e9rain de 21 ans d\u00e9j\u00e0 connu de la justice \u00e9tait \u00e0 la Grande-Motte et qu\u2019il regagnait son domicile, quand il a \u00e9t\u00e9 interpell\u00e9 rue de l\u2019Abrivado. Les v\u00e9rifications de sa t\u00e9l\u00e9phonie et surtout l\u2019exploitation des bandes des <strong>cam\u00e9ras de vid\u00e9o-protection de la Ville de Montpellier<\/strong> qui permettent d\u2019apercevoir les deux auteurs de cette tentative d\u2019assassinat en bande organis\u00e9e jetant l\u2019engin explosif sur l\u2019essence devant l\u2019\u00e9picerie attestent qu\u2019il n\u2019est pas impliqu\u00e9.\u00a0<\/p>\n<p>Vid\u00e9os : en ce moment sur Actu<\/p>\n<p class=\" wall-content\">Au terme de 48h de r\u00e9tention au Sipj, il a \u00e9t\u00e9 remis en libert\u00e9 samedi 22 novembre, sans qu\u2019aucune charge ne soit retenue contre lui. L\u2019enqu\u00eate des policiers de la <strong>division de la criminalit\u00e9 organis\u00e9e et sp\u00e9cialis\u00e9e<\/strong> \u2013 DCOS \u2013 du SIPJ se poursuit activement pour identifier les deux incendiaires et \u00e9tablir le mobile. Un r\u00e8glement de compte sur fond de narcotrafic autour des points de deal de la cit\u00e9 Saint-Martin, d\u2019une guerre de concurrence entre ces commerces et une vengeance quelques jours apr\u00e8s l\u2019incendie criminel d\u2019une \u00e9picerie de nuit de l\u2019avenue du Mar\u00e9chal Leclerc figurent parmi l\u2019hypoth\u00e8se de travail. Des enqu\u00eateurs qui esp\u00e8rent trouver une piste permettant d\u2019\u00e9lucider ces incendies criminels.<\/p>\n<p>En fuite \u00e0 pied<\/p>\n<p class=\" wall-content\">Ces deux actes volontaires seraient par ailleurs li\u00e9s \u00e0 une agression \u00e0 l\u2019arme blanche d\u2019un client d\u2019une autre \u00e9picerie de nuit de l\u2019avenue du Mar\u00e9chal Leclerc, peu de temps apr\u00e8s l\u2019incendie de celle de la Tour Saint-Martin, \u00e0 l\u2019angle des rues du Grau et Jean Vachet et dont l\u2019auteur est \u00e9galement en fuite. Tout comme l\u2019<strong>inconnu en djellaba,<\/strong> arm\u00e9 et encagoul\u00e9 qui a ordonn\u00e9 aux employ\u00e9s et aux clients de la premi\u00e8re \u00e9picerie de nuit cibl\u00e9e sur l\u2019avenue du Mar\u00e9chal Leclerc, dans la nuit du 6 au 7 novembre dernier vers 2h30, de quitter les lieux, avant de r\u00e9pandre de l\u2019essence et de mettre le feu. Il a pris la fuite \u00e0 pied, tout comme les deux auteurs du deuxi\u00e8me incendie. Reste que les signalements des auteurs excluent que l\u2019incendiaire \u00e0 la djellaba fasse partie du duo ayant op\u00e9r\u00e9 dans la nuit du 20 au 21 novembre.<\/p>\n<p>Votre r\u00e9gion, votre actu !<\/p>\n<p>Recevez chaque jour les infos qui comptent pour vous.<\/p>\n<p>\t<a href=\"https:\/\/actu.fr\/newsletter\" class=\"ac-btn ac-btn--corner ac-btn--medium ac-btn--blue800\" target=\"_blank\" rel=\"noopener\">S&rsquo;incrire<\/a><\/p>\n<p class=\" wall-content\">Les policiers de la DCOS tentent aussi de faire la lumi\u00e8re sur le <strong>myst\u00e9rieux mitraillage<\/strong> de la porte d\u2019entr\u00e9e d\u2019un appartement, dans la nuit du 8 au 9 novembre vers 4h, dans une r\u00e9sidence proche des deux \u00e9piceries incendi\u00e9es et de celle o\u00f9 le client a \u00e9t\u00e9 poignard\u00e9 \u00e0 une cuisse. Le locataire qui \u00e9tait absent -et dont des membres de sa famille qui dormaient dans les chambres sont sortis indemnes mais choqu\u00e9s par ces nombreux tirs au fusil \u00e0 pompe- \u00e9tait visiblement vis\u00e9. Il serait connu pour fr\u00e9quenter des narcotrafiquants du quartier Saint-Martin.<\/p>\n<p class=\" wall-content\">Autre d\u00e9tail relev\u00e9 par les policiers : l\u2019utilisation d\u2019un <strong>fusil \u00e0 pompe<\/strong> dans l\u2019incendie de la derni\u00e8re \u00e9picerie de nuit en date et le <a href=\"https:\/\/actu.fr\/occitanie\/montpellier_34172\/montpellier-represailles-qui-a-mitraille-au-fusil-a-pompe-la-porte-d-un-appartement-a-saint-martin_63477326.html\" target=\"_blank\" rel=\"noopener\">mitraillage de l\u2019appartement<\/a>. Co\u00efncidence ou m\u00eame arme ? Le myst\u00e8re demeure au stade actuel de l\u2019enqu\u00eate. Les policiers s\u2019interrogent \u00e9galement sur les circonstances ayant pr\u00e9c\u00e9d\u00e9 l\u2019embrasement de l\u2019\u00e9picerie de nuit \u00ab\u00a0Alimentation de la Tour\u00a0\u00bb : les deux incendiaires ont tir\u00e9 en l\u2019air des coups de feu avec le fusil \u00e0 pompe, avant d\u2019incendier volontairement le commerce. Ont-ils voulu alerter par les coups de feu les deux jeunes pr\u00e9sents pour les faire sortir ? Mais affol\u00e9 par les tirs, Nadir serait all\u00e9 se cacher dans un coin, au fond de l\u2019\u00e9picerie, o\u00f9 il a \u00e9t\u00e9 pi\u00e9g\u00e9 par les flammes, son coll\u00e8gue Amile, \u00e2g\u00e9 de 19 ans \u00e9galement, ayant r\u00e9ussi \u00e0 quitter les lieux et \u00e0 se mettre \u00e0 l\u2019abri jusqu\u2019\u00e0 l\u2019arriv\u00e9e de la police nationale et des pompiers. Un rescap\u00e9 impuissant pour sortir Nadir du violent brasier et pour le sauver d\u2019une mort horrible.<\/p>\n<p class=\" wall-content\">Personnalisez votre actualit\u00e9 en ajoutant vos villes et m\u00e9dias en favori avec <a href=\"https:\/\/moncompte.actu.fr\" title=\"D\u00e9couvez Mon Actu\" rel=\"nofollow noopener\" data-trk=\"{&quot;cta&quot;:{&quot;action&quot;:&quot;https:\\\/\\\/moncompte.actu.fr&quot;,&quot;category&quot;:&quot;mon compte&quot;,&quot;from&quot;:&quot;article footer&quot;,&quot;name&quot;:&quot;Mon actu&quot;,&quot;type&quot;:&quot;cta&quot;}}\" target=\"_blank\">Mon Actu<\/a>.<\/p>\n","protected":false},"excerpt":{"rendered":"Par Jean-Marc Aubert Publi\u00e9 le 25 nov. 2025 \u00e0 10h36 Un homme \u00e2g\u00e9 de 21 ans qui avait&hellip;\n","protected":false},"author":2,"featured_media":557384,"comment_status":"","ping_status":"","sticky":false,"template":"","format":"standard","meta":{"footnotes":""},"categories":[9599],"tags":[1111,11,1777,674,118,1011,27,303,2208,813,12,2680,1072,25],"class_list":{"0":"post-557383","1":"post","2":"type-post","3":"status-publish","4":"format-standard","5":"has-post-thumbnail","7":"category-montpellier","8":"tag-actu","9":"tag-actualites","10":"tag-eu","11":"tag-europe","12":"tag-faits-divers","13":"tag-fr","14":"tag-france","15":"tag-justice","16":"tag-montpellier","17":"tag-narcotrafiquants","18":"tag-news","19":"tag-occitanie","20":"tag-police","21":"tag-republique-francaise"},"share_on_mastodon":{"url":"https:\/\/pubeurope.com\/@fr\/115609817977817657","error":""},"_links":{"self":[{"href":"https:\/\/www.europesays.com\/fr\/wp-json\/wp\/v2\/posts\/557383","targetHints":{"allow":["GET"]}}],"collection":[{"href":"https:\/\/www.europesays.com\/fr\/wp-json\/wp\/v2\/posts"}],"about":[{"href":"https:\/\/www.europesays.com\/fr\/wp-json\/wp\/v2\/types\/post"}],"author":[{"embeddable":true,"href":"https:\/\/www.europesays.com\/fr\/wp-json\/wp\/v2\/users\/2"}],"replies":[{"embeddable":true,"href":"https:\/\/www.europesays.com\/fr\/wp-json\/wp\/v2\/comments?post=557383"}],"version-history":[{"count":0,"href":"https:\/\/www.europesays.com\/fr\/wp-json\/wp\/v2\/posts\/557383\/revisions"}],"wp:featuredmedia":[{"embeddable":true,"href":"https:\/\/www.europesays.com\/fr\/wp-json\/wp\/v2\/media\/557384"}],"wp:attachment":[{"href":"https:\/\/www.europesays.com\/fr\/wp-json\/wp\/v2\/media?parent=557383"}],"wp:term":[{"taxonomy":"category","embeddable":true,"href":"https:\/\/www.europesays.com\/fr\/wp-json\/wp\/v2\/categories?post=557383"},{"taxonomy":"post_tag","embeddable":true,"href":"https:\/\/www.europesays.com\/fr\/wp-json\/wp\/v2\/tags?post=557383"}],"curies":[{"name":"wp","href":"https:\/\/api.w.org\/{rel}","templated":true}]}}