{"id":557387,"date":"2025-11-25T10:17:13","date_gmt":"2025-11-25T10:17:13","guid":{"rendered":"https:\/\/www.europesays.com\/fr\/557387\/"},"modified":"2025-11-25T10:17:13","modified_gmt":"2025-11-25T10:17:13","slug":"lagence-parisienne-jean-pierre-lott-retenue-pour-construire-le-centre-des-cultures-urbaines-de-rouen","status":"publish","type":"post","link":"https:\/\/www.europesays.com\/fr\/557387\/","title":{"rendered":"L\u2019agence parisienne Jean-Pierre Lott retenue pour construire le Centre des cultures urbaines de Rouen"},"content":{"rendered":"<p melodystyle=\"texte\">La M\u00e9tropole Rouen Normandie a s\u00e9lectionn\u00e9 l\u2019agence parisienne Jean-Pierre Lott Architecte pour r\u00e9habiliter l\u2019ancienne piscine Oc\u00e9ade en un Centre des cultures urbaines de 3 600 m\u00b2. Ce projet, d\u2019un co\u00fbt de 17,9 millions d\u2019euros, vise \u00e0 transformer un site abandonn\u00e9 depuis 1991 en un \u00e9quipement sportif comprenant 1 800 m\u00b2 d\u00e9di\u00e9s aux sports de glisse (skate, BMX, roller) avec une tribune r\u00e9tractable de 250 places, des espaces pour le graff et la danse urbaine, un terrain multisport ext\u00e9rieur (basket et football). Situ\u00e9 sur l\u2019\u00cele Lacroix \u00e0 Rouen, ce centre r\u00e9pond \u00e0 une demande croissante des pratiquants de cultures urbaines. Il compensera \u00e9galement la fermeture du skatepark du quartier Flaubert. L\u2019agence parisienne Jean-Pierre Lott a remport\u00e9 le concours de ma\u00eetrise d\u2019\u0153uvre devant le parisien K Architectures et le bordelais Atelier King Kong. Le d\u00e9but des travaux est programm\u00e9 pour 2027, la livraison de l\u2019\u00e9quipement en 2029.<\/p>\n","protected":false},"excerpt":{"rendered":"La M\u00e9tropole Rouen Normandie a s\u00e9lectionn\u00e9 l\u2019agence parisienne Jean-Pierre Lott Architecte pour r\u00e9habiliter l\u2019ancienne piscine Oc\u00e9ade en un&hellip;\n","protected":false},"author":2,"featured_media":557388,"comment_status":"","ping_status":"","sticky":false,"template":"","format":"standard","meta":{"footnotes":""},"categories":[9587],"tags":[1111,11,1777,674,1011,27,12,5161,25,9590],"class_list":{"0":"post-557387","1":"post","2":"type-post","3":"status-publish","4":"format-standard","5":"has-post-thumbnail","7":"category-rouen","8":"tag-actu","9":"tag-actualites","10":"tag-eu","11":"tag-europe","12":"tag-fr","13":"tag-france","14":"tag-news","15":"tag-normandie","16":"tag-republique-francaise","17":"tag-rouen"},"share_on_mastodon":{"url":"https:\/\/pubeurope.com\/@fr\/115609825680772873","error":""},"_links":{"self":[{"href":"https:\/\/www.europesays.com\/fr\/wp-json\/wp\/v2\/posts\/557387","targetHints":{"allow":["GET"]}}],"collection":[{"href":"https:\/\/www.europesays.com\/fr\/wp-json\/wp\/v2\/posts"}],"about":[{"href":"https:\/\/www.europesays.com\/fr\/wp-json\/wp\/v2\/types\/post"}],"author":[{"embeddable":true,"href":"https:\/\/www.europesays.com\/fr\/wp-json\/wp\/v2\/users\/2"}],"replies":[{"embeddable":true,"href":"https:\/\/www.europesays.com\/fr\/wp-json\/wp\/v2\/comments?post=557387"}],"version-history":[{"count":0,"href":"https:\/\/www.europesays.com\/fr\/wp-json\/wp\/v2\/posts\/557387\/revisions"}],"wp:featuredmedia":[{"embeddable":true,"href":"https:\/\/www.europesays.com\/fr\/wp-json\/wp\/v2\/media\/557388"}],"wp:attachment":[{"href":"https:\/\/www.europesays.com\/fr\/wp-json\/wp\/v2\/media?parent=557387"}],"wp:term":[{"taxonomy":"category","embeddable":true,"href":"https:\/\/www.europesays.com\/fr\/wp-json\/wp\/v2\/categories?post=557387"},{"taxonomy":"post_tag","embeddable":true,"href":"https:\/\/www.europesays.com\/fr\/wp-json\/wp\/v2\/tags?post=557387"}],"curies":[{"name":"wp","href":"https:\/\/api.w.org\/{rel}","templated":true}]}}