{"id":557391,"date":"2025-11-25T10:20:11","date_gmt":"2025-11-25T10:20:11","guid":{"rendered":"https:\/\/www.europesays.com\/fr\/557391\/"},"modified":"2025-11-25T10:20:11","modified_gmt":"2025-11-25T10:20:11","slug":"grenoble-a-neyrpic-ce-nouveau-magasin-propose-des-vetements-rares-a-saisir-rapidement","status":"publish","type":"post","link":"https:\/\/www.europesays.com\/fr\/557391\/","title":{"rendered":"Grenoble. \u00c0 Neyrpic, ce nouveau magasin propose des v\u00eatements \u00ab\u00a0rares\u00a0\u00bb \u00e0 saisir rapidement"},"content":{"rendered":"<p>                    Par<br \/>\n        <strong><br \/>\n            <a href=\"https:\/\/actu.fr\/auteur\/lisa-rodrigues\" title=\"Consulter tous les articles de Lisa Rodrigues\" target=\"_blank\" rel=\"noopener\">Lisa Rodrigues<\/a><br \/>\n                    <\/strong><\/p>\n<p>        Publi\u00e9 le<\/p>\n<p>            25 nov. 2025 \u00e0 10h56        <\/p>\n<p>La caverne d\u2019Ali Baba pour les fans de football ou de NBA. Un nouveau magasin \u00e9ph\u00e9m\u00e8re insolite va ouvrir pour la premi\u00e8re fois \u00e0 <a href=\"https:\/\/actu.fr\/auvergne-rhone-alpes\/grenoble_38185\" target=\"_blank\" rel=\"noopener\">Grenoble<\/a>, dans le centre commercial <a href=\"https:\/\/actu.fr\/tag\/centre-commercial-neyrpic\" target=\"_blank\" rel=\"noopener\">Neyrpic<\/a> \u00e0 Saint-Martin-d\u2019H\u00e8res.<br \/>Baptis\u00e9 Football Shirt Vintage, le concept, port\u00e9 par deux collectionneurs ami\u00e9nois propose \u00e0 la vente plus de <strong>4 000 maillots de sport d\u2019\u00e9quipes nationales, clubs europ\u00e9ens, am\u00e9ricains et fran\u00e7ais <\/strong>neufs issus de stocks dormants ou de seconde main.<\/p>\n<p>    <a href=\"https:\/\/www.google.com\/maps\/embed?pb=!1m18!1m12!1m3!1d2812.0664347086945!2d5.753249375922505!3d45.18575140197476!2m3!1f0!2f0!3f0!3m2!1i1024!2i768!4f13.1!3m3!1m2!1s0x478af53901421d0f%3A0xd8e8db19f3fc8a58!2sNeyrpic!5e0!3m2!1sfr!2sfr!4v1764062652738!5m2!1sfr!2sfr\" title=\"Ouvrie le lien\" target=\"_blank\" rel=\"noopener\">Cliquez ici pour visualiser le contenu<\/a><\/p>\n<p>Des maillots des ann\u00e9es 1970 \u00e0 aujourd\u2019hui<\/p>\n<p class=\" wall-content\">Le magasin ouvre juste en face de <a href=\"https:\/\/actu.fr\/auvergne-rhone-alpes\/saint-martin-d-heres_38421\/grenoble-cette-celebre-marque-de-sport-debarque-cette-semaine-a-neyrpic_62915698.html\" target=\"_blank\" rel=\"noopener\">Nike<\/a>, dans l\u2019ancien local de Noir de Monde, mercredi 26 novembre. Il fermera ses portes dimanche 30 novembre au soir.<\/p>\n<p class=\" wall-content\">Le stock \u00e0 disposition est large. \u00ab\u00a0On a du tr\u00e8s ancien, des maillots de foot de la fin des ann\u00e9es 1970 ou celui de l\u2019\u00e9quipe de France dans les ann\u00e9es 1980, jusqu\u2019\u00e0 des mod\u00e8les qui datent de 2-3 ans\u00a0\u00bb, explique Jonathan Petit, l\u2019un des deux g\u00e9rants.<\/p>\n<blockquote class=\"ac-article-quote wall-content\">\n<p>On s&rsquo;adresse au grand public, mais on a des pi\u00e8ces originales et rares. On a, par exemple, des maillots de l&rsquo;\u00e9quipe nationale de Madagascar ou du Vatican. On a quelques maillots port\u00e9s par des joueurs, mais ce n&rsquo;est pas le plus gros du stock.<\/p>\n<p>    <strong>Jonathan Petit<\/strong><br \/>\n        G\u00e9rant de Football Shirt Vintage    <\/p><\/blockquote>\n<p>Les prix d\u00e9marrent \u00e0 30 \u20ac<\/p>\n<p class=\" wall-content\">Outre le foot, le magasin propose \u00e9galement des <strong>maillots de NBA<\/strong>\u00a0en seconde main ou neufs. \u00ab\u00a0Toutes les franchises actuelles sont pr\u00e9sentes\u00a0\u00bb, pr\u00e9cise le g\u00e9rant. Quelques maillots de rugby sont aussi \u00e0 la vente.<\/p>\n<p>Votre r\u00e9gion, votre actu !<\/p>\n<p>Recevez chaque jour les infos qui comptent pour vous.<\/p>\n<p>\t<a href=\"https:\/\/actu.fr\/newsletter\" class=\"ac-btn ac-btn--corner ac-btn--medium ac-btn--blue800\" target=\"_blank\" rel=\"noopener\">S&rsquo;incrire<\/a><\/p>\n<p class=\" wall-content\">Il sera par ailleurs possible d\u2019apporter ses propres maillots de sport et de les proposer \u00e0 la vente sur place.<\/p>\n<p class=\" wall-content\">C\u00f4t\u00e9 prix, \u00ab\u00a0\u00e7a va de 30 \u20ac \u00e0 300 \u20ac pour les plus chers, mais en moyenne, on est plut\u00f4t <strong>autour de 60 \u20ac<\/strong>\u00ab\u00a0, indique Jonathan Petit.<\/p>\n<p>Football Shirt Vintage, centre commercial Neyrpic. Ouverture \u00e9ph\u00e9m\u00e8re du mercredi 26 au dimanche 30 novembre, non-stop de 10 heures \u00e0 20 heures (fermeture \u00e0 19 heures le dimanche).\u00a0<\/p>\n<p class=\" wall-content\">Personnalisez votre actualit\u00e9 en ajoutant vos villes et m\u00e9dias en favori avec <a href=\"https:\/\/moncompte.actu.fr\" title=\"D\u00e9couvez Mon Actu\" rel=\"nofollow noopener\" data-trk=\"{&quot;cta&quot;:{&quot;action&quot;:&quot;https:\\\/\\\/moncompte.actu.fr&quot;,&quot;category&quot;:&quot;mon compte&quot;,&quot;from&quot;:&quot;article footer&quot;,&quot;name&quot;:&quot;Mon actu&quot;,&quot;type&quot;:&quot;cta&quot;}}\" target=\"_blank\">Mon Actu<\/a>.<\/p>\n","protected":false},"excerpt":{"rendered":"Par Lisa Rodrigues Publi\u00e9 le 25 nov. 2025 \u00e0 10h56 La caverne d\u2019Ali Baba pour les fans de&hellip;\n","protected":false},"author":2,"featured_media":557392,"comment_status":"","ping_status":"","sticky":false,"template":"","format":"standard","meta":{"footnotes":""},"categories":[9566],"tags":[1111,11,2430,9577,215,1777,674,1011,27,2731,1305,12,25,517],"class_list":{"0":"post-557391","1":"post","2":"type-post","3":"status-publish","4":"format-standard","5":"has-post-thumbnail","7":"category-grenoble","8":"tag-actu","9":"tag-actualites","10":"tag-auvergne-rhone-alpes","11":"tag-centre-commercial-neyrpic","12":"tag-commerce","13":"tag-eu","14":"tag-europe","15":"tag-fr","16":"tag-france","17":"tag-grenoble","18":"tag-lifestyle","19":"tag-news","20":"tag-republique-francaise","21":"tag-sport"},"share_on_mastodon":{"url":"https:\/\/pubeurope.com\/@fr\/115609837547913172","error":""},"_links":{"self":[{"href":"https:\/\/www.europesays.com\/fr\/wp-json\/wp\/v2\/posts\/557391","targetHints":{"allow":["GET"]}}],"collection":[{"href":"https:\/\/www.europesays.com\/fr\/wp-json\/wp\/v2\/posts"}],"about":[{"href":"https:\/\/www.europesays.com\/fr\/wp-json\/wp\/v2\/types\/post"}],"author":[{"embeddable":true,"href":"https:\/\/www.europesays.com\/fr\/wp-json\/wp\/v2\/users\/2"}],"replies":[{"embeddable":true,"href":"https:\/\/www.europesays.com\/fr\/wp-json\/wp\/v2\/comments?post=557391"}],"version-history":[{"count":0,"href":"https:\/\/www.europesays.com\/fr\/wp-json\/wp\/v2\/posts\/557391\/revisions"}],"wp:featuredmedia":[{"embeddable":true,"href":"https:\/\/www.europesays.com\/fr\/wp-json\/wp\/v2\/media\/557392"}],"wp:attachment":[{"href":"https:\/\/www.europesays.com\/fr\/wp-json\/wp\/v2\/media?parent=557391"}],"wp:term":[{"taxonomy":"category","embeddable":true,"href":"https:\/\/www.europesays.com\/fr\/wp-json\/wp\/v2\/categories?post=557391"},{"taxonomy":"post_tag","embeddable":true,"href":"https:\/\/www.europesays.com\/fr\/wp-json\/wp\/v2\/tags?post=557391"}],"curies":[{"name":"wp","href":"https:\/\/api.w.org\/{rel}","templated":true}]}}