{"id":557394,"date":"2025-11-25T10:22:14","date_gmt":"2025-11-25T10:22:14","guid":{"rendered":"https:\/\/www.europesays.com\/fr\/557394\/"},"modified":"2025-11-25T10:22:14","modified_gmt":"2025-11-25T10:22:14","slug":"rennes-vire-blas-et-fofana-au-mercato-dhiver","status":"publish","type":"post","link":"https:\/\/www.europesays.com\/fr\/557394\/","title":{"rendered":"Rennes vire Blas et Fofana au mercato d&rsquo;hiver"},"content":{"rendered":"<p><b>Titulaires en d\u00e9but de saison, Ludovic Blas et Seko Fofana ne sont plus en odeur de saintet\u00e9 au Stade Rennais. Habib Beye a rel\u00e9gu\u00e9 ses deux anciens cadres sur le banc et leur d\u00e9part cet hiver n\u2019est pas \u00e0 exclure.<\/b><\/p>\n<p>Au sein du jeune effectif du <a href=\"https:\/\/www.foot01.com\/ligue1\/l1-apres-lens-rennes-explose-monaco\" target=\"_self\" rel=\"noopener\">Stade Rennais<\/a>, Seko Fofana et Ludovic Blas devaient faire office de tauliers cette saison. L\u2019ancien capitaine du RC Lens et l\u2019ex-milieu offensif du FC Nantes ont d\u00e9marr\u00e9 le championnat avec ce r\u00f4le sous la houlette d\u2019Habib Beye. Les mauvais r\u00e9sultats se sont n\u00e9anmoins encha\u00een\u00e9s et avant le d\u00e9placement \u00e0 Toulouse le le 29 octobre dernier, l\u2019entra\u00eeneur des Rouge et Noir a effectu\u00e9 un choix fort.<\/p>\n<p>Pourtant sur la sellette, Habib Beye a d\u00e9cid\u00e9 de ne pas convoquer Seko Fofana et Ludovic Blas dans la ville rose. Un choix audacieux\u2026 mais payant puisque depuis, Rennes n\u2019a plus perdu (1 nul, 3 victoires). L\u2019ancien entra\u00eeneur du Red Star a trouv\u00e9 son \u00e9quilibre sans Fofana et Blas, faisant davantage confiance \u00e0 Rongier, Ciss\u00e9, Camara ou encore Al Tamari et Frankowski sur les cinq postes au milieu de terrain. R\u00e9sultat des courses, les d\u00e9parts de Blas et Fofana sont dans les tuyaux.<\/p>\n<p>Une tendance confirm\u00e9e par le site Media Sportif, qui explique que les deux joueurs n\u2019ont plus d\u2019avenir au Stade Rennais, au point qu\u2019un transfert d\u00e8s janvier prochain est dans les tuyaux. En effet, les dirigeants bretons ne retiendront pas Seko Fofana et Ludovic Blas si des offres se pr\u00e9sentent. En ce qui concerne l\u2019international ivoirien (26 s\u00e9lections) pass\u00e9 par Lens, l\u2019id\u00e9e est de se s\u00e9parer d\u2019un \u00e9norme salaire alors que son contrat court jusqu\u2019en juin 2029. Seuls des clubs anglais ou saoudiens pourront assumer ses \u00e9moluments et Rennes a bien conscience qu\u2019il sera difficile de le faire partir.<\/p>\n<p>En ce qui concerne Ludovic Blas en revanche, les clubs int\u00e9ress\u00e9s devraient \u00eatre plus nombreux. Son salaire est plus correct et son contrat courant jusqu\u2019en 2027, Rennes souhaite le vendre afin d\u2019\u00e9viter un d\u00e9part libre dans un an et demi. Arnaud Pouille esp\u00e8re r\u00e9cup\u00e9rer au moins les 15 millions d\u2019euros investis en 2023 pour le faire venir de Nantes. Quoi qu\u2019il en soit, les deux joueurs ne sont plus dans les petits papiers d\u2019Habib Beye et sont par cons\u00e9quent vivement invit\u00e9s \u00e0 se trouver un point de chute au <a href=\"https:\/\/www.foot01.com\/mercato\" title=\"Mercato\" target=\"_blank\" rel=\"noopener\">mercato<\/a> hivernal.<\/p>\n","protected":false},"excerpt":{"rendered":"Titulaires en d\u00e9but de saison, Ludovic Blas et Seko Fofana ne sont plus en odeur de saintet\u00e9 au&hellip;\n","protected":false},"author":2,"featured_media":557395,"comment_status":"","ping_status":"","sticky":false,"template":"","format":"standard","meta":{"footnotes":""},"categories":[2821],"tags":[1111,11,829,1777,674,1011,27,66,1434,12,584,25],"class_list":{"0":"post-557394","1":"post","2":"type-post","3":"status-publish","4":"format-standard","5":"has-post-thumbnail","7":"category-rennes","8":"tag-actu","9":"tag-actualites","10":"tag-bretagne","11":"tag-eu","12":"tag-europe","13":"tag-fr","14":"tag-france","15":"tag-ligue-1","16":"tag-mercato","17":"tag-news","18":"tag-rennes","19":"tag-republique-francaise"},"share_on_mastodon":{"url":"https:\/\/pubeurope.com\/@fr\/115609845394698617","error":""},"_links":{"self":[{"href":"https:\/\/www.europesays.com\/fr\/wp-json\/wp\/v2\/posts\/557394","targetHints":{"allow":["GET"]}}],"collection":[{"href":"https:\/\/www.europesays.com\/fr\/wp-json\/wp\/v2\/posts"}],"about":[{"href":"https:\/\/www.europesays.com\/fr\/wp-json\/wp\/v2\/types\/post"}],"author":[{"embeddable":true,"href":"https:\/\/www.europesays.com\/fr\/wp-json\/wp\/v2\/users\/2"}],"replies":[{"embeddable":true,"href":"https:\/\/www.europesays.com\/fr\/wp-json\/wp\/v2\/comments?post=557394"}],"version-history":[{"count":0,"href":"https:\/\/www.europesays.com\/fr\/wp-json\/wp\/v2\/posts\/557394\/revisions"}],"wp:featuredmedia":[{"embeddable":true,"href":"https:\/\/www.europesays.com\/fr\/wp-json\/wp\/v2\/media\/557395"}],"wp:attachment":[{"href":"https:\/\/www.europesays.com\/fr\/wp-json\/wp\/v2\/media?parent=557394"}],"wp:term":[{"taxonomy":"category","embeddable":true,"href":"https:\/\/www.europesays.com\/fr\/wp-json\/wp\/v2\/categories?post=557394"},{"taxonomy":"post_tag","embeddable":true,"href":"https:\/\/www.europesays.com\/fr\/wp-json\/wp\/v2\/tags?post=557394"}],"curies":[{"name":"wp","href":"https:\/\/api.w.org\/{rel}","templated":true}]}}