{"id":557398,"date":"2025-11-25T10:24:24","date_gmt":"2025-11-25T10:24:24","guid":{"rendered":"https:\/\/www.europesays.com\/fr\/557398\/"},"modified":"2025-11-25T10:24:24","modified_gmt":"2025-11-25T10:24:24","slug":"lourde-peine-confirmee-en-appel","status":"publish","type":"post","link":"https:\/\/www.europesays.com\/fr\/557398\/","title":{"rendered":"lourde peine confirm\u00e9e en appel"},"content":{"rendered":"<p class=\"rev-margin-0 rev-text-xs-normal\">Des pompiers devant un immeuble endommag\u00e9 par un incendie, le 277 f\u00e9vrier 2020 \u00e0 Strasbourg<\/p>\n<p class=\"rev-margin-0 rev-text-xs-bold\">PHOTO AFP \/ Patrick HERTZOG<\/p>\n<p>La peine inflig\u00e9e lundi soir \u00e0 Sassoun Azarian par la cour d&rsquo;assises d&rsquo;appel du Haut-Rhin est conforme \u00e0 celle prononc\u00e9e en premi\u00e8re instance en septembre 2023 par la cour d&rsquo;assises du Bas-Rhin.<\/p>\n<p>Son co-accus\u00e9, Munasar Ali Abdullahi, 27 ans, a \u00e9t\u00e9 acquitt\u00e9 des charges d&rsquo;incendie volontaire mais condamn\u00e9 pour non assistance \u00e0 personne en danger \u00e0 cinq ans de prison ferme, la peine maximale. Une peine alourdie de six mois par rapport au verdict de 2023.<\/p>\n<p>La cour a ordonn\u00e9 un mandat de d\u00e9p\u00f4t diff\u00e9r\u00e9, ce qui signifie que Munasar Ali Abdullahi est pour l&rsquo;instant libre mais sera convoqu\u00e9 pour \u00eatre incarc\u00e9r\u00e9.<\/p>\n<p>\u00ab\u00a0Je suis satisfait qu&rsquo;il ait \u00e9t\u00e9 acquitt\u00e9 des charges d&rsquo;incendie volontaire mais il ne me semble pas opportun qu&rsquo;il retourne en d\u00e9tention\u00a0\u00bb, a d\u00e9clar\u00e9 \u00e0 l&rsquo;AFP son avocat, Me Micha\u00ebl Wacquez, qui compte d\u00e9poser une demande d&rsquo;am\u00e9nagement de cette peine.<\/p>\n<p><img alt=\"un pompier inspecte un immeuble endommag\u00e9 par un incendie, le 27 f\u00e9vrier 2020 \u00e0 Strasbourg\" loading=\"lazy\" decoding=\"async\" data-nimg=\"fill\" class=\" TwicCore_img__i9TC1 undefined  undefined\" style=\"position:absolute;height:100%;width:100%;left:0;top:0;right:0;bottom:0;color:transparent;background-size:cover;background-position:50% 50%;background-repeat:no-repeat;background-image:url(&quot;data:image\/svg+xml;charset=utf-8,%3Csvg xmlns='http:\/\/www.w3.org\/2000\/svg' %3E%3Cfilter id='b' color-interpolation-filters='sRGB'%3E%3CfeGaussianBlur stdDeviation='20'\/%3E%3CfeColorMatrix values='1 0 0 0 0 0 1 0 0 0 0 0 1 0 0 0 0 0 100 -1' result='s'\/%3E%3CfeFlood x='0' y='0' width='100%25' height='100%25'\/%3E%3CfeComposite operator='out' in='s'\/%3E%3CfeComposite in2='SourceGraphic'\/%3E%3CfeGaussianBlur stdDeviation='20'\/%3E%3C\/filter%3E%3Cimage width='100%25' height='100%25' x='0' y='0' preserveAspectRatio='none' style='filter: url(%23b);' href='https:\/\/pictures.laprovence.com\/cdn-cgi\/image\/blur=250\/media\/afp\/00ce96dfb1a8aec119a60a8f407ef7ea41bd18d6.jpg'\/%3E%3C\/svg%3E&quot;)\"   src=\"https:\/\/www.europesays.com\/fr\/wp-content\/uploads\/2025\/11\/00ce96dfb1a8aec119a60a8f407ef7ea41bd18d6.jpg\"\/>un pompier inspecte un immeuble endommag\u00e9 par un incendie, le 27 f\u00e9vrier 2020 \u00e0 Strasbourg PHOTO AFP \/ Patrick HERTZOG<\/p>\n<p>Dans la nuit du 26 au 27 f\u00e9vrier 2020, vers 01H00 du matin, les flammes s&rsquo;\u00e9taient rapidement propag\u00e9es dans l&rsquo;immeuble de sept \u00e9tages de la rue de Barr, dans le quartier de la gare \u00e0 Strasbourg. Le feu avait mobilis\u00e9 pas moins de 48 sapeurs-pompiers et 23 v\u00e9hicules.<\/p>\n<p>Les secours avaient compt\u00e9 sept bless\u00e9s et cinq morts: une retrait\u00e9e de 68 ans, une interne en m\u00e9decine de 25 ans, un cariste de 45 ans, un jeune homme de 29 ans, et un \u00e9tudiant togolais de 25 ans.<\/p>\n","protected":false},"excerpt":{"rendered":"Des pompiers devant un immeuble endommag\u00e9 par un incendie, le 277 f\u00e9vrier 2020 \u00e0 Strasbourg PHOTO AFP \/&hellip;\n","protected":false},"author":2,"featured_media":557399,"comment_status":"","ping_status":"","sticky":false,"template":"","format":"standard","meta":{"footnotes":""},"categories":[2820],"tags":[17,1111,11,3216,1446,1777,674,1011,27,329,775,1310,30724,5184,12,6191,25,640],"class_list":{"0":"post-557398","1":"post","2":"type-post","3":"status-publish","4":"format-standard","5":"has-post-thumbnail","7":"category-strasbourg","8":"tag-17","9":"tag-actu","10":"tag-actualites","11":"tag-cinq","12":"tag-dans","13":"tag-eu","14":"tag-europe","15":"tag-fr","16":"tag-france","17":"tag-france-monde","18":"tag-grand-est","19":"tag-incendie","20":"tag-lourde","21":"tag-morts","22":"tag-news","23":"tag-peine","24":"tag-republique-francaise","25":"tag-strasbourg"},"share_on_mastodon":{"url":"https:\/\/pubeurope.com\/@fr\/115609854430509358","error":""},"_links":{"self":[{"href":"https:\/\/www.europesays.com\/fr\/wp-json\/wp\/v2\/posts\/557398","targetHints":{"allow":["GET"]}}],"collection":[{"href":"https:\/\/www.europesays.com\/fr\/wp-json\/wp\/v2\/posts"}],"about":[{"href":"https:\/\/www.europesays.com\/fr\/wp-json\/wp\/v2\/types\/post"}],"author":[{"embeddable":true,"href":"https:\/\/www.europesays.com\/fr\/wp-json\/wp\/v2\/users\/2"}],"replies":[{"embeddable":true,"href":"https:\/\/www.europesays.com\/fr\/wp-json\/wp\/v2\/comments?post=557398"}],"version-history":[{"count":0,"href":"https:\/\/www.europesays.com\/fr\/wp-json\/wp\/v2\/posts\/557398\/revisions"}],"wp:featuredmedia":[{"embeddable":true,"href":"https:\/\/www.europesays.com\/fr\/wp-json\/wp\/v2\/media\/557399"}],"wp:attachment":[{"href":"https:\/\/www.europesays.com\/fr\/wp-json\/wp\/v2\/media?parent=557398"}],"wp:term":[{"taxonomy":"category","embeddable":true,"href":"https:\/\/www.europesays.com\/fr\/wp-json\/wp\/v2\/categories?post=557398"},{"taxonomy":"post_tag","embeddable":true,"href":"https:\/\/www.europesays.com\/fr\/wp-json\/wp\/v2\/tags?post=557398"}],"curies":[{"name":"wp","href":"https:\/\/api.w.org\/{rel}","templated":true}]}}