{"id":557400,"date":"2025-11-25T10:25:16","date_gmt":"2025-11-25T10:25:16","guid":{"rendered":"https:\/\/www.europesays.com\/fr\/557400\/"},"modified":"2025-11-25T10:25:16","modified_gmt":"2025-11-25T10:25:16","slug":"sortie-cagnes-sur-mer-dimanche-30-novembre-2025-film-danimation-arco","status":"publish","type":"post","link":"https:\/\/www.europesays.com\/fr\/557400\/","title":{"rendered":"Sortie Cagnes sur Mer | Dimanche 30 novembre 2025 : Film d&rsquo;animation Arco"},"content":{"rendered":"<p>Projection au cin\u00e9ma Espace Centre<\/p>\n<p>Le Cin\u00e9ma Espace Centre organise dimanche 30 novembre \u00e0 17h une projection exceptionnelle du film d\u2019animation Arco r\u00e9alis\u00e9 par Ugo Bienvenu, auteur BDiste \u00e0 succ\u00e8s. Ce premier long-m\u00e9trage nous plonge dans l\u2019univers de la science-fiction, un univers tr\u00e8s color\u00e9 avec des th\u00e8mes profonds comme l\u2019\u00e9cologie ou l\u2019avanc\u00e9e technologique.<\/p>\n<p>Le film a d\u00e9croch\u00e9 le Cristal du long m\u00e9trage au Festival d\u2019Annecy 2025 et b\u00e9n\u00e9ficie d\u2019excellentes critiques. Con\u00e7u pour un public d\u00e8s 8 ans, il saura \u00e9galement s\u00e9duire les adolescents, les jeunes adultes et au-del\u00e0.<\/p>\n<p>En 2075, une petite fille de 10 ans, Iris, voit un myst\u00e9rieux gar\u00e7on v\u00eatu d\u2019une combinaison arc-en-ciel tomber du ciel. C\u2019est Arco. Il vient d\u2019un futur lointain et idyllique o\u00f9 voyager dans le temps est possible. Iris le recueille et va l\u2019aider par tous les moyens \u00e0 rentrer chez lui.<\/p>\n<p>Tarifs : 4\u20ac moins de 14 ans ; 6 \u20ac adultes et + 14 ans<\/p>\n<p>&#13;<br \/>\n\t\t\t\t Post Views: 23&#13;\n\t\t\t<\/p>\n<p>Tarif : 6 \u20ac<\/p>\n<p><strong>\u00c0 17h00<\/strong><\/p>\n<p><strong>Cin\u00e9ma Espace Centre<\/strong><br \/>5 avenue de Verdun<br \/>06800 Cagnes-sur-Mer<br \/>T\u00e9l\u00e9phone : 07 88 43 97 08<\/p>\n","protected":false},"excerpt":{"rendered":"Projection au cin\u00e9ma Espace Centre Le Cin\u00e9ma Espace Centre organise dimanche 30 novembre \u00e0 17h une projection exceptionnelle&hellip;\n","protected":false},"author":2,"featured_media":557401,"comment_status":"","ping_status":"","sticky":false,"template":"","format":"standard","meta":{"footnotes":""},"categories":[2819],"tags":[1111,11,10583,1777,674,1011,27,12,2401,882,25],"class_list":{"0":"post-557400","1":"post","2":"type-post","3":"status-publish","4":"format-standard","5":"has-post-thumbnail","7":"category-nice","8":"tag-actu","9":"tag-actualites","10":"tag-cagnes-sur-mer","11":"tag-eu","12":"tag-europe","13":"tag-fr","14":"tag-france","15":"tag-news","16":"tag-nice","17":"tag-provence-alpes-cote-dazur","18":"tag-republique-francaise"},"share_on_mastodon":{"url":"https:\/\/pubeurope.com\/@fr\/115609857277880549","error":""},"_links":{"self":[{"href":"https:\/\/www.europesays.com\/fr\/wp-json\/wp\/v2\/posts\/557400","targetHints":{"allow":["GET"]}}],"collection":[{"href":"https:\/\/www.europesays.com\/fr\/wp-json\/wp\/v2\/posts"}],"about":[{"href":"https:\/\/www.europesays.com\/fr\/wp-json\/wp\/v2\/types\/post"}],"author":[{"embeddable":true,"href":"https:\/\/www.europesays.com\/fr\/wp-json\/wp\/v2\/users\/2"}],"replies":[{"embeddable":true,"href":"https:\/\/www.europesays.com\/fr\/wp-json\/wp\/v2\/comments?post=557400"}],"version-history":[{"count":0,"href":"https:\/\/www.europesays.com\/fr\/wp-json\/wp\/v2\/posts\/557400\/revisions"}],"wp:featuredmedia":[{"embeddable":true,"href":"https:\/\/www.europesays.com\/fr\/wp-json\/wp\/v2\/media\/557401"}],"wp:attachment":[{"href":"https:\/\/www.europesays.com\/fr\/wp-json\/wp\/v2\/media?parent=557400"}],"wp:term":[{"taxonomy":"category","embeddable":true,"href":"https:\/\/www.europesays.com\/fr\/wp-json\/wp\/v2\/categories?post=557400"},{"taxonomy":"post_tag","embeddable":true,"href":"https:\/\/www.europesays.com\/fr\/wp-json\/wp\/v2\/tags?post=557400"}],"curies":[{"name":"wp","href":"https:\/\/api.w.org\/{rel}","templated":true}]}}