{"id":557402,"date":"2025-11-25T10:26:19","date_gmt":"2025-11-25T10:26:19","guid":{"rendered":"https:\/\/www.europesays.com\/fr\/557402\/"},"modified":"2025-11-25T10:26:19","modified_gmt":"2025-11-25T10:26:19","slug":"le-festival-sacree-musique-dans-les-eglises-des-alpes-maritimes-et-de-monaco","status":"publish","type":"post","link":"https:\/\/www.europesays.com\/fr\/557402\/","title":{"rendered":"Le festival Sacr\u00e9e Musique dans les \u00e9glises des Alpes-Maritimes et de Monaco"},"content":{"rendered":"<p>Sacr\u00e9e Musique Illumine le Sud. derri\u00e8re ce nom, des concerts \u00e0 la bougie qui ont lieu du 28 novembre au 7 d\u00e9cembre dans notre r\u00e9gion Provence-Alpes C\u00f4te d&rsquo;Azur et plus particuli\u00e8rement du mercredi 3 d\u00e9cembre au dimanche 7 d\u00e9cembre dans les Alpes-Maritimes et la Principaut\u00e9 de Monaco.<\/p>\n<p>Sacr\u00e9e Musique, c&rsquo;est quoi ?<\/p>\n<p>Ma\u00eblle Coumert, charg\u00e9e de production \u00e9v\u00e9nementiel chez Sacr\u00e9e Musique et Pierre Peuchot, en charge de l&rsquo;organisation des concerts nous donnent les explications:\u00a0<\/p>\n<p>\u00ab\u00a0Sacr\u00e9e Musique, c&rsquo;est une association qui organise des concerts de <strong>musique sacr\u00e9e<\/strong> dans de belles \u00e9glises. le patrimoine religieux est ainsi illumin\u00e9 \u00e0 la bougie. L&rsquo;objectif du festival, c&rsquo;est de <strong>valoriser \u00e0 la fois le patrimoine<\/strong> et <strong>la belle musique<\/strong> aupr\u00e8s du grand public\u00a0\u00bb. En chiffre, c&rsquo;est 40 concerts dans 30 villes de la R\u00e9gion et 15 000 spectateurs attendus.<\/p>\n<p>Pourquoi un concert \u00e0 la bougie ?\u00a0<\/p>\n<p>\u00ab\u00a0Pour montrer la beaut\u00e9 des lieux dans lesquels on organise nos concerts\u00a0\u00bb. Les lieux sont les suivants:\u00a0<\/p>\n<ul>\n<li>La Basilique Saint-Michel Archange de Menton<\/li>\n<li>L&rsquo;\u00e9glise Notre-Dame de Bon Voyage \u00e0 Cannes<\/li>\n<li>L&rsquo;\u00e9glise Notre-Dame du Port \u00e0 Nice<\/li>\n<li>L&rsquo;\u00e9glise Saint-Charles de Monaco<\/li>\n<\/ul>\n<p>Mais la bougie, c&rsquo;est aussi pour \u00ab\u00a0donner une ambiance de recueillement en \u00e9coutant le concert de musique sacr\u00e9e\u00a0\u00bb.<\/p>\n<p>Dynamiser les paroisses<\/p>\n<p>Sacr\u00e9e Musique \u00ab\u00a0c&rsquo;est vraiment montrer le dynamisme de chaque paroisse, qu&rsquo;elle s&rsquo;investisse aussi dans un projet collectif avec nous\u00a0\u00bb et ainsi \u00ab\u00a0accueillir un large public pour les concerts\u00a0\u00bb.\u00a0<\/p>\n<p><img loading=\"lazy\" decoding=\"async\" data-entity-uuid=\"68c3137c-4e2f-4e3f-b460-3d3b09e12248\" data-entity-type=\"file\" src=\"https:\/\/www.europesays.com\/fr\/wp-content\/uploads\/2025\/11\/ensemble-nice.jpg\" width=\"1040\" height=\"394\"\/>Quels styles musicaux ?<\/p>\n<p>\u00ab\u00a0La musique sacr\u00e9e, c&rsquo;est de la musique pour \u00e9lever l&rsquo;\u00e2me, et prier. Mais c&rsquo;est un style qui est tr\u00e8s large. Donc, il y a beaucoup de classiques, mais il y a aussi du gospel\u00a0\u00bb. Dans les Alpes-Maritimes et \u00e0 Monaco on retrouve:\u00a0<\/p>\n<ul>\n<li><strong>Les Voix Anim\u00e9es<\/strong>: des polyphonies a cappella \u00e0 6 voix &#8211; Mercredi 3 d\u00e9cembre \u00e0 20h \u00e0 Menton (Basilique). Samedi 6 d\u00e9cembre \u00e0 20h \u00e0 Nice (N-D du Port).<\/li>\n<li><strong>Philokalia<\/strong>: Sous la direction de S\u0153ur Marana, le ch\u0153ur maronite Philokalia vient tout sp\u00e9cialement du Liban avec un programme autour de la paix, reliant orient et occident, musique arabe et musique classique. &#8211; Mercredi 3 d\u00e9cembre \u00e0 Cannes \u00e0 20h (Bon-Voyage) et Dimanche 7 d\u00e9cembre \u00e0 16h30 \u00e0 Monaco (Saint-Charles). <\/li>\n<li><strong>Ensemble \u00d4<\/strong>: Les \u00ab\u00a0Ave Maria\u00a0\u00bb des quatre coins du monde. &#8211; Jeudi 4 d\u00e9cembre \u00e0 20h \u00e0 Nice (N-D du Port). <\/li>\n<li><strong>Gospel Philharmonic Experience<\/strong>: \u00a0Les anciens negro-spirituals nous transmettent la foi et l\u2019esp\u00e9rance des esclaves dans les champs de coton, les nouveaux gospel nous transportent dans la joie intense de la libert\u00e9 retrouv\u00e9e. Une exp\u00e9rience saisissante. &#8211; Vendredi 5 d\u00e9cembre \u00e0 20h \u00e0 Nice (N-D du Port)<\/li>\n<\/ul>\n<p>Et le prix ?\u00a0<\/p>\n<p>Modique: entre 10 et 35 euros le concert en fonction de la cat\u00e9gorie.\u00a0<\/p>\n<p>Toute la programmation est disponible sur <a href=\"https:\/\/sacreemusique.com\/sud\/\" target=\"_blank\" rel=\"noopener\">sacreemusique.com\/sud\/<\/a><\/p>\n","protected":false},"excerpt":{"rendered":"Sacr\u00e9e Musique Illumine le Sud. derri\u00e8re ce nom, des concerts \u00e0 la bougie qui ont lieu du 28&hellip;\n","protected":false},"author":2,"featured_media":557403,"comment_status":"","ping_status":"","sticky":false,"template":"","format":"standard","meta":{"footnotes":""},"categories":[2819],"tags":[1111,11,1777,674,1011,27,12,2401,882,25],"class_list":{"0":"post-557402","1":"post","2":"type-post","3":"status-publish","4":"format-standard","5":"has-post-thumbnail","7":"category-nice","8":"tag-actu","9":"tag-actualites","10":"tag-eu","11":"tag-europe","12":"tag-fr","13":"tag-france","14":"tag-news","15":"tag-nice","16":"tag-provence-alpes-cote-dazur","17":"tag-republique-francaise"},"share_on_mastodon":{"url":"https:\/\/pubeurope.com\/@fr\/115609861899583923","error":""},"_links":{"self":[{"href":"https:\/\/www.europesays.com\/fr\/wp-json\/wp\/v2\/posts\/557402","targetHints":{"allow":["GET"]}}],"collection":[{"href":"https:\/\/www.europesays.com\/fr\/wp-json\/wp\/v2\/posts"}],"about":[{"href":"https:\/\/www.europesays.com\/fr\/wp-json\/wp\/v2\/types\/post"}],"author":[{"embeddable":true,"href":"https:\/\/www.europesays.com\/fr\/wp-json\/wp\/v2\/users\/2"}],"replies":[{"embeddable":true,"href":"https:\/\/www.europesays.com\/fr\/wp-json\/wp\/v2\/comments?post=557402"}],"version-history":[{"count":0,"href":"https:\/\/www.europesays.com\/fr\/wp-json\/wp\/v2\/posts\/557402\/revisions"}],"wp:featuredmedia":[{"embeddable":true,"href":"https:\/\/www.europesays.com\/fr\/wp-json\/wp\/v2\/media\/557403"}],"wp:attachment":[{"href":"https:\/\/www.europesays.com\/fr\/wp-json\/wp\/v2\/media?parent=557402"}],"wp:term":[{"taxonomy":"category","embeddable":true,"href":"https:\/\/www.europesays.com\/fr\/wp-json\/wp\/v2\/categories?post=557402"},{"taxonomy":"post_tag","embeddable":true,"href":"https:\/\/www.europesays.com\/fr\/wp-json\/wp\/v2\/tags?post=557402"}],"curies":[{"name":"wp","href":"https:\/\/api.w.org\/{rel}","templated":true}]}}