{"id":557406,"date":"2025-11-25T10:28:34","date_gmt":"2025-11-25T10:28:34","guid":{"rendered":"https:\/\/www.europesays.com\/fr\/557406\/"},"modified":"2025-11-25T10:28:34","modified_gmt":"2025-11-25T10:28:34","slug":"fc-nantes-coup-de-tonnerre-pour-lavenir-de-luis-castro","status":"publish","type":"post","link":"https:\/\/www.europesays.com\/fr\/557406\/","title":{"rendered":"FC Nantes : coup de tonnerre pour l\u2019avenir de Luis Castro !\u00a0"},"content":{"rendered":"<p><strong>Malgr\u00e9 des rumeurs de d\u00e9part, Luis Castro ne serait pas menac\u00e9 \u00e0 court terme, mais sa cr\u00e9dibilit\u00e9 est entam\u00e9e sur le banc du <a href=\"https:\/\/www.butfootballclub.fr\/1630688-fc-nantes-kita-prend-une-decision-forte-elle-ne-concerne-pas-castro\/\" target=\"_blank\" rel=\"noopener\">FC Nantes<\/a>.\u00a0<\/strong><\/p>\n<p>Le calme apparent cache une vraie tension en interne. Apr\u00e8s une s\u00e9rie Metz \u2013 Le Havre \u2013 Lorient particuli\u00e8rement d\u00e9cevante, Luis Castro voit sa situation se fragiliser au FC Nantes.\u00a0Selon L\u2019\u00c9quipe, l\u2019entra\u00eeneur portugais ne serait pas sur la sellette imm\u00e9diate malgr\u00e9 les rumeurs de d\u00e9part \u00e9voqu\u00e9es hier par <a href=\"https:\/\/www.butfootballclub.fr\/1630753-fc-nantes-le-sort-de-luis-castro-serait-scelle\/\" target=\"_blank\" rel=\"noopener\">Ouest-France<\/a>. <\/p>\n<p>Mais une chose est claire : le cr\u00e9dit de Castro s\u2019est fortement \u00e9rod\u00e9 en interne. Le probl\u00e8me ne tient pas seulement aux r\u00e9sultats, mais \u00e9galement aux choix tactiques qui interrogeraient de plus en plus dans le giron du club. <\/p>\n<p>Pourquoi maintenir ce 4-3-3 lisible par tous ?\u00a0<\/p>\n<p>Le 4-3-3, rigidement conserv\u00e9 malgr\u00e9 son manque d\u2019efficacit\u00e9, est d\u00e9sormais clairement analys\u00e9 par les adversaires. Et certaines options perturbent m\u00eame au sein du club. Pourquoi maintenir une sentinelle si basse en phase d\u00e9fensive, coupant parfois le bloc en deux ? Pourquoi positionner des relayeurs si haut lors des sorties de balle, au risque de laisser des espaces b\u00e9ants en transition adverse ?\u00a0<\/p>\n<p>Autant de questions qui alimentent le scepticisme autour de Castro, dont les r\u00e9ponses tardent \u00e0 se voir sur le terrain. Pas en danger imm\u00e9diat, certes. Mais si les r\u00e9sultats ne s\u2019am\u00e9liorent pas rapidement, la r\u00e9flexion pourrait vite prendre une tournure plus radicale. Le <a href=\"https:\/\/www.butfootballclub.fr\/1630662-fc-nantes-yassine-benhattab-vers-la-sortie-apres-avoir-ete-mis-au-placard-par-luis-castro\/\" target=\"_blank\" rel=\"noopener\">FC Nantes<\/a> a encore du temps, mais plus vraiment le luxe d\u2019attendre.<\/p>\n","protected":false},"excerpt":{"rendered":"Malgr\u00e9 des rumeurs de d\u00e9part, Luis Castro ne serait pas menac\u00e9 \u00e0 court terme, mais sa cr\u00e9dibilit\u00e9 est&hellip;\n","protected":false},"author":2,"featured_media":557407,"comment_status":"","ping_status":"","sticky":false,"template":"","format":"standard","meta":{"footnotes":""},"categories":[2818],"tags":[1111,11,448,1777,674,63,1011,27,66,3388,766,12,2636,25,10662],"class_list":{"0":"post-557406","1":"post","2":"type-post","3":"status-publish","4":"format-standard","5":"has-post-thumbnail","7":"category-nantes","8":"tag-actu","9":"tag-actualites","10":"tag-champions-league","11":"tag-eu","12":"tag-europe","13":"tag-football","14":"tag-fr","15":"tag-france","16":"tag-ligue-1","17":"tag-matchs","18":"tag-nantes","19":"tag-news","20":"tag-pays-de-la-loire","21":"tag-republique-francaise","22":"tag-transferts"},"share_on_mastodon":{"url":"https:\/\/pubeurope.com\/@fr\/115609869127817031","error":""},"_links":{"self":[{"href":"https:\/\/www.europesays.com\/fr\/wp-json\/wp\/v2\/posts\/557406","targetHints":{"allow":["GET"]}}],"collection":[{"href":"https:\/\/www.europesays.com\/fr\/wp-json\/wp\/v2\/posts"}],"about":[{"href":"https:\/\/www.europesays.com\/fr\/wp-json\/wp\/v2\/types\/post"}],"author":[{"embeddable":true,"href":"https:\/\/www.europesays.com\/fr\/wp-json\/wp\/v2\/users\/2"}],"replies":[{"embeddable":true,"href":"https:\/\/www.europesays.com\/fr\/wp-json\/wp\/v2\/comments?post=557406"}],"version-history":[{"count":0,"href":"https:\/\/www.europesays.com\/fr\/wp-json\/wp\/v2\/posts\/557406\/revisions"}],"wp:featuredmedia":[{"embeddable":true,"href":"https:\/\/www.europesays.com\/fr\/wp-json\/wp\/v2\/media\/557407"}],"wp:attachment":[{"href":"https:\/\/www.europesays.com\/fr\/wp-json\/wp\/v2\/media?parent=557406"}],"wp:term":[{"taxonomy":"category","embeddable":true,"href":"https:\/\/www.europesays.com\/fr\/wp-json\/wp\/v2\/categories?post=557406"},{"taxonomy":"post_tag","embeddable":true,"href":"https:\/\/www.europesays.com\/fr\/wp-json\/wp\/v2\/tags?post=557406"}],"curies":[{"name":"wp","href":"https:\/\/api.w.org\/{rel}","templated":true}]}}