{"id":557408,"date":"2025-11-25T10:29:19","date_gmt":"2025-11-25T10:29:19","guid":{"rendered":"https:\/\/www.europesays.com\/fr\/557408\/"},"modified":"2025-11-25T10:29:19","modified_gmt":"2025-11-25T10:29:19","slug":"le-salon-bordelais-qui-sublime-tes-boucles-a-prix-unique","status":"publish","type":"post","link":"https:\/\/www.europesays.com\/fr\/557408\/","title":{"rendered":"le salon bordelais qui sublime tes boucles \u00e0 prix unique"},"content":{"rendered":"<p>Si tu cherches un endroit o\u00f9 tes cheveux boucl\u00e9s sont enfin compris et choy\u00e9s, note cette adresse : <a href=\"https:\/\/labelleboucle.fr\/pages\/boutique\/le-studio-de-bordeaux?srsltid=AfmBOoq6ftORwXMIfZjlDJGg6erv1gOXPDMYAPmlRixCQ_0_BSah7BXJ\" target=\"_blank\" rel=\"noreferrer noopener\">La Belle Boucle Studio<\/a>, au c\u0153ur des All\u00e9es de Tourny, ouvre ses portes \u00e0 Bordeaux pour r\u00e9v\u00e9ler la meilleure version de tes boucles, et ce, \u00e0 prix unique.<\/p>\n<p>Un salon pens\u00e9 pour tes cheveux textur\u00e9s<\/p>\n<p>Ici, pas de brushing forc\u00e9, pas de permanente, pas de wavy artificiel : l\u2019objectif est clair, ambitieux et unique sur Bordeaux. Fond\u00e9 pour valoriser les cheveux ondul\u00e9s, boucl\u00e9s, fris\u00e9s ou cr\u00e9pus, <strong>La Belle Boucle<\/strong> combine salon et boutique sp\u00e9cialis\u00e9e. Le studio t\u2019accueille dans un cocon aux teintes terracotta, doux et chaleureux, o\u00f9 chaque d\u00e9tail est pens\u00e9 pour ton confort et celui de ta chevelure.<\/p>\n<p><img fetchpriority=\"high\" decoding=\"async\" width=\"1024\" height=\"577\" src=\"https:\/\/www.europesays.com\/fr\/wp-content\/uploads\/2025\/11\/image-218-1024x577.png\" alt=\"\" class=\"wp-image-86766\" style=\"width:712px;height:auto\"  \/>La Belle Boucle valorise cheveux boucl\u00e9s dans un salon-boutique chaleureux, naturel, sans brushing ni artifices. \u00a9La Belle Boucle<\/p>\n<p>Une approche p\u00e9dagogique et personnalis\u00e9e<\/p>\n<p>Chaque rendez-vous dure <strong>1h30<\/strong>, pour un tarif unique de <strong>95\u20ac<\/strong>. Avant toute coupe, un diagnostic pr\u00e9cis est r\u00e9alis\u00e9 : observation de la texture, analyse des besoins, conseils adapt\u00e9s. La s\u00e9ance inclut ensuite lavage, soin, coiffage et surtout, un v\u00e9ritable <strong>cours particulier<\/strong> pour que tu reproduises la routine chez toi. \u00c0 la fin, tu repars avec une <strong>fiche personnalis\u00e9e de tes boucles<\/strong>, ton guide maison pour entretenir ta chevelure au quotidien.<\/p>\n<p><img loading=\"lazy\" decoding=\"async\" width=\"1024\" height=\"1024\" src=\"https:\/\/www.europesays.com\/fr\/wp-content\/uploads\/2025\/11\/image-220.png\" alt=\"\" class=\"wp-image-86768\" style=\"width:674px;height:auto\"  \/>Chaque rendez-vous d\u20191h30 \u00e0 95\u20ac inclut diagnostic, coupe, soin, coiffage et conseils personnalis\u00e9s \u00e0 domicile. \u00a9BB Joh<\/p>\n<p>Produits naturels et expertise certifi\u00e9e<\/p>\n<p>Le salon propose plus de <strong>450 r\u00e9f\u00e9rences de produits naturels<\/strong>, incluant sa propre gamme et des marques comme <strong>Les Secrets de Loly<\/strong>. Les coiffeurs sont tous form\u00e9s \u00e0 la m\u00e9thode signature, tandis que les conseillers en boutique t\u2019accompagnent pour choisir les soins adapt\u00e9s.<\/p>\n<p><img loading=\"lazy\" decoding=\"async\" width=\"1024\" height=\"384\" src=\"https:\/\/www.europesays.com\/fr\/wp-content\/uploads\/2025\/11\/image-222-1024x384.png\" alt=\"\" class=\"wp-image-86770\" style=\"width:820px;height:auto\"  \/>Le salon offre 450 produits naturels, sa propre gamme et Les Secrets de Loly, avec conseils experts. \u00a9La Belle Boucle<\/p>\n<p>Une marque en pleine expansion<\/p>\n<p>Fond\u00e9e par <strong>Laureen<\/strong>, <strong>La Belle Boucle<\/strong> compte d\u00e9j\u00e0 neuf salons en France, et Bordeaux s\u2019impose comme une \u00e9tape cl\u00e9 pour les amoureux du naturel. Ici, tes boucles ne sont pas seulement coiff\u00e9es, elles sont <strong>comprises, respect\u00e9es et sublim\u00e9es<\/strong>.<\/p>\n<p><strong>Infos pratiques :<\/strong> 42, all\u00e9es de Tourny, Bordeaux. Lundi-samedi : 10h-19h. R\u00e9servation sur <a href=\"https:\/\/www.planity.com\/la-belle-boucle-studio-bordeaux-33000\" target=\"_blank\" rel=\"noreferrer noopener\">Planity <\/a>ou par t\u00e9l\u00e9phone.<\/p>\n<p>\u00c0 lire aussi : <a href=\"https:\/\/www.bougerabordeaux.com\/actu\/news\/les-marches-de-noel-2025-a-faire-pres-de-bordeaux\/\" target=\"_blank\" rel=\"noreferrer noopener\">Les march\u00e9s de No\u00ebl 2025 \u00e0 faire pr\u00e8s de Bordeaux<\/a><\/p>\n","protected":false},"excerpt":{"rendered":"Si tu cherches un endroit o\u00f9 tes cheveux boucl\u00e9s sont enfin compris et choy\u00e9s, note cette adresse :&hellip;\n","protected":false},"author":2,"featured_media":557409,"comment_status":"","ping_status":"","sticky":false,"template":"","format":"standard","meta":{"footnotes":""},"categories":[2817],"tags":[1111,11,1997,1777,674,1011,27,12,2219,25],"class_list":{"0":"post-557408","1":"post","2":"type-post","3":"status-publish","4":"format-standard","5":"has-post-thumbnail","7":"category-bordeaux","8":"tag-actu","9":"tag-actualites","10":"tag-bordeaux","11":"tag-eu","12":"tag-europe","13":"tag-fr","14":"tag-france","15":"tag-news","16":"tag-nouvelle-aquitaine","17":"tag-republique-francaise"},"share_on_mastodon":{"url":"https:\/\/pubeurope.com\/@fr\/115609873883722184","error":""},"_links":{"self":[{"href":"https:\/\/www.europesays.com\/fr\/wp-json\/wp\/v2\/posts\/557408","targetHints":{"allow":["GET"]}}],"collection":[{"href":"https:\/\/www.europesays.com\/fr\/wp-json\/wp\/v2\/posts"}],"about":[{"href":"https:\/\/www.europesays.com\/fr\/wp-json\/wp\/v2\/types\/post"}],"author":[{"embeddable":true,"href":"https:\/\/www.europesays.com\/fr\/wp-json\/wp\/v2\/users\/2"}],"replies":[{"embeddable":true,"href":"https:\/\/www.europesays.com\/fr\/wp-json\/wp\/v2\/comments?post=557408"}],"version-history":[{"count":0,"href":"https:\/\/www.europesays.com\/fr\/wp-json\/wp\/v2\/posts\/557408\/revisions"}],"wp:featuredmedia":[{"embeddable":true,"href":"https:\/\/www.europesays.com\/fr\/wp-json\/wp\/v2\/media\/557409"}],"wp:attachment":[{"href":"https:\/\/www.europesays.com\/fr\/wp-json\/wp\/v2\/media?parent=557408"}],"wp:term":[{"taxonomy":"category","embeddable":true,"href":"https:\/\/www.europesays.com\/fr\/wp-json\/wp\/v2\/categories?post=557408"},{"taxonomy":"post_tag","embeddable":true,"href":"https:\/\/www.europesays.com\/fr\/wp-json\/wp\/v2\/tags?post=557408"}],"curies":[{"name":"wp","href":"https:\/\/api.w.org\/{rel}","templated":true}]}}