{"id":557414,"date":"2025-11-25T10:32:11","date_gmt":"2025-11-25T10:32:11","guid":{"rendered":"https:\/\/www.europesays.com\/fr\/557414\/"},"modified":"2025-11-25T10:32:11","modified_gmt":"2025-11-25T10:32:11","slug":"eric-wattellier-designe-pour-arbitrer-la-rencontre-face-a-toulouse-au-velodrome","status":"publish","type":"post","link":"https:\/\/www.europesays.com\/fr\/557414\/","title":{"rendered":"Eric Wattellier d\u00e9sign\u00e9 pour arbitrer la rencontre face \u00e0 Toulouse au V\u00e9lodrome"},"content":{"rendered":"<p>Alors que l&rsquo;OM et les Marseillais ont <a href=\"https:\/\/www.laprovence.com\/article\/om\/95862708779325\/video-om-newcastle-sujet-tabou-en-angleterre-adule-a-marseille-greenwood-sous-tous-les-regards\" target=\"_blank\" rel=\"noopener\">les yeux riv\u00e9s sur la Ligue des champions<\/a> et le match contre Newcastle de ce soir (21h), la vie continue en Ligue 1, et le match face \u00e0 Toulouse samedi au V\u00e9lodrome se profile \u00e0 l&rsquo;horizon.<\/p>\n<p>Pour diriger cette rencontre, c&rsquo;est \u00c9ric Wattellier qui a \u00e9t\u00e9 d\u00e9sign\u00e9 par la LFP, une premi\u00e8re cette saison pour le club olympien qui esp\u00e8re <a href=\"https:\/\/www.laprovence.com\/article\/om\/1807901217256214\/nice-om-1-5-un-feu-dartifice-olympien-pour-reprendre-la-tete-de-la-ligue-1-et-preparer-au-mieux-newcastle\" target=\"_blank\" rel=\"noopener\">poursuivre sa belle s\u00e9rie en championnat<\/a> apr\u00e8s trois succ\u00e8s contre Auxerre (1-0), Brest (3-0) et Nice (5-1).<\/p>\n<p>\u00c2g\u00e9 de 38 ans et arbitre en Ligue 1 depuis 2018, le natif de Toulouges (dans les Pyr\u00e9n\u00e9es-Orientales) est un homme en noir qui r\u00e9ussit tr\u00e8s bien \u00e0 l&rsquo;OM : en quinze rencontres, les Marseillais l&rsquo;ont emport\u00e9 \u00e0 dix reprises lorsqu&rsquo;il \u00e9tait au sifflet, pour seulement deux matches nuls et trois d\u00e9faites. Cette saison il a d\u00e9j\u00e0 offici\u00e9 \u00e0 six reprises sur les pelouses de Ligue 1, mais il faut remonter \u00e0 mai dernier et <a href=\"https:\/\/www.laprovence.com\/article\/om\/6513543606839314\/om-eric-wattellier-sera-larbitre-du-match-decisif-a-lille\" target=\"_blank\" rel=\"noopener\">un nul (1-1) contre Lille<\/a> pour le retrouver dans un match des Ciel et Blanc.<\/p>\n<p>Eric Wattellier sera assist\u00e9 samedi soir d&rsquo;Aur\u00e9lien Berthomieu et Cedric Favre tandis que Mikael Lesage sera la quatri\u00e8me arbitre. Pour le moment un seul officiel a \u00e9t\u00e9 nomm\u00e9 \u00e0 la VAR, il s&rsquo;agit d\u2019Hamid Guenaoui.<\/p>\n","protected":false},"excerpt":{"rendered":"Alors que l&rsquo;OM et les Marseillais ont les yeux riv\u00e9s sur la Ligue des champions et le match&hellip;\n","protected":false},"author":2,"featured_media":557415,"comment_status":"","ping_status":"","sticky":false,"template":"","format":"standard","meta":{"footnotes":""},"categories":[2816],"tags":[17,1111,11,9809,9808,11792,1777,674,1011,27,12,2680,149,471,5486,25,2312,15639],"class_list":{"0":"post-557414","1":"post","2":"type-post","3":"status-publish","4":"format-standard","5":"has-post-thumbnail","7":"category-toulouse","8":"tag-17","9":"tag-actu","10":"tag-actualites","11":"tag-arbitrer","12":"tag-designe","13":"tag-eric","14":"tag-eu","15":"tag-europe","16":"tag-fr","17":"tag-france","18":"tag-news","19":"tag-occitanie","20":"tag-om","21":"tag-pour","22":"tag-rencontre","23":"tag-republique-francaise","24":"tag-toulouse","25":"tag-wattellier"},"share_on_mastodon":{"url":"https:\/\/pubeurope.com\/@fr\/115609884845166422","error":""},"_links":{"self":[{"href":"https:\/\/www.europesays.com\/fr\/wp-json\/wp\/v2\/posts\/557414","targetHints":{"allow":["GET"]}}],"collection":[{"href":"https:\/\/www.europesays.com\/fr\/wp-json\/wp\/v2\/posts"}],"about":[{"href":"https:\/\/www.europesays.com\/fr\/wp-json\/wp\/v2\/types\/post"}],"author":[{"embeddable":true,"href":"https:\/\/www.europesays.com\/fr\/wp-json\/wp\/v2\/users\/2"}],"replies":[{"embeddable":true,"href":"https:\/\/www.europesays.com\/fr\/wp-json\/wp\/v2\/comments?post=557414"}],"version-history":[{"count":0,"href":"https:\/\/www.europesays.com\/fr\/wp-json\/wp\/v2\/posts\/557414\/revisions"}],"wp:featuredmedia":[{"embeddable":true,"href":"https:\/\/www.europesays.com\/fr\/wp-json\/wp\/v2\/media\/557415"}],"wp:attachment":[{"href":"https:\/\/www.europesays.com\/fr\/wp-json\/wp\/v2\/media?parent=557414"}],"wp:term":[{"taxonomy":"category","embeddable":true,"href":"https:\/\/www.europesays.com\/fr\/wp-json\/wp\/v2\/categories?post=557414"},{"taxonomy":"post_tag","embeddable":true,"href":"https:\/\/www.europesays.com\/fr\/wp-json\/wp\/v2\/tags?post=557414"}],"curies":[{"name":"wp","href":"https:\/\/api.w.org\/{rel}","templated":true}]}}